{"id":3465,"date":"2023-10-18T18:00:13","date_gmt":"2023-10-18T17:00:13","guid":{"rendered":"https:\/\/phoenix-ngo.sk\/?p=3465"},"modified":"2023-12-20T23:22:05","modified_gmt":"2023-12-20T22:22:05","slug":"kezdetben-volt-a-kert-2-resz","status":"publish","type":"post","link":"https:\/\/phoenix-ngo.sk\/magazin\/blog\/2023\/10\/18\/kezdetben-volt-a-kert-2-resz\/","title":{"rendered":"\u201eKezdetben volt a kert\u201d [2. r\u00e9sz]"},"content":{"rendered":"<p><b><span data-contrast=\"none\">T\u0171 \u00e9s toll<\/span><\/b><span data-ccp-props=\"{&quot;201341983&quot;:0,&quot;335551550&quot;:6,&quot;335551620&quot;:6,&quot;335559739&quot;:225,&quot;335559740&quot;:276}\">\u00a0<\/span><\/p>\n<p><span data-contrast=\"none\">Reg\u00e9ny\u00e9ben, k\u00f6lt\u00e9szet\u00e9ben, h\u00edmz\u00e9sein, textiltervein, k\u00e9pein \u2013 irodalmi \u00e9s k\u00e9pz\u0151m\u0171v\u00e9szeti alkot\u00e1saiban jelenik meg a \u201ekert\u201d, az \u0151t k\u00f6r\u00fclvev\u0151 term\u00e9szet, a k\u00f6rtv\u00e9lyesi t\u00e1j.<\/span><span data-ccp-props=\"{&quot;201341983&quot;:0,&quot;335551550&quot;:6,&quot;335551620&quot;:6,&quot;335559739&quot;:225,&quot;335559740&quot;:276}\">\u00a0<\/span><\/p>\n<p><span data-contrast=\"none\">A kert ugyanakkor az elveszett \u00c9denkertet, a gyermekkor ut\u00e1ni v\u00e1gy\u00f3d\u00e1st, annak \u00fajrateremt\u00e9s\u00e9t is jelenti. A szerelem, a n\u0151i szexualit\u00e1s, a term\u00e9kenys\u00e9g metafor\u00e1ja, amely eg\u00e9sz \u00e9letm\u0171v\u00e9t \u00e1thatja.<\/span><span data-ccp-props=\"{&quot;201341983&quot;:0,&quot;335551550&quot;:6,&quot;335551620&quot;:6,&quot;335559739&quot;:225,&quot;335559740&quot;:276}\">\u00a0<\/span><\/p>\n<p><span data-contrast=\"none\">M\u0171v\u00e9szet\u00e9nek kutat\u00f3i, a m\u00e1r fentebb eml\u00edtett Menyh\u00e9rt Anna \u00e9s Zsad\u00e1nyi Edit feminista angolsz\u00e1sz elm\u00e9letek alapj\u00e1n a n\u0151i \u00edr\u00e1s \u00e9s a k\u00e9zimunka, a n\u0151i h\u00edmz\u00e9s, textilm\u0171v\u00e9szet \u00f6sszef\u00fcgg\u00e9seit vizsg\u00e1lt\u00e1k.<\/span><span data-ccp-props=\"{&quot;201341983&quot;:0,&quot;335551550&quot;:6,&quot;335551620&quot;:6,&quot;335559739&quot;:225,&quot;335559740&quot;:276}\">\u00a0<\/span><\/p>\n<p><span data-contrast=\"none\">A n\u0151k \u00edr\u00e1sm\u00f3dj\u00e1ra jellemz\u0151 fragment\u00e1lts\u00e1got, t\u00f6redezetts\u00e9get az irodalomkritika laza, nem megfelel\u0151 szerkezetk\u00e9nt, a megszerkesztetts\u00e9g hi\u00e1nyak\u00e9nt \u00e9rtelmezi, \u00e9s ezt a n\u0151i szerz\u0151knek hi\u00e1nyoss\u00e1gk\u00e9nt r\u00f3ja fel. Ez a kritika felmer\u00fcl Lesznai nagyreg\u00e9ny\u00e9vel szemben is. Ha azonban a n\u0151i k\u00e9zimunka technik\u00e1it n\u00e9zz\u00fck, Menyh\u00e9rt Anna szerint \u00e9ppen hogy a szerz\u0151 \u201e\u2026\u00faj\u00edt\u00e1sai k\u00f6z\u00e9 tartozik az a h\u00edmz\u00e9si technik\u00e1t id\u00e9z\u0151 szerkeszt\u00e9si m\u00f3d, amelynek k\u00f6sz\u00f6nhet\u0151en a sorsok \u00e9s \u00e9letutak egym\u00e1st \u00e9rintkez\u00e9si pontokon kereszt\u00fcl befoly\u00e1solva rajzolnak ki egy t\u00f6rt\u00e9nelmi vet\u00fcletben is \u00e9rtelmezhet\u0151 nagyobb narrat\u00edv\u00e1t, mintha a m\u00e1r l\u00e9tez\u0151 sz\u00e1lak mell\u00e9 mindig odaker\u00fclne egy \u00fajabb sz\u00edn\u0171 \u00f6lt\u00e9s is, amely az els\u0151t kiss\u00e9 elt\u00e9r\u00edti, vagy egy ideig egy\u00fctt haladnak. A sz\u00f6veg minden sorsot gonddal v\u00e9gigk\u00eds\u00e9r, a sz\u00e1lakat nem ejti el, hanem vagy f\u00e9lreteszi, vagy eldolgozza \u2013 mint ahogy a sz\u00e1lat elejteni a k\u00e9zimunk\u00e1ban sem szabad, hiszen ez a hiba az eg\u00e9sz leboml\u00e1s\u00e1t okozn\u00e1.\u201d<\/span><span data-ccp-props=\"{&quot;201341983&quot;:0,&quot;335551550&quot;:6,&quot;335551620&quot;:6,&quot;335559739&quot;:225,&quot;335559740&quot;:276}\">\u00a0<\/span><\/p>\n<p><span data-contrast=\"none\">Zsad\u00e1nyi Edit a t\u0171 \u00e9s a toll, a h\u00edmz\u00e9s, mint n\u0151i tev\u00e9kenys\u00e9g \u00e9s az \u00edr\u00e1s, mint a f\u00e9rfiak kiv\u00e1lts\u00e1ga szembe\u00e1ll\u00edt\u00e1s\u00e1r\u00f3l \u00edr. V\u00e9lem\u00e9nye szerint Lesznai versei \u00e9s h\u00edmz\u00e9sei egym\u00e1ssal szoros kapcsolatban \u00e1llnak, megval\u00f3s\u00edtj\u00e1k a t\u0171 \u00e9s a toll \u00f6sszetartoz\u00e1s\u00e1t, mi\u00e1ltal kialak\u00edtanak egy saj\u00e1t nyelvet. A h\u00edmz\u00e9s \u00e9s az \u00edr\u00e1s egy\u00fcttes tev\u00e9kenys\u00e9g\u00e9ben j\u00f6n l\u00e9tre a n\u0151i \u00edr\u00e1s.<\/span><span data-ccp-props=\"{&quot;201341983&quot;:0,&quot;335551550&quot;:6,&quot;335551620&quot;:6,&quot;335559739&quot;:225,&quot;335559740&quot;:276}\">\u00a0<\/span><\/p>\n<p><span data-contrast=\"none\">Lesznai egy \u00faj n\u0151i nyelvet teremt meg alkot\u00e1saiban.<\/span><span data-ccp-props=\"{&quot;201341983&quot;:0,&quot;335551550&quot;:6,&quot;335551620&quot;:6,&quot;335559739&quot;:225,&quot;335559740&quot;:276}\">\u00a0<\/span><\/p>\n<p><img fetchpriority=\"high\" decoding=\"async\" class=\"aligncenter wp-image-3468 size-full\" src=\"https:\/\/phoenix-ngo.sk\/magazin\/wp-content\/uploads\/2023\/10\/2023_08_12___2.jpg\" alt=\"\" width=\"799\" height=\"924\" srcset=\"https:\/\/phoenix-ngo.sk\/magazin\/wp-content\/uploads\/2023\/10\/2023_08_12___2.jpg 799w, https:\/\/phoenix-ngo.sk\/magazin\/wp-content\/uploads\/2023\/10\/2023_08_12___2-259x300.jpg 259w, https:\/\/phoenix-ngo.sk\/magazin\/wp-content\/uploads\/2023\/10\/2023_08_12___2-768x888.jpg 768w, https:\/\/phoenix-ngo.sk\/magazin\/wp-content\/uploads\/2023\/10\/2023_08_12___2-285x330.jpg 285w, https:\/\/phoenix-ngo.sk\/magazin\/wp-content\/uploads\/2023\/10\/2023_08_12___2-156x180.jpg 156w\" sizes=\"(max-width: 799px) 100vw, 799px\" \/><\/p>\n<p><b><span data-contrast=\"none\">Ulica Kerta<\/span><\/b><span data-ccp-props=\"{&quot;201341983&quot;:0,&quot;335551550&quot;:6,&quot;335551620&quot;:6,&quot;335559739&quot;:225,&quot;335559740&quot;:276}\">\u00a0<\/span><\/p>\n<p><span data-contrast=\"none\">A k\u00f6rtv\u00e9lyesi m\u00fazeum t\u00f6rt\u00e9nete azzal kezd\u0151d\u00f6tt, hogy a faluban \u00e9lt egy kisfi\u00fa, aki gyermekkor\u00e1ban sz\u00fcleit\u0151l rengeteg \u00e9rdekes t\u00f6rt\u00e9netet hallott a kast\u00e9ly lak\u00f3ir\u00f3l, k\u00fcl\u00f6n\u00f6sen Lesznai Ann\u00e1r\u00f3l, akit mindenki szeretett a k\u00f6rny\u00e9ken.<\/span><span data-ccp-props=\"{&quot;201341983&quot;:0,&quot;335551550&quot;:6,&quot;335551620&quot;:6,&quot;335559739&quot;:225,&quot;335559740&quot;:276}\">\u00a0<\/span><\/p>\n<p><span data-contrast=\"none\">A kisfi\u00fa sok \u00e9vvel k\u00e9s\u0151bb Pr\u00e1g\u00e1ban m\u0171v\u00e9szett\u00f6rt\u00e9netet tanult, majd doktor\u00e1lt, v\u00e9g\u00fcl visszat\u00e9rt sz\u00fcl\u0151faluj\u00e1ba, \u00e9s amikor ott a helyi alapiskola igazgat\u00f3ja lett, \u00fagy \u00e9rezte, elj\u00f6tt az ideje, hogy valamit tegyen a kast\u00e9ly \u00e9s lak\u00f3i \u00e9rt\u00e9keinek megment\u00e9s\u00e9\u00e9rt.<\/span><span data-ccp-props=\"{&quot;201341983&quot;:0,&quot;335551550&quot;:6,&quot;335551620&quot;:6,&quot;335559739&quot;:225,&quot;335559740&quot;:276}\">\u00a0<\/span><\/p>\n<p><span data-contrast=\"none\">Egy felh\u00edv\u00e1st tett k\u00f6zz\u00e9 a faluban, hogy minden t\u00e1rgyat felv\u00e1s\u00e1rol, amit a falubeliek a kast\u00e9lyb\u00f3l elvittek. A h\u00e1bor\u00fa ut\u00e1n ugyanis, mint ahogy az m\u00e1sutt is t\u00f6rt\u00e9nt, a gazd\u00e1tlan kast\u00e9lyb\u00f3l gyorsan elt\u0171nt minden, ami mozd\u00edthat\u00f3 volt.<\/span><span data-ccp-props=\"{&quot;201341983&quot;:0,&quot;335551550&quot;:6,&quot;335551620&quot;:6,&quot;335559739&quot;:225,&quot;335559740&quot;:276}\">\u00a0<\/span><\/p>\n<p><span data-contrast=\"none\">A felh\u00edv\u00e1st k\u00f6vet\u0151en azonban sz\u00e9p sz\u00e1mban ker\u00fcltek el\u0151 b\u00fatorok, d\u00edszt\u00e1rgyak, ed\u00e9nyek, festm\u00e9nyek, szem\u00e9lyes dokumentumok, f\u00e9nyk\u00e9pek \u00e9s egyebek, amelyekb\u0151l m\u00e1r elkezdhetett \u00e9p\u00edtkezni a m\u00fazeum. A tulajdonos, Jaroslav Kraj\u0148\u00e1k, aki egy\u00e9bk\u00e9nt Darte Kft. n\u00e9ven aukci\u00f3s t\u00e1rsas\u00e1got is alap\u00edtott, 2016. szeptember 28-\u00e1n \u00fcnnep\u00e9lyesen megnyitotta a Lesznai Anna mag\u00e1nm\u00fazeumot.<\/span><span data-ccp-props=\"{&quot;201341983&quot;:0,&quot;335551550&quot;:6,&quot;335551620&quot;:6,&quot;335559739&quot;:225,&quot;335559740&quot;:276}\">\u00a0<\/span><\/p>\n<p><span data-contrast=\"none\">A k\u00f6vetkez\u0151 \u00e9v febru\u00e1rj\u00e1ban pedig Lesznai Anna eml\u00e9knapokat rendezett, a hatvani Hatvany Lajos m\u00fazeummal k\u00f6z\u00f6sen, amely Lesznai m\u0171veinek nagy r\u00e9sz\u00e9t \u0151rzi.<\/span><span data-ccp-props=\"{&quot;201341983&quot;:0,&quot;335551550&quot;:6,&quot;335551620&quot;:6,&quot;335559739&quot;:225,&quot;335559740&quot;:276}\">\u00a0<\/span><\/p>\n<p><span data-contrast=\"none\">Jaroslav Kraj\u0148\u00e1k k\u00f6nyvet is \u00edrt Lesznair\u00f3l <\/span><i><span data-contrast=\"none\">Anna Lesznai a jej Ni\u017en\u00fd Hru\u0161ov<\/span><\/i><span data-contrast=\"none\"> (Lesznai Anna \u00e9s az \u0151 Als\u00f3k\u00f6rtv\u00e9lyese) c\u00edmen, amit m\u00e1r sajnos sz\u00e9tkapkodtak az \u00e9rdekl\u0151d\u0151k, r\u00e9szben az\u00e9rt is, mert ingyenes kiadv\u00e1ny volt, \u00edgy ezt nem olvashattam el, de a m\u00fazeum gy\u0171jtem\u00e9nye \u00f6nmag\u00e1\u00e9rt besz\u00e9l.<\/span><span data-ccp-props=\"{&quot;201341983&quot;:0,&quot;335551550&quot;:6,&quot;335551620&quot;:6,&quot;335559739&quot;:225,&quot;335559740&quot;:276}\">\u00a0<\/span><\/p>\n<p><span data-contrast=\"none\">Megtal\u00e1lhat\u00f3k itt Lesznai Anna festm\u00e9nyei, n\u00e9h\u00e1ny rajza, h\u00edmz\u00e9stervei, az \u00e1ltala f\u00e9nyk\u00e9pezett csal\u00e1di fot\u00f3k, a csal\u00e1d szem\u00e9lyes t\u00e1rgyai, a manufakt\u00far\u00e1ban k\u00e9sz\u00fclt ker\u00e1mi\u00e1k k\u00f6z\u00fcl n\u00e9h\u00e1ny, Medny\u00e1nszky L\u00e1szl\u00f3 festm\u00e9nyei. K\u00fcl\u00f6nleges \u00e9rt\u00e9k a l\u00e1togat\u00f3 sz\u00e1m\u00e1ra Jozef Teodor Mousson: <\/span><i><span data-contrast=\"none\">Anna Lesznai v plen\u00e9ri<\/span><\/i><span data-contrast=\"none\"> (Lesznai Anna a szabadban) c\u00edm\u0171 k\u00e9pe is.<\/span><span data-ccp-props=\"{&quot;201341983&quot;:0,&quot;335551550&quot;:6,&quot;335551620&quot;:6,&quot;335559739&quot;:225,&quot;335559740&quot;:276}\">\u00a0<\/span><\/p>\n<p><span data-contrast=\"none\">A kast\u00e9ly egy ideig \u00f3vodak\u00e9nt m\u0171k\u00f6d\u00f6tt, de id\u0151k\u00f6zben a Lesznai-k\u00e9peken l\u00e1that\u00f3 teraszra vezet\u0151 l\u00e9pcs\u0151ket szinte elt\u00fcntett\u00e9k, k\u00f6zvetlen\u00fcl el\u00e9 \u00e9p\u00edtettek egy \u201emodern\u201d \u00e9p\u00fcletet, aki ma a k\u00f6zs\u00e9gi hivatal \u00e9s a kult\u00farh\u00e1z szerep\u00e9t is bet\u00f6lti, a m\u00f6g\u00f6tte volt \u00f3ri\u00e1si kertb\u0151l alig maradt valami, h\u00e1zakat \u00e9p\u00edtettek a telekre. A kast\u00e9ly \u00e9p\u00fclete p\u00e1r \u00e9ve le\u00e9gett, azt\u00e1n be\u00e1zott, ott j\u00e1rtunkkor \u00e9ppen a m\u0171eml\u00e9kv\u00e9delmi hivatal m\u00e9rte fel a k\u00e1rokat, mert a falunak v\u00e9gre siker\u00fclt egy projekten bel\u00fcl p\u00e9nzt szereznie legal\u00e1bb erre, \u00e9s hogy \u00faj tet\u0151t kapjon az \u00e9p\u00fclet, \u00e9s \u00edgy megv\u00e9dhess\u00e9k a tov\u00e1bbi k\u00e1rokt\u00f3l.<\/span><span data-ccp-props=\"{&quot;335551550&quot;:6,&quot;335551620&quot;:6}\">\u00a0<\/span><\/p>\n<p><span data-ccp-props=\"{&quot;335551550&quot;:6,&quot;335551620&quot;:6}\"> <img decoding=\"async\" class=\"aligncenter wp-image-3467 size-large\" src=\"https:\/\/phoenix-ngo.sk\/magazin\/wp-content\/uploads\/2023\/10\/2023_08_12___3-984x1024.png\" alt=\"\" width=\"800\" height=\"833\" srcset=\"https:\/\/phoenix-ngo.sk\/magazin\/wp-content\/uploads\/2023\/10\/2023_08_12___3-984x1024.png 984w, https:\/\/phoenix-ngo.sk\/magazin\/wp-content\/uploads\/2023\/10\/2023_08_12___3-288x300.png 288w, https:\/\/phoenix-ngo.sk\/magazin\/wp-content\/uploads\/2023\/10\/2023_08_12___3-768x799.png 768w, https:\/\/phoenix-ngo.sk\/magazin\/wp-content\/uploads\/2023\/10\/2023_08_12___3-317x330.png 317w, https:\/\/phoenix-ngo.sk\/magazin\/wp-content\/uploads\/2023\/10\/2023_08_12___3-173x180.png 173w, https:\/\/phoenix-ngo.sk\/magazin\/wp-content\/uploads\/2023\/10\/2023_08_12___3.png 1093w\" sizes=\"(max-width: 800px) 100vw, 800px\" \/><\/span><\/p>\n<p><span data-contrast=\"none\">A m\u0171v\u00e9szetet \u00e9rt\u0151 \u00e9s v\u00e9d\u0151 m\u00fazeumtulajdonos tov\u00e1bb folytatja Lesznai \u00f6r\u00f6ks\u00e9g\u00e9nek \u00e1pol\u00e1s\u00e1t. A k\u00f6rny\u00e9kre jellemz\u0151 kerekes kutak k\u00f6z\u00fcl, amelyek a falu nyilv\u00e1nos terein \u00e1llnak, n\u00e9h\u00e1nyat fel\u00faj\u00edttat, \u00e9s Lesznai-kutaknak nevezi el \u0151ket, szecesszi\u00f3s mint\u00e1kkal d\u00edsz\u00edti, \u00e9s Lesznai-id\u00e9zetekkel l\u00e1tja el. Egy k\u00fat m\u00e1r k\u00e9szen van.<\/span><span data-ccp-props=\"{&quot;201341983&quot;:0,&quot;335551550&quot;:6,&quot;335551620&quot;:6,&quot;335559739&quot;:140,&quot;335559740&quot;:276}\">\u00a0<\/span><\/p>\n<p><span data-contrast=\"none\">A faluban k\u00e9t utca is \u0151rzi a m\u0171v\u00e9sz eml\u00e9k\u00e9t, a Lesznai Anna utca \u00e9s a Kerta utca. Ez ut\u00f3bbi el\u0151bb megmosolyogtatja az embert, majd elgondolkodtatja, hogy val\u00f3ban milyen \u00e9s mennyi jelent\u00e9se volt Lesznai \u00e9let\u00e9ben \u00e9s a falu \u00e9let\u00e9ben is a kertnek, amelyet a k\u00f6rny\u00e9kbeliek Kert\u00e1nak neveztek, a szlov\u00e1k nyelvhez igaz\u00edtva a sz\u00f3v\u00e9gz\u0151d\u00e9st, mik\u00f6zben tudt\u00e1k, hogy z\u00e1hrad\u00e1nak (szlov\u00e1kul kert) is nevezhetn\u00e9k. A m\u00fazeummal \u00e9s t\u00f6rt\u00e9net\u00e9vel kapcsolatos anyagokban is szerepel ez a sz\u00f3, Lesznai kertj\u00e9nek neve, tulajdonn\u00e9v lett bel\u0151le.<\/span><span data-ccp-props=\"{&quot;201341983&quot;:0,&quot;335551550&quot;:6,&quot;335551620&quot;:6,&quot;335559739&quot;:225,&quot;335559740&quot;:276}\">\u00a0<\/span><\/p>\n<p><span data-contrast=\"none\">Amikor Menyh\u00e9rt Anna 2013-ban lelkes kutat\u00f3k\u00e9nt azokat a helysz\u00edneket is v\u00e9gigl\u00e1togatta, ahol kedvenc szerz\u0151i \u00e9ltek, szomor\u00faan kellett konstat\u00e1lnia, hogy semmi sem maradt a faluban Lesznai ut\u00e1n. A munka azonban m\u00e1r akkor is folyt, \u00e9s a falu a m\u00fazeum megnyit\u00e1sa \u00f3ta b\u00fcszk\u00e9n v\u00e1llalja fel a nemzetk\u00f6zi h\u00edr\u0171 k\u00e9pz\u0151m\u0171v\u00e9sz \u00e9s \u00edr\u00f3 hagyat\u00e9k\u00e1t.<\/span><span data-ccp-props=\"{&quot;201341983&quot;:0,&quot;335551550&quot;:6,&quot;335551620&quot;:6,&quot;335559739&quot;:225,&quot;335559740&quot;:276}\">\u00a0<\/span><\/p>\n<p><span data-contrast=\"none\">Mag\u00e1\u00e9nak vallja Lesznai Ann\u00e1t, \u00e9s ez k\u00f6sz\u00f6nhet\u0151 a m\u0171v\u00e9szett\u00f6rt\u00e9n\u00e9sz v\u00e1llalkoz\u00f3nak, \u00e9s rajta kereszt\u00fcl annak a szellemis\u00e9gnek \u00e9s emberi j\u00f3s\u00e1gnak \u00e9s tart\u00e1snak, amit a csal\u00e1d, \u00e9s k\u00fcl\u00f6n\u00f6sen maga Lesznai Anna hagyom\u00e1nyozott a falu lakosaira.<\/span><span data-ccp-props=\"{&quot;201341983&quot;:0,&quot;335551550&quot;:6,&quot;335551620&quot;:6,&quot;335559739&quot;:225,&quot;335559740&quot;:276}\">\u00a0<\/span><\/p>\n","protected":false},"excerpt":{"rendered":"<p>T\u0171 \u00e9s toll\u00a0 Reg\u00e9ny\u00e9ben, k\u00f6lt\u00e9szet\u00e9ben, h\u00edmz\u00e9sein, textiltervein, k\u00e9pein \u2013 irodalmi \u00e9s k\u00e9pz\u0151m\u0171v\u00e9szeti alkot\u00e1saiban jelenik meg a \u201ekert\u201d, az \u0151t k\u00f6r\u00fclvev\u0151 term\u00e9szet, a k\u00f6rtv\u00e9lyesi t\u00e1j.\u00a0 A kert ugyanakkor az elveszett \u00c9denkertet, a gyermekkor ut\u00e1ni v\u00e1gy\u00f3d\u00e1st, annak \u00fajrateremt\u00e9s\u00e9t is jelenti. A szerelem, a n\u0151i szexualit\u00e1s, a term\u00e9kenys\u00e9g metafor\u00e1ja, amely eg\u00e9sz \u00e9letm\u0171v\u00e9t \u00e1thatja.\u00a0 M\u0171v\u00e9szet\u00e9nek kutat\u00f3i, a m\u00e1r fentebb [&hellip;]<\/p>\n","protected":false},"author":3,"featured_media":3466,"comment_status":"closed","ping_status":"closed","sticky":false,"template":"","format":"standard","meta":{"footnotes":""},"categories":[43],"tags":[46,49],"class_list":["post-3465","post","type-post","status-publish","format-standard","has-post-thumbnail","hentry","category-irodalom","tag-irodalom","tag-kutatas"],"_links":{"self":[{"href":"https:\/\/phoenix-ngo.sk\/magazin\/wp-json\/wp\/v2\/posts\/3465","targetHints":{"allow":["GET"]}}],"collection":[{"href":"https:\/\/phoenix-ngo.sk\/magazin\/wp-json\/wp\/v2\/posts"}],"about":[{"href":"https:\/\/phoenix-ngo.sk\/magazin\/wp-json\/wp\/v2\/types\/post"}],"author":[{"embeddable":true,"href":"https:\/\/phoenix-ngo.sk\/magazin\/wp-json\/wp\/v2\/users\/3"}],"replies":[{"embeddable":true,"href":"https:\/\/phoenix-ngo.sk\/magazin\/wp-json\/wp\/v2\/comments?post=3465"}],"version-history":[{"count":1,"href":"https:\/\/phoenix-ngo.sk\/magazin\/wp-json\/wp\/v2\/posts\/3465\/revisions"}],"predecessor-version":[{"id":3469,"href":"https:\/\/phoenix-ngo.sk\/magazin\/wp-json\/wp\/v2\/posts\/3465\/revisions\/3469"}],"wp:featuredmedia":[{"embeddable":true,"href":"https:\/\/phoenix-ngo.sk\/magazin\/wp-json\/wp\/v2\/media\/3466"}],"wp:attachment":[{"href":"https:\/\/phoenix-ngo.sk\/magazin\/wp-json\/wp\/v2\/media?parent=3465"}],"wp:term":[{"taxonomy":"category","embeddable":true,"href":"https:\/\/phoenix-ngo.sk\/magazin\/wp-json\/wp\/v2\/categories?post=3465"},{"taxonomy":"post_tag","embeddable":true,"href":"https:\/\/phoenix-ngo.sk\/magazin\/wp-json\/wp\/v2\/tags?post=3465"}],"curies":[{"name":"wp","href":"https:\/\/api.w.org\/{rel}","templated":true}]}}