{"id":3520,"date":"2023-09-02T11:58:37","date_gmt":"2023-09-02T10:58:37","guid":{"rendered":"https:\/\/phoenix-ngo.sk\/?p=3520"},"modified":"2023-12-20T23:25:38","modified_gmt":"2023-12-20T22:25:38","slug":"nopolitika-es-noi-szerep","status":"publish","type":"post","link":"https:\/\/phoenix-ngo.sk\/magazin\/blog\/2023\/09\/02\/nopolitika-es-noi-szerep\/","title":{"rendered":"N\u0151politika \u00e9s n\u0151i szerep"},"content":{"rendered":"<p><span data-contrast=\"none\">Ha a nemi szerepek aspektusa a t\u00e1rsadalmi viszonyok elemz\u00e9s\u00e9nek alapj\u00e1v\u00e1 v\u00e1lik, \u00e9s ha a n\u0151politik\u00e1t kieg\u00e9sz\u00edti \u00e9s t\u00e1mogatja a nemi szerepek politik\u00e1ja, a r\u00e9gi sztereot\u00edpi\u00e1k megsz\u0171nnek, \u00e9s hely\u00fckbe \u00faj \u00e9rtelmez\u00e9sek l\u00e9pnek.<\/span><span data-ccp-props=\"{&quot;201341983&quot;:0,&quot;335551550&quot;:6,&quot;335551620&quot;:6,&quot;335559739&quot;:225,&quot;335559740&quot;:276}\">\u00a0<\/span><\/p>\n<p><span data-contrast=\"none\">Az al\u00e1bbiakban n\u00e9h\u00e1ny tipikus p\u00e9ld\u00e1j\u00e1t soroljuk fel az el\u0151\u00edt\u00e9leteknek, amelyekkel gyakran b\u00edr\u00e1lj\u00e1k a n\u0151politik\u00e1t, s k\u00f6z\u00f6lj\u00fck egy\u00fattal ezek c\u00e1folat\u00e1t is.<\/span><span data-ccp-props=\"{&quot;201341983&quot;:0,&quot;335551550&quot;:6,&quot;335551620&quot;:6,&quot;335559739&quot;:225,&quot;335559740&quot;:276}\">\u00a0<\/span><\/p>\n<p><span data-contrast=\"none\">A n\u0151politika ir\u00e1nti el\u0151\u00edt\u00e9let:<\/span><span data-contrast=\"none\">\u202fA n\u0151k t\u00fal \u00e9rz\u00e9kenyek, ha b\u00edr\u00e1lj\u00e1k az uralkod\u00f3 \u00e9rt\u00e9keket \u00e9s norm\u00e1kat.<\/span><span data-ccp-props=\"{&quot;201341983&quot;:0,&quot;335551550&quot;:6,&quot;335551620&quot;:6,&quot;335559739&quot;:225,&quot;335559740&quot;:276}\">\u00a0<\/span><\/p>\n<p><span data-contrast=\"none\">A nemi szerepek szempontja:<\/span><span data-contrast=\"none\">\u202fA l\u00e9tez\u0151 \u00e9rt\u00e9keket \u00e9s norm\u00e1kat \u00e1t kell \u00e9rt\u00e9keln\u00fcnk \u00e9s megv\u00e1ltoztatni nemi szerepek szerinti specifikus szempontokra.<\/span><span data-ccp-props=\"{&quot;201341983&quot;:0,&quot;335551550&quot;:6,&quot;335551620&quot;:6,&quot;335559739&quot;:225,&quot;335559740&quot;:276}\">\u00a0<\/span><\/p>\n<p><span data-contrast=\"none\">A n\u0151politika ir\u00e1nti el\u0151\u00edt\u00e9let:<\/span><span data-contrast=\"none\">\u202fA n\u0151knek specifikusak a probl\u00e9m\u00e1i.<\/span><span data-ccp-props=\"{&quot;201341983&quot;:0,&quot;335551550&quot;:6,&quot;335551620&quot;:6,&quot;335559739&quot;:225,&quot;335559740&quot;:276}\">\u00a0<\/span><\/p>\n<p><span data-contrast=\"none\">A nemi szerepek szempontja:<\/span><span data-contrast=\"none\">\u202fAzon felt\u00e9telek k\u00f6vetkezt\u00e9ben, amelyeket a t\u00e1rsadalom kialak\u00edtott, a n\u0151k probl\u00e9mahelyzetekben tal\u00e1lj\u00e1k magukat. Ezek\u00e9rt a felt\u00e9telek\u00e9rt nem a n\u0151k a felel\u0151sek.<\/span><span data-ccp-props=\"{&quot;201341983&quot;:0,&quot;335551550&quot;:6,&quot;335551620&quot;:6,&quot;335559739&quot;:225,&quot;335559740&quot;:276}\">\u00a0<\/span><\/p>\n<p><span data-contrast=\"none\">A n\u0151politika ir\u00e1nti el\u0151\u00edt\u00e9let:<\/span><span data-contrast=\"none\">\u202fA n\u0151knek nem\u00fck miatt specifikusak az \u00e9rdekeik.<\/span><span data-ccp-props=\"{&quot;201341983&quot;:0,&quot;335551550&quot;:6,&quot;335551620&quot;:6,&quot;335559739&quot;:225,&quot;335559740&quot;:276}\">\u00a0<\/span><\/p>\n<p><span data-contrast=\"none\">A nemi szerepek szempontja:<\/span><span data-contrast=\"none\">\u202fA n\u0151k specifikus \u00e9rdekei \u00e9letfelt\u00e9teleik k\u00f6vetkezm\u00e9nyei (pl. a kisgyermekekkel val\u00f3 egy\u00fctt\u00e9l\u00e9s), melyeket a t\u00e1rsadalmi nemi szerep alapj\u00e1n nekik \u00edt\u00e9lnek. A f\u00e9rfiak ugyanilyen \u00e9rdekeket k\u00e9pviseln\u00e9nek, ha a n\u0151k helyzet\u00e9ben lenn\u00e9nek.<\/span><span data-ccp-props=\"{&quot;201341983&quot;:0,&quot;335551550&quot;:6,&quot;335551620&quot;:6,&quot;335559739&quot;:225,&quot;335559740&quot;:276}\">\u00a0<\/span><\/p>\n<p><span data-contrast=\"none\">A n\u0151politika ir\u00e1nti el\u0151\u00edt\u00e9let:<\/span><span data-contrast=\"none\">\u202fA n\u0151knek hi\u00e1nyoss\u00e1gaik vannak, melyeket ki kell k\u00fcsz\u00f6b\u00f6lni\u00fck.<\/span><span data-ccp-props=\"{&quot;201341983&quot;:0,&quot;335551550&quot;:6,&quot;335551620&quot;:6,&quot;335559739&quot;:225,&quot;335559740&quot;:276}\">\u00a0<\/span><\/p>\n<p><span data-contrast=\"none\">A nemi szerepek szempontja:<\/span><span data-contrast=\"none\">\u202fA n\u0151knek vannak er\u0151s oldalaik, amelyek a f\u00e9rfiaknak nincsenek. Ezeket az er\u0151s oldalakat el kell ismerni \u00e9s felt\u00e9teleket kialak\u00edtani \u00e9rv\u00e9nyes\u00edt\u00e9s\u00fckre. A hi\u00e1nyoss\u00e1gok nem a nem\u00fckb\u0151l, hanem a t\u00e1rsadalmilag defini\u00e1lt nemi szerep\u00fckb\u0151l erednek, ami a n\u0151kre \u00e9s a f\u00e9rfiakra egyar\u00e1nt \u00e9rv\u00e9nyes.<\/span><span data-ccp-props=\"{&quot;201341983&quot;:0,&quot;335551550&quot;:6,&quot;335551620&quot;:6,&quot;335559739&quot;:225,&quot;335559740&quot;:276}\">\u00a0<\/span><\/p>\n<p><span data-contrast=\"none\">A n\u0151politika ir\u00e1nti el\u0151\u00edt\u00e9let:<\/span><span data-contrast=\"none\">\u202fA n\u0151k a d\u00f6nt\u00e9si mechanizmusok folyamat\u00e1ban a seg\u00edts\u00e9get k\u00e9r\u0151k szerep\u00e9ben vannak, \u00edgy seg\u00edts\u00e9get pr\u00f3b\u00e1lnak k\u00e9rni koncepci\u00f3ikhoz.<\/span><span data-ccp-props=\"{&quot;201341983&quot;:0,&quot;335551550&quot;:6,&quot;335551620&quot;:6,&quot;335559739&quot;:225,&quot;335559740&quot;:276}\">\u00a0<\/span><\/p>\n<p><span data-contrast=\"none\">A nemi szerepek szempontja:<\/span><span data-contrast=\"none\">\u202fA d\u00f6nt\u00e9si folyamatokban k\u00f6telez\u0151en \u00e9rv\u00e9nyes\u00edteni kell a nemi szerepek szempontj\u00e1t. A n\u0151k r\u00e9szt vesznek a d\u00f6nt\u00e9shoz\u00e1sban, mint szak\u00e9rt\u0151k, a n\u0151k \u00e9lethelyzeteinek is szak\u00e9rt\u0151i. K\u00fcl\u00f6n\u00f6sen fontosak a n\u0151k kezdem\u00e9nyez\u00e9sei, mert hozz\u00e1j\u00e1rulhatnak a d\u00f6nt\u00e9sek jobb min\u0151s\u00e9g\u00e9hez.<\/span><span data-ccp-props=\"{&quot;201341983&quot;:0,&quot;335551550&quot;:6,&quot;335551620&quot;:6,&quot;335559739&quot;:225,&quot;335559740&quot;:276}\">\u00a0<\/span><\/p>\n<p><span data-contrast=\"none\">A n\u0151politika ir\u00e1nti el\u0151\u00edt\u00e9let:<\/span><span data-contrast=\"none\">\u202fA n\u0151politika perif\u00e9rikus probl\u00e9m\u00e1kat \u00e9rint, amelyek megold\u00e1si lehet\u0151s\u00e9ge a nagypolitika helyzet\u00e9t\u0151l f\u00fcgg.<\/span><span data-ccp-props=\"{&quot;201341983&quot;:0,&quot;335551550&quot;:6,&quot;335551620&quot;:6,&quot;335559739&quot;:225,&quot;335559740&quot;:276}\">\u00a0<\/span><\/p>\n<p><span data-contrast=\"none\">A nemi szerepek szempontja:<\/span><span data-contrast=\"none\">\u202fA nemi demokr\u00e1cia \u00e9s a n\u0151k \u00e9s f\u00e9rfiak es\u00e9lyegyenl\u0151s\u00e9ge k\u00f6zponti politikai c\u00e9l, a\u202fnagypolitika szerves r\u00e9sze.<\/span><span data-ccp-props=\"{&quot;201341983&quot;:0,&quot;335551550&quot;:6,&quot;335551620&quot;:6,&quot;335559739&quot;:225,&quot;335559740&quot;:276}\">\u00a0<\/span><\/p>\n<p><span data-contrast=\"none\">A n\u0151politika ir\u00e1nti el\u0151\u00edt\u00e9let:<\/span><span data-contrast=\"none\">\u202fA n\u0151k felel\u0151sek a n\u0151i probl\u00e9m\u00e1k megold\u00e1s\u00e1\u00e9rt.<\/span><span data-ccp-props=\"{&quot;201341983&quot;:0,&quot;335551550&quot;:6,&quot;335551620&quot;:6,&quot;335559739&quot;:225,&quot;335559740&quot;:276}\">\u00a0<\/span><\/p>\n<p><span data-contrast=\"none\">A nemi szerepek szempontja:<\/span><span data-contrast=\"none\">\u202fA n\u0151k \u00e9s a f\u00e9rfiak \u00e1tveszik a felel\u0151ss\u00e9get a nemek k\u00f6zti viszonyok megv\u00e1ltoztat\u00e1s\u00e1\u00e9rt.<\/span><span data-ccp-props=\"{&quot;201341983&quot;:0,&quot;335551550&quot;:6,&quot;335551620&quot;:6,&quot;335559739&quot;:225,&quot;335559740&quot;:276}\">\u00a0<\/span><\/p>\n<p><img fetchpriority=\"high\" decoding=\"async\" class=\"aligncenter wp-image-3521 size-full\" src=\"https:\/\/phoenix-ngo.sk\/magazin\/wp-content\/uploads\/2023\/10\/2023_09_02___1.png\" alt=\"n\u0151politika n\u0151i szerep\" width=\"940\" height=\"373\" srcset=\"https:\/\/phoenix-ngo.sk\/magazin\/wp-content\/uploads\/2023\/10\/2023_09_02___1.png 940w, https:\/\/phoenix-ngo.sk\/magazin\/wp-content\/uploads\/2023\/10\/2023_09_02___1-300x119.png 300w, https:\/\/phoenix-ngo.sk\/magazin\/wp-content\/uploads\/2023\/10\/2023_09_02___1-768x305.png 768w, https:\/\/phoenix-ngo.sk\/magazin\/wp-content\/uploads\/2023\/10\/2023_09_02___1-570x226.png 570w, https:\/\/phoenix-ngo.sk\/magazin\/wp-content\/uploads\/2023\/10\/2023_09_02___1-270x107.png 270w\" sizes=\"(max-width: 940px) 100vw, 940px\" \/><\/p>\n","protected":false},"excerpt":{"rendered":"<p>Ha a nemi szerepek aspektusa a t\u00e1rsadalmi viszonyok elemz\u00e9s\u00e9nek alapj\u00e1v\u00e1 v\u00e1lik, \u00e9s ha a n\u0151politik\u00e1t kieg\u00e9sz\u00edti \u00e9s t\u00e1mogatja a nemi szerepek politik\u00e1ja, a r\u00e9gi sztereot\u00edpi\u00e1k megsz\u0171nnek, \u00e9s hely\u00fckbe \u00faj \u00e9rtelmez\u00e9sek l\u00e9pnek.\u00a0 Az al\u00e1bbiakban n\u00e9h\u00e1ny tipikus p\u00e9ld\u00e1j\u00e1t soroljuk fel az el\u0151\u00edt\u00e9leteknek, amelyekkel gyakran b\u00edr\u00e1lj\u00e1k a n\u0151politik\u00e1t, s k\u00f6z\u00f6lj\u00fck egy\u00fattal ezek c\u00e1folat\u00e1t is.\u00a0 A n\u0151politika ir\u00e1nti el\u0151\u00edt\u00e9let:\u202fA [&hellip;]<\/p>\n","protected":false},"author":10,"featured_media":3521,"comment_status":"closed","ping_status":"closed","sticky":false,"template":"","format":"standard","meta":{"footnotes":""},"categories":[42],"tags":[47],"class_list":["post-3520","post","type-post","status-publish","format-standard","has-post-thumbnail","hentry","category-konnyed","tag-gender"],"_links":{"self":[{"href":"https:\/\/phoenix-ngo.sk\/magazin\/wp-json\/wp\/v2\/posts\/3520","targetHints":{"allow":["GET"]}}],"collection":[{"href":"https:\/\/phoenix-ngo.sk\/magazin\/wp-json\/wp\/v2\/posts"}],"about":[{"href":"https:\/\/phoenix-ngo.sk\/magazin\/wp-json\/wp\/v2\/types\/post"}],"author":[{"embeddable":true,"href":"https:\/\/phoenix-ngo.sk\/magazin\/wp-json\/wp\/v2\/users\/10"}],"replies":[{"embeddable":true,"href":"https:\/\/phoenix-ngo.sk\/magazin\/wp-json\/wp\/v2\/comments?post=3520"}],"version-history":[{"count":1,"href":"https:\/\/phoenix-ngo.sk\/magazin\/wp-json\/wp\/v2\/posts\/3520\/revisions"}],"predecessor-version":[{"id":3522,"href":"https:\/\/phoenix-ngo.sk\/magazin\/wp-json\/wp\/v2\/posts\/3520\/revisions\/3522"}],"wp:featuredmedia":[{"embeddable":true,"href":"https:\/\/phoenix-ngo.sk\/magazin\/wp-json\/wp\/v2\/media\/3521"}],"wp:attachment":[{"href":"https:\/\/phoenix-ngo.sk\/magazin\/wp-json\/wp\/v2\/media?parent=3520"}],"wp:term":[{"taxonomy":"category","embeddable":true,"href":"https:\/\/phoenix-ngo.sk\/magazin\/wp-json\/wp\/v2\/categories?post=3520"},{"taxonomy":"post_tag","embeddable":true,"href":"https:\/\/phoenix-ngo.sk\/magazin\/wp-json\/wp\/v2\/tags?post=3520"}],"curies":[{"name":"wp","href":"https:\/\/api.w.org\/{rel}","templated":true}]}}