{"id":3586,"date":"2023-08-01T17:00:50","date_gmt":"2023-08-01T16:00:50","guid":{"rendered":"https:\/\/phoenix-ngo.sk\/?p=3586"},"modified":"2024-01-02T22:37:57","modified_gmt":"2024-01-02T21:37:57","slug":"repuloleckek-reszlet-etela-farkasova-magyarul-megjelent-regenyebol","status":"publish","type":"post","link":"https:\/\/phoenix-ngo.sk\/magazin\/blog\/2023\/08\/01\/repuloleckek-reszlet-etela-farkasova-magyarul-megjelent-regenyebol\/","title":{"rendered":"Rep\u00fcl\u0151leck\u00e9k &#8211; r\u00e9szlet Etela Farka\u0161ov\u00e1 magyarul megjelent reg\u00e9ny\u00e9b\u0151l"},"content":{"rendered":"<p><span data-contrast=\"auto\">K\u00f6zelgett a pszichi\u00e1tern\u0151vel val\u00f3 tal\u00e1lkoz\u00e1s id\u0151pontja, biztosan megk\u00e9rdezi majd, j\u00e1rt-e a teny\u00e9szt\u0151n\u00e9l, csak \u00fagy mell\u00e9kesen, biztosan besz\u00e9lt m\u00e1r vele, tudja, hogyan alakult a n\u00e1la tett l\u00e1togat\u00e1s, minden bizonnyal \u00e9rtes\u00fclt m\u00e1r, milyen tehetetlen\u00fcl bolyongott a kennelek k\u00f6z\u00f6tt, tal\u00e1n fel is r\u00f3ja majd ezt neki, pr\u00f3b\u00e1lja meggy\u0151zni, de nem fogja meggondolni mag\u00e1t, nem, soha t\u00f6bb\u00e9 nem vesz mag\u00e1hoz \u00fajabb kiskuty\u00e1t, akit az els\u0151 hetekben cumis\u00fcvegb\u0151l kell etetnie, \u00e9s \u00e9jszaka fel kell kelni hozz\u00e1, ha \u00e1lm\u00e1ban egy kicsit ny\u00f6sz\u00f6r\u00f6g, akivel rohanni kell majd az \u00e1llatk\u00f3rh\u00e1z s\u00fcrg\u0151ss\u00e9gi oszt\u00e1lyra, ha \u00fagy gondolja, valami nincs rendben vele.<\/span><span data-ccp-props=\"{&quot;201341983&quot;:0,&quot;335551550&quot;:6,&quot;335551620&quot;:6,&quot;335559739&quot;:0,&quot;335559740&quot;:360}\">\u00a0<\/span><\/p>\n<p><span data-contrast=\"auto\">Elmagyar\u00e1zza az orvosn\u0151nek, hogy semmi ilyesmi nem ism\u00e9tl\u0151dhet meg, F\u00e9lix egyed\u00fcl\u00e1ll\u00f3 volt, \u00e9s az is marad, \u0151t senki nem p\u00f3tolhatja, nem kell \u00faj \u00e9rzelmi k\u00f6t\u0151d\u00e9s, \u00e9s nem szeretne azon agg\u00f3dni \u00e9s szorongani, mi minden t\u00f6rt\u00e9nhet, milyen sok rossz eshet meg azzal a kis teremtm\u00e9nnyel, nem volt teljesen biztos benne, hogy ami F\u00e9lixszel t\u00f6rt\u00e9nt, az val\u00f3ban szerencs\u00e9tlen baleset k\u00f6vetkezm\u00e9nye, mert k\u00f6r\u00fclbel\u00fcl \u00e9vente egyszer a r\u00e1gcs\u00e1l\u00f3irt\u00f3k k\u00f6rbej\u00e1rt\u00e1k a h\u00e1zakat, \u00e9s csapd\u00e1kat raktak ki a r\u00e1gcs\u00e1l\u00f3k ellen, \u0151k is lehettek, b\u00e1r a kapuban nem volt semmilyen \u00e9rtes\u00edt\u00e9s erre vonatkoz\u00f3an, sokkal val\u00f3sz\u00edn\u0171bb, hogy ez sz\u00e1nd\u00e9kos volt, \u00e9s a megm\u00e9rgezett h\u00fast rosszindulat\u00faan az \u0151 F\u00e9lix\u00e9nek sz\u00e1nt\u00e1k&#8230; v\u00e9letlen egybees\u00e9s vagy sem, nem szeretn\u00e9, ha m\u00e9g egyszer ilyesmi megism\u00e9tl\u0151dne.<\/span><span data-ccp-props=\"{&quot;201341983&quot;:0,&quot;335551550&quot;:6,&quot;335551620&quot;:6,&quot;335559739&quot;:0,&quot;335559740&quot;:360}\">\u00a0<\/span><\/p>\n<p><span data-contrast=\"auto\">K\u00f6ly\u00f6kkutya n\u00e9lk\u00fcl, egyed\u00fcl kell ebb\u0151l kikecmeregnie, \u00f6ssze kell szednie mag\u00e1t, er\u0151s akarattal, amir\u0151l annyit hallott az anyj\u00e1t\u00f3l fiatalabb \u00e9veiben, lehet, hogy t\u00e9nyleg nincs er\u0151s akarata, \u00fagy \u00e9rzi, kudarcot vallott, szemmel l\u00e1that\u00f3lag nem tartozik az er\u0151sebbek, a tehets\u00e9gesebbek, a kitart\u00f3bbak, ellen\u00e1ll\u00f3bbak k\u00f6z\u00e9, n\u00e9ha azon t\u00f6preng, nem az a borzalom gyeng\u00edti-e le, amit az anyja egykor \u00e1t\u00e9lt, ez el\u00e9g furcs\u00e1n hangzik, de mi van, ha t\u00e9nyleg l\u00e9tezik olyan, hogy \u00e1t\u00f6r\u00f6k\u00edt\u0151dnek egyik gener\u00e1ci\u00f3r\u00f3l a m\u00e1sikra az \u00e9lm\u00e9nyek \u00e9s \u00e1tad\u00f3dnak a traum\u00e1s \u00e1llapotok, \u00e9s \u0151 mag\u00e1ban hordja ezt az eg\u00e9szet, egyszer olvasott err\u0151l valamit, egy\u00e9bk\u00e9nt a pszichi\u00e1triai rendel\u0151ben is megtudott err\u0151l az\u00e9rt valamit, mi van, ha \u00e9pp onnan fakad az \u00e9lett\u0151l val\u00f3 f\u00e9lelme, k\u00e9ptelen megbirk\u00f3zni olyan dolgokkal, amiket egy er\u0151sebb, \u00e9s f\u0151leg olyan valaki, akit nem jel\u00f6lt meg ennyire a m\u00falt \u00f6r\u00f6ks\u00e9ge, k\u00f6nnyebben tud kezelni.<\/span><span data-ccp-props=\"{&quot;201341983&quot;:0,&quot;335551550&quot;:6,&quot;335551620&quot;:6,&quot;335559739&quot;:0,&quot;335559740&quot;:360}\">\u00a0<\/span><\/p>\n<p><span data-contrast=\"auto\">H\u00e1t rendben, engedelmeskedett a doktorn\u0151nek, elkezdett er\u0151sebb gy\u00f3gyszereket szedni, h\u00e1tha ezek seg\u00edtenek \u00e1tv\u00e9szelni a neh\u00e9z id\u0151szakot, szeretne hinni a szavainak, de egyben nem hallgat r\u00e1, m\u00e1r nem megy el t\u00f6bbet a teny\u00e9szt\u0151h\u00f6z, a d\u00f6nt\u00e9se v\u00e9gleges, nincs sz\u00fcks\u00e9ge \u00faj kezdetre, \u00fajabb \u00e9rzelmi k\u00f6t\u0151d\u00e9sre, a napokban felh\u00edvja, gondolkodtam rajta, mondja, \u00e1tgondoltam a helyzetet, nem, t\u00e9nyleg nem \u00e9rdekel, de miel\u0151tt felh\u00edvta volna a teny\u00e9szt\u0151t, \u00e9s k\u00f6z\u00f6lte volna vele a d\u00f6nt\u00e9s\u00e9t, egy reggel \u0151 jelentkezett, lenne valamim az \u00f6n sz\u00e1m\u00e1ra, mondta, \u00e9s egy kis sz\u00fcnet ut\u00e1n hozz\u00e1tette, szerintem megtal\u00e1ln\u00e1k egym\u00e1ssal a k\u00f6z\u00f6s hangot, m\u00e1r n\u00e9h\u00e1ny napja ezen gondolkodom, lehet, hogy \u00f6sszeillen\u00e9nek&#8230;<\/span><span data-ccp-props=\"{&quot;201341983&quot;:0,&quot;335551550&quot;:6,&quot;335551620&quot;:6,&quot;335559739&quot;:0,&quot;335559740&quot;:360}\">\u00a0<\/span><\/p>\n<p><span data-contrast=\"auto\">Miriam azonnal tiltakozott, \u00e9s megism\u00e9telte, hogy m\u00e1r d\u00f6nt\u00f6tt, \u00e9s a k\u00f6vetkez\u0151 napokban m\u00e1r k\u00e9sz\u00fclt, hogy k\u00f6z\u00f6lje is ezt vele, de a vonal t\u00fals\u00f3 v\u00e9g\u00e9n l\u00e9v\u0151 n\u0151 folytatta, tudom, tudom, de ha lenne kis ideje \u00e9s erre j\u00e1rna, \u00e1lljon meg, csak \u00fagy, nem s\u00fcrg\u0151s, nem, nem k\u00f6ly\u00f6kkutya, sz\u00f3val nem kell rohannia, hogy igyekezzen a kezdetekt\u0151l megnevelni \u00e9s mag\u00e1hoz szoktatni, szerintem Blackie-t \u00f6nnek teremtett\u00e9k, ez akkor azonnal az eszembe jutott, amikor visszavettem, j\u00f6jj\u00f6n el valamikor, ahogy mondom, csak n\u00e9zze meg, nem kell elk\u00f6telez\u0151dnie, ha erre j\u00e1rna valamikor.<\/span><span data-ccp-props=\"{&quot;201341983&quot;:0,&quot;335551550&quot;:6,&quot;335551620&quot;:6,&quot;335559739&quot;:0,&quot;335559740&quot;:360}\">\u00a0<\/span><\/p>\n<p><i><span data-contrast=\"auto\">A reg\u00e9ny megv\u00e1s\u00e1rolhat\u00f3 a Womanpress weboldal\u00e1n <\/span><\/i><span data-contrast=\"auto\">(link: <\/span><a href=\"https:\/\/www.womanpress.sk\/termek\/etela-farkasova-repuloleckek\/\"><span data-contrast=\"none\">https:\/\/www.womanpress.sk\/termek\/etela-farkasova-repuloleckek\/<\/span><\/a><span data-contrast=\"auto\"> )<\/span><span data-ccp-props=\"{&quot;201341983&quot;:0,&quot;335551550&quot;:6,&quot;335551620&quot;:6,&quot;335559739&quot;:0,&quot;335559740&quot;:360}\">\u00a0<\/span><\/p>\n<p style=\"text-align: center;\"><img fetchpriority=\"high\" decoding=\"async\" class=\"alignnone size-medium wp-image-3587\" src=\"https:\/\/phoenix-ngo.sk\/magazin\/wp-content\/uploads\/2023\/10\/2023_09_27_001-210x300.jpg\" alt=\"etela farka\u0161ov\u00e1 rep\u00fcl\u0151leck\u00e9k\" width=\"210\" height=\"300\" srcset=\"https:\/\/phoenix-ngo.sk\/magazin\/wp-content\/uploads\/2023\/10\/2023_09_27_001-210x300.jpg 210w, https:\/\/phoenix-ngo.sk\/magazin\/wp-content\/uploads\/2023\/10\/2023_09_27_001-717x1024.jpg 717w, https:\/\/phoenix-ngo.sk\/magazin\/wp-content\/uploads\/2023\/10\/2023_09_27_001-768x1097.jpg 768w, https:\/\/phoenix-ngo.sk\/magazin\/wp-content\/uploads\/2023\/10\/2023_09_27_001-231x330.jpg 231w, https:\/\/phoenix-ngo.sk\/magazin\/wp-content\/uploads\/2023\/10\/2023_09_27_001-126x180.jpg 126w, https:\/\/phoenix-ngo.sk\/magazin\/wp-content\/uploads\/2023\/10\/2023_09_27_001.jpg 868w\" sizes=\"(max-width: 210px) 100vw, 210px\" \/><\/p>\n","protected":false},"excerpt":{"rendered":"<p>K\u00f6zelgett a pszichi\u00e1tern\u0151vel val\u00f3 tal\u00e1lkoz\u00e1s id\u0151pontja, biztosan megk\u00e9rdezi majd, j\u00e1rt-e a teny\u00e9szt\u0151n\u00e9l, csak \u00fagy mell\u00e9kesen, biztosan besz\u00e9lt m\u00e1r vele, tudja, hogyan alakult a n\u00e1la tett l\u00e1togat\u00e1s, minden bizonnyal \u00e9rtes\u00fclt m\u00e1r, milyen tehetetlen\u00fcl bolyongott a kennelek k\u00f6z\u00f6tt, tal\u00e1n fel is r\u00f3ja majd ezt neki, pr\u00f3b\u00e1lja meggy\u0151zni, de nem fogja meggondolni mag\u00e1t, nem, soha t\u00f6bb\u00e9 nem vesz [&hellip;]<\/p>\n","protected":false},"author":9,"featured_media":3587,"comment_status":"closed","ping_status":"closed","sticky":false,"template":"","format":"standard","meta":{"footnotes":""},"categories":[43],"tags":[46],"class_list":["post-3586","post","type-post","status-publish","format-standard","has-post-thumbnail","hentry","category-irodalom","tag-irodalom"],"_links":{"self":[{"href":"https:\/\/phoenix-ngo.sk\/magazin\/wp-json\/wp\/v2\/posts\/3586","targetHints":{"allow":["GET"]}}],"collection":[{"href":"https:\/\/phoenix-ngo.sk\/magazin\/wp-json\/wp\/v2\/posts"}],"about":[{"href":"https:\/\/phoenix-ngo.sk\/magazin\/wp-json\/wp\/v2\/types\/post"}],"author":[{"embeddable":true,"href":"https:\/\/phoenix-ngo.sk\/magazin\/wp-json\/wp\/v2\/users\/9"}],"replies":[{"embeddable":true,"href":"https:\/\/phoenix-ngo.sk\/magazin\/wp-json\/wp\/v2\/comments?post=3586"}],"version-history":[{"count":1,"href":"https:\/\/phoenix-ngo.sk\/magazin\/wp-json\/wp\/v2\/posts\/3586\/revisions"}],"predecessor-version":[{"id":3588,"href":"https:\/\/phoenix-ngo.sk\/magazin\/wp-json\/wp\/v2\/posts\/3586\/revisions\/3588"}],"wp:featuredmedia":[{"embeddable":true,"href":"https:\/\/phoenix-ngo.sk\/magazin\/wp-json\/wp\/v2\/media\/3587"}],"wp:attachment":[{"href":"https:\/\/phoenix-ngo.sk\/magazin\/wp-json\/wp\/v2\/media?parent=3586"}],"wp:term":[{"taxonomy":"category","embeddable":true,"href":"https:\/\/phoenix-ngo.sk\/magazin\/wp-json\/wp\/v2\/categories?post=3586"},{"taxonomy":"post_tag","embeddable":true,"href":"https:\/\/phoenix-ngo.sk\/magazin\/wp-json\/wp\/v2\/tags?post=3586"}],"curies":[{"name":"wp","href":"https:\/\/api.w.org\/{rel}","templated":true}]}}