{"id":3729,"date":"2023-11-05T09:34:15","date_gmt":"2023-11-05T09:34:15","guid":{"rendered":"https:\/\/phoenix-ngo.sk\/?p=3729"},"modified":"2023-11-04T09:42:11","modified_gmt":"2023-11-04T09:42:11","slug":"toxikus-maszkulinitas","status":"publish","type":"post","link":"https:\/\/phoenix-ngo.sk\/magazin\/blog\/2023\/11\/05\/toxikus-maszkulinitas\/","title":{"rendered":"Toxikus maszkulinit\u00e1s"},"content":{"rendered":"<p><span data-contrast=\"auto\">Aligha lehetne t\u00falz\u00e1sba es\u00e9st emlegetni, ha azt mondan\u00e1nk, napjaink h\u00e9tk\u00f6znapi haszn\u00e1lat\u00e1ba egyre ink\u00e1bb \u00e1tsziv\u00e1rg\u00f3 tudom\u00e1nyos defin\u00edci\u00f3ira kiv\u00e1l\u00f3 p\u00e9ld\u00e1k, mind maga a \u201etoxikus\u201d, mind az enn\u00e9l kicsit lehat\u00e1roltabb \u201etoxikus maszkulinit\u00e1s\u201d kifejez\u00e9sek. Jelen helyzetben els\u0151sorban a \u201em\u00e9rgez\u0151 f\u00e9rfiass\u00e1gnak\u201d t\u00fck\u00f6rford\u00edthat\u00f3 ut\u00f3bbira szeretn\u00e9k hangs\u00falyt fektetni, hiszen m\u00edg h\u00e9tk\u00f6znapi haszn\u00e1lata a kor\u00e1bban eml\u00edtett m\u00f3don egyre csak n\u00f6vekszik, a jelenlegi tapasztalatok egy\u00e1ltal\u00e1n nem azt mutatj\u00e1k, hogy a kifejez\u00e9s jelent\u00e9se mindenki sz\u00e1m\u00e1ra vil\u00e1gos \u00e9s egy\u00e9rtelm\u0171 lenne. A Kompromisszum Polg\u00e1ri T\u00e1rsul\u00e1s tagjak\u00e9nt lehet\u0151s\u00e9gem ny\u00edlt a Gombasz\u00f6gi Ny\u00e1ri T\u00e1bor keretein bel\u00fcl egy olyan besz\u00e9lget\u00e9s megszervez\u00e9s\u00e9re \u00e9s moder\u00e1l\u00e1s\u00e1ra, ahol a t\u00e9m\u00e1t h\u00e1rom m\u00e9lt\u00e1n elismert szakember k\u00eds\u00e9ret\u00e9ben, egym\u00e1st\u00f3l sok szempontb\u00f3l elt\u00e9r\u0151, m\u00e9gis \u00e1tfed\u00e9sekkel teli megk\u00f6zel\u00edt\u00e9s\u00e9ben j\u00e1rhattuk k\u00f6rbe, cikkemben pedig a teljess\u00e9g ig\u00e9nye n\u00e9lk\u00fcl, az itt elhangzott legfontosabb gondolatokat \u00e9s k\u00f6vetkeztet\u00e9seket fogom bemutatni, b\u00edzva abban, hogy ez \u00e1ltal sokak sz\u00e1m\u00e1ra egy\u00e9rtelm\u0171bb lesz majd ez a sokszor durv\u00e1n f\u00e9lremagyar\u00e1zott t\u00e9ma. \u00cdr\u00e1som sor\u00e1n a besz\u00e9lget\u00e9sen elhangzottak ismertet\u00e9s\u00e9re t\u00f6rekszem, ennek ellen\u00e9re soraim ink\u00e1bb konkl\u00fazi\u00f3nak tekinthet\u0151k, mintsem a besz\u00e9lget\u00e9s r\u00e9szletekbe men\u0151 ismertet\u00e9s\u00e9nek, \u00e9ppen ez\u00e9rt minden \u00e9rdekl\u0151d\u0151t arra b\u00e1tor\u00edtan\u00e9k, hogy n\u00e9zze meg az esem\u00e9nyr\u0151l k\u00e9sz\u00fclt vide\u00f3felv\u00e9telt, ami a cikk v\u00e9g\u00e9n tal\u00e1lhat\u00f3 linken el\u00e9rhet\u0151.\u00a0<\/span><span data-ccp-props=\"{&quot;201341983&quot;:0,&quot;335551550&quot;:6,&quot;335551620&quot;:6,&quot;335559739&quot;:160,&quot;335559740&quot;:259}\">\u00a0<\/span><\/p>\n<h2><b><span data-contrast=\"auto\">A fogalom eredete\u00a0<\/span><\/b><span data-ccp-props=\"{&quot;201341983&quot;:0,&quot;335551550&quot;:6,&quot;335551620&quot;:6,&quot;335559739&quot;:160,&quot;335559740&quot;:259}\">\u00a0<\/span><\/h2>\n<p><span data-contrast=\"auto\">Kezdj\u00fck tal\u00e1n ott, hogy egy ilyen t\u00e9m\u00e1n\u00e1l k\u00fcl\u00f6n\u00f6sen fontos a megfelel\u0151 megk\u00f6zel\u00edt\u00e9s kiv\u00e1laszt\u00e1sa, hiszen a toxikus maszkulinit\u00e1s eset\u00e9ben olyan jelens\u00e9gr\u0151l besz\u00e9lhet\u00fcnk, amit nem lehet sem a t\u00e1rsadalmi tudatba, sem l\u00e9lektanba \u00e1gyazotts\u00e1ga n\u00e9lk\u00fcl fejtegetni. \u00c9ppen ez\u00e9rt is gondolom, hogy k\u00e9t kiv\u00e1l\u00f3 szociol\u00f3gus, akik sz\u00e1mos kutat\u00e1suk sor\u00e1n foglalkoztak nemek \u00e9s nemi szerepek k\u00e9rd\u00e9s\u00e9vel, szem\u00e9ly szerint Gregor Anik\u00f3 \u00e9s Hadas Mikl\u00f3s, valamint egy legal\u00e1bb ennyire elismert klinikai szakpszichol\u00f3gus, akinek kutat\u00e1si ter\u00fclete konkr\u00e9tan a f\u00e9rfiass\u00e1gra \u00f6sszpontosul, Szem\u00e1n D\u00e9nes t\u00f6k\u00e9letes v\u00e1laszt\u00e1snak bizonyultak erre a feladatra. Ahogy arr\u00f3l a bevezet\u0151ben is sz\u00f3 esett, a \u201em\u00e9rgez\u0151 f\u00e9rfiass\u00e1g\u201d t\u00e1rsadalmi szinten egy\u00e1ltal\u00e1n nem sz\u00e1m\u00edt egy mindenki sz\u00e1m\u00e1ra egys\u00e9ges jelent\u00e9st hordoz\u00f3 kifejez\u00e9snek, \u00e9ppen ez\u00e9rt k\u00fcl\u00f6n\u00f6sen fontosnak tartottam, hogy els\u0151k\u00e9nt a fogalom eredet\u00e9re \u00e9s jelent\u00e9startalm\u00e1ra t\u00e9rj\u00fcnk ki. Viszonylag hamar sz\u00f3 esett r\u00f3la, hogy az alap elk\u00e9pzel\u00e9s, miszerint a fogalom a tudom\u00e1nyb\u00f3l sziv\u00e1rgott volna be a h\u00e9tk\u00f6znapi haszn\u00e1latba, t\u00e9ves, a val\u00f3s\u00e1gban ugyanis \u00e9pp ellenkez\u0151leg, el\u0151bb v\u00e1lt t\u00e9m\u00e1v\u00e1 sz\u0171kebb, tudom\u00e1nyos tev\u00e9kenys\u00e9get nem folytat\u00f3 csoportokn\u00e1l, \u00e9s csak ezt k\u00f6vet\u0151en figyelt r\u00e1 fel a tudom\u00e1ny. Emellett az a (val\u00f3sz\u00edn\u0171leg sokunk \u00e1ltal \u00e1ll\u00edtott) elk\u00e9pzel\u00e9s is t\u00e9vesnek bizonyul, hogy egy el\u0151sz\u00f6r a feminista gondolkod\u00f3k \u00e1ltal megfogalmazott jelens\u00e9gr\u0151l besz\u00e9l\u00fcnk, hiszen b\u00e1r a feminizmus m\u00e1sodik hull\u00e1m\u00e1t\u00f3l k\u00e9ts\u00e9gk\u00edv\u00fcl nagy figyelmet szentelnek a fogalomnak, illetve annak, amit k\u00e9pvisel, els\u0151k\u00e9nt m\u00e9gis a a mitopoetikus f\u00e9rfimozgalom tagjai voltak azok, akik haszn\u00e1lni kezdt\u00e9k. Fontos kiemelni azonban, hogy az eml\u00edtett, aranykor\u00e1t a 80-as \u00e9vekben \u00e9l\u0151, f\u0151leg fels\u0151k\u00f6z\u00e9p- \u00e9s fels\u0151 oszt\u00e1lyhoz tartoz\u00f3 feh\u00e9r f\u00e9rfiak \u00e1ltal alkotott f\u00e9rfimozgalom eg\u00e9szen m\u00e1s jelent\u00e9startalommal ruh\u00e1zta fel ezt a kifejez\u00e9st, eset\u00fckben ugyanis a toxikus maszkulinit\u00e1s kateg\u00f3ri\u00e1j\u00e1ba az \u201eelgyeng\u00fclt\u201d, hatalmat m\u00e1r nem mag\u00e1t\u00f3l \u00e9rtet\u0151d\u0151 m\u00f3don birtokl\u00f3, hanem agresszitiv\u00e1s, manipul\u00e1ci\u00f3, \u00e1r\u00e1n megszerz\u0151 f\u00e9rfi ker\u00fclt. Gondolkod\u00e1sm\u00f3djukban a magasztalt \u00e9s igazb\u00f3l egyetlen elfogadhat\u00f3 f\u00e9rfik\u00e9p az archaikus f\u00e9rfi, a harcos, aki megv\u00e9di \u00e9s eltartja csal\u00e1dj\u00e1t, akit a modern vil\u00e1g m\u00e9g nem \u201efeminzi\u00e1lt\u201d, azaz \u201en\u0151ies\u00edtett el\u201d, \u00e9s aki nem m\u00e1sok f\u00e9lelemben tart\u00e1s\u00e1val vagy fizikai fenyeget\u00e9s\u00e9vel jut hatalomhoz, hanem mag\u00e1t\u00f3l \u00e9rtet\u0151d\u0151, hogy azt birtokolja, mivel \u0151 arra a legr\u00e1termettebb. \u00c9rdemes itt azt is megeml\u00edteni, hogy m\u00edg az archaikus f\u00e9rfiass\u00e1got \u00e9p\u00edt\u0151 jelleg\u0171, pozit\u00edv befoly\u00e1snak tartj\u00e1k, addig a toxikus maszkulinit\u00e1sr\u00f3l az eg\u00e9sz t\u00e1rsadalomra destrukt\u00edv m\u00f3don hat\u00f3 jelens\u00e9gk\u00e9nt besz\u00e9lnek. B\u00e1r az agresszivit\u00e1s \u00e9s m\u00e1sok f\u00e9lelemben tart\u00e1s\u00e1nak teljesk\u00f6r\u0171 elutas\u00edt\u00e1sa k\u00e9ts\u00e9gk\u00edv\u00fcl k\u00f6z\u00f6s pontnak sz\u00e1m\u00edt, azonban \u00edgy is rengeteg k\u00fcl\u00f6nbs\u00e9get lehet felfedezni a mitopoetikus \u00e9s a feminista megk\u00f6zel\u00edt\u00e9s k\u00f6z\u00f6tt. Tekintettel arra, hogy a feminizmus m\u00e1sodik hull\u00e1ma volt az els\u0151 olyan gondolati \u00e1ramlat, amely felh\u00edvta a figyelmet arra, hogy \u00fagy \u00e9l\u00fcnk egy annak minden szeglet\u00e9t f\u00e9rfiak \u00e1ltal uralt vil\u00e1gban, hogy ezt h\u00e9tk\u00f6znapjainkban val\u00f3sz\u00edn\u0171leg egy\u00e1ltal\u00e1n nem is tudatos\u00edtjuk, r\u00f6gt\u00f6n l\u00e1that\u00f3v\u00e1 is v\u00e1lnak ezek a k\u00fcl\u00f6nbs\u00e9gek, hiszen az eml\u00edtett f\u00e9rfimozgalom sz\u00e1m\u00e1ra a f\u00e9rfiuralom jelens\u00e9ge (m\u00e9g ha csak bizonyos k\u00e9pess\u00e9gekkel rendelkez\u0151 f\u00e9rfiakat is \u00e9rtve ezalatt), mag\u00e1t\u00f3l \u00e9rtet\u0151d\u0151nek l\u00e1tszik.\u00a0<\/span><span data-ccp-props=\"{&quot;201341983&quot;:0,&quot;335551550&quot;:6,&quot;335551620&quot;:6,&quot;335559739&quot;:160,&quot;335559740&quot;:259}\">\u00a0<\/span><\/p>\n<p><img fetchpriority=\"high\" decoding=\"async\" class=\"aligncenter wp-image-3730 size-large\" src=\"https:\/\/phoenix-ngo.sk\/magazin\/wp-content\/uploads\/2023\/11\/2023_11_05_01_01-1024x463.png\" alt=\"toxikus maszkulinit\u00e1s\" width=\"800\" height=\"362\" srcset=\"https:\/\/phoenix-ngo.sk\/magazin\/wp-content\/uploads\/2023\/11\/2023_11_05_01_01-1024x463.png 1024w, https:\/\/phoenix-ngo.sk\/magazin\/wp-content\/uploads\/2023\/11\/2023_11_05_01_01-300x136.png 300w, https:\/\/phoenix-ngo.sk\/magazin\/wp-content\/uploads\/2023\/11\/2023_11_05_01_01-768x348.png 768w, https:\/\/phoenix-ngo.sk\/magazin\/wp-content\/uploads\/2023\/11\/2023_11_05_01_01-570x258.png 570w, https:\/\/phoenix-ngo.sk\/magazin\/wp-content\/uploads\/2023\/11\/2023_11_05_01_01-270x122.png 270w, https:\/\/phoenix-ngo.sk\/magazin\/wp-content\/uploads\/2023\/11\/2023_11_05_01_01.png 1273w\" sizes=\"(max-width: 800px) 100vw, 800px\" \/><\/p>\n<h2><b><span data-contrast=\"auto\">Negat\u00edv k\u00f6vetkezm\u00e9nyek<\/span><\/b><span data-ccp-props=\"{&quot;201341983&quot;:0,&quot;335551550&quot;:6,&quot;335551620&quot;:6,&quot;335559739&quot;:160,&quot;335559740&quot;:259}\">\u00a0<\/span><\/h2>\n<p><span data-contrast=\"auto\">Ha m\u00e1r eml\u00edt\u00e9sre ker\u00fclt a feminizmus \u00e1ltal a k\u00f6ztudatba emelt f\u00e9rfik\u00f6zpont\u00fa vil\u00e1g gondolata, mindenk\u00e9pp ki kell t\u00e9rni arra, hogy ezzel k\u00e9ts\u00e9gk\u00edv\u00fcl sz\u00e1mos el\u0151jog j\u00e1rt egy\u00fctt, melyeknek sok m\u00e1ig \u00e9rezhet\u0151 hat\u00e1sa k\u00f6z\u00e9 sorolhat\u00f3 az is, hogy egy\u00e1ltal\u00e1n bizonygatni kell, hogy a nemek k\u00f6z\u00f6tti egyenl\u0151s\u00e9gre val\u00f3 t\u00f6rekv\u00e9s val\u00f3ban sz\u00fcks\u00e9ges \u00e9s mindenki sz\u00e1m\u00e1ra pozit\u00edv hozad\u00e9kokkal j\u00e1r\u00f3 v\u00e1ltoz\u00e1s. Ugyanakkor legal\u00e1bb ennyi korunk f\u00e9rfit\u00e1rsadalm\u00e1t nap mint nap \u00e9rint\u0151 negat\u00edv k\u00f6vetkezm\u00e9nye is vel\u00fcnk \u00e9l annak, hogy hossz\u00fa \u00e9vsz\u00e1zadokon kereszt\u00fcl megk\u00e9rd\u0151jelezhetetlen volt a f\u00e9rfiak vil\u00e1got vezet\u0151 szerepe. Ut\u00f3bbira \u00fagy gondolom keresve sem tal\u00e1lhatn\u00e1nk jobb p\u00e9ld\u00e1t ann\u00e1l a besz\u00e9lget\u00e9sen elhangzott t\u00f6rt\u00e9netn\u00e9l, mely szerint egy rom\u00e1niai faluban, eg\u00e9sz pontosan Gyergy\u00f3remet\u00e9n azzal a gonddal keresett szakemberi seg\u00edts\u00e9get a polg\u00e1rmester, hogy a helyi f\u00e9rfiak komoly v\u00e1ls\u00e1gban \u00e9rzik magukat, \u00e9s nem tudj\u00e1k megmagyar\u00e1zni mi az a probl\u00e9ma, amivel szemben \u00e1llnak. Hamar kider\u00fclt, hogy a \u201erejt\u00e9lyes probl\u00e9ma\u201d szoros \u00f6sszef\u00fcgg\u00e9sben van a \u201eklasszikusnak\u201d mondhat\u00f3 f\u00e9rfiszerephez k\u00f6t\u00f6tt elv\u00e1r\u00e1sokkal, a gyergy\u00f3remetei f\u00e9rfiak ugyanis azt \u00e9rezt\u00e9k, hogy t\u00fal sok elv\u00e1r\u00e1ssal \u00e1llnak szemben a h\u00e9tk\u00f6znapokban. Amellett, hogy csal\u00e1djuk eltart\u00e1sa (sz\u00e1mukra mag\u00e1t\u00f3l \u00e9rtet\u0151d\u0151 m\u00f3don) az \u0151 felel\u0151ss\u00e9g\u00fck, szembes\u00fcltek p\u00e9ld\u00e1ul azzal, hogy ha j\u00f3 ap\u00e1k akarnak lenni, akkor k\u00e9pesnek kell lenni\u00fck a gyeng\u00e9ds\u00e9g \u00e9s \u00e9rz\u00e9kenys\u00e9g kimutat\u00e1s\u00e1ra is, amir\u0151l pedig soha senki nem vil\u00e1gos\u00edtotta fel \u0151ket, mondv\u00e1n, hogy az ilyesmi nemhogy nem szolg\u00e1l a f\u00e9rfiak haszn\u00e1ra, hanem egyenesen szemben \u00e1ll a f\u00e9rfiass\u00e1ggal. Az ilyen elv\u00e1r\u00e1sok teljes\u00edt\u00e9se helyzet\u00fckb\u0151l ad\u00f3d\u00f3an k\u00e9ts\u00e9gk\u00edv\u00fcl neh\u00e9z, ugyanakkor a probl\u00e9ma ezzel m\u00e9g be sem fejez\u0151d\u00f6tt, hiszen az\u00e1ltal, hogy k\u00e9ptelenek voltak otthonosan mozogni az \u00e9let egy ter\u00fclet\u00e9n, val\u00f3s\u00e1guk azon r\u00e9sze is megingott, mely szerint minden esetben magabiztosan, t\u00e9vedhetetlen\u00fcl kell az \u00e9let kih\u00edv\u00e1saihoz \u00e1llniuk, \u00e9s mindennek tetej\u00e9ben m\u00e9g csak nem is besz\u00e9lhettek arr\u00f3l, mekkora nyom\u00e1s nehezedik r\u00e1juk, hiszen \u00e9rzelmekr\u0151l \u00e9s lelki probl\u00e9m\u00e1kr\u00f3l besz\u00e9lni ism\u00e9t csak nem tartozhat bele a f\u00e9rfiass\u00e1g eddig t\u00e1rgyalt form\u00e1j\u00e1ba. \u00dagy gondolom mindez t\u00f6k\u00e9letes k\u00e9pet fest arr\u00f3l, mik azok az egym\u00e1ssal sokszor ak\u00e1r teljesen szemben \u00e1ll\u00f3 elv\u00e1r\u00e1sok, melyekkel sok f\u00e9rfinak nap mint nap szembe kell n\u00e9znie, az ebb\u0151l ad\u00f3d\u00f3 bizonytalans\u00e1g \u00e9s terhel\u00e9s pedig nem csak, hogy a depresszi\u00f3, a k\u00fcl\u00f6nb\u00f6z\u0151 szorong\u00e1sok \u00e9s az ezekhez szorosan kapcsol\u00f3d\u00f3 f\u00fcgg\u0151s\u00e9gek gyakoribb\u00e1 v\u00e1l\u00e1s\u00e1hoz vezet, hanem ak\u00e1r fizikai t\u00fcnetek megjelen\u00e9s\u00e9t , p\u00e9ld\u00e1ul daganatok kialakul\u00e1s\u00e1t is nagyban el\u0151re mozd\u00edthatja.\u00a0\u00a0<\/span><span data-ccp-props=\"{&quot;201341983&quot;:0,&quot;335551550&quot;:6,&quot;335551620&quot;:6,&quot;335559739&quot;:160,&quot;335559740&quot;:259}\">\u00a0<\/span><\/p>\n<h2><b><span data-contrast=\"auto\">A helyzet enn\u00e9l \u00f6sszetettebb<\/span><\/b><span data-ccp-props=\"{&quot;201341983&quot;:0,&quot;335551550&quot;:6,&quot;335551620&quot;:6,&quot;335559739&quot;:160,&quot;335559740&quot;:259}\">\u00a0<\/span><\/h2>\n<p><span data-contrast=\"auto\">A gyergy\u00f3remetei f\u00e9rfiak t\u00f6rt\u00e9nete azonban meglep\u0151 \u00e9s egyben pozit\u00edv fordulattal z\u00e1rult, probl\u00e9m\u00e1juk megold\u00e1sa \u00e9rdek\u00e9ben ugyanis m\u00e1ig m\u0171k\u00f6d\u0151 csoportot alap\u00edtottak \u201ef\u00e9rfiak klubja\u201d n\u00e9ven, melynek rendszeres \u00f6sszej\u00f6vetelei alkalm\u00e1val lehet\u0151s\u00e9g\u00fck van a benn\u00fck zajl\u00f3 \u201elelki folyamatok\u201d megvitat\u00e1s\u00e1ra, ez pedig nagyban hozz\u00e1j\u00e1rul ahhoz, hogy merj\u00e9k kimondani \u00e9rz\u00e9seiket, probl\u00e9m\u00e1ikat \u00e9s szak\u00edtani tudjanak azokkal a k\u00e1ros \u201ehagyom\u00e1nyokkal\u201d, amik mindezt ellehetetlen\u00edtett\u00e9k. A Hargita megyei faluban tapasztalhat\u00f3 k\u00f6z\u00f6s megold\u00e1s ugyan kiv\u00e1l\u00f3 \u00e9s nagy rem\u00e9nyked\u00e9sre ad okot az eg\u00e9szs\u00e9ges f\u00e9rfiass\u00e1g terjeszt\u00e9s\u00e9vel kapcsolatban, fontos azonban \u00e9szben tartani, hogy a vil\u00e1g nagy r\u00e9sz\u00e9n m\u00e9g nem mondhat\u00f3 el, hogy ennyire szerencs\u00e9s lenne a helyzet. A toxikus maszkulinit\u00e1s \u00e1ltal k\u00f6zvet\u00edtett f\u00e9rfiszerep felsz\u00e1mol\u00e1s\u00e1t \u00e9s ezzel egy\u00fctt az eg\u00e9szs\u00e9ges \u201e\u00faj\u201d f\u00e9rfiass\u00e1g terjed\u00e9s\u00e9t ugyan vil\u00e1gi szinten meg lehet figyelni, fontos azonban kiemelni, hogy m\u00edg \u00e9szakra \u00e9s nyugatra haladva egyre ink\u00e1bb \u00fcdv\u00f6z\u00f6lve van ez a gy\u00f6keres v\u00e1ltoz\u00e1s, ezzel ellent\u00e9tben min\u00e9l d\u00e9lebre \u00e9s keletebbre haladunk a vil\u00e1gban, ann\u00e1l ink\u00e1bb tapasztalatunk egyfajta g\u00f6rcs\u00f6s ragaszkod\u00e1st a f\u00e9rfiass\u00e1g \u00e9vsz\u00e1zadokkal ezel\u0151tt lefektetett \u201eszab\u00e1lyaihoz\u201d. A helyzet azonban kor\u00e1nt sem ennyire egyoldal\u00fa, \u00e9s b\u00e1r a ter\u00fcleti feloszt\u00e1s val\u00f3ban ad egyfajta k\u00e9pet a f\u00e9rfiszerep alakul\u00e1s\u00e1r\u00f3l, nem lehet megfeledkezni olyan t\u00e9nyez\u0151k befoly\u00e1sol\u00f3 hat\u00e1s\u00e1t\u00f3l, mint a t\u00e1rsadalmi oszt\u00e1ly vagy a rassz. A besz\u00e9lget\u00e9s sor\u00e1n eml\u00edt\u00e9sre ker\u00fclt, hogy b\u00e1r a nyugat-eur\u00f3pai ap\u00e1kra t\u00e9nyleg egyre ink\u00e1bb, a kontinenst tekintve \u00e1tlagon fel\u00fcl jellemz\u0151, hogy kivegy\u00e9k r\u00e9sz\u00fcket a gyereknevel\u00e9s minden r\u00e9sz\u00e9b\u0151l (legyen sz\u00f3 ak\u00e1r a kor\u00e1bban ink\u00e1bb any\u00e1kra hagyott \u201ekellemetlenebb\u201d feladatokr\u00f3l is), \u00e9s mindez k\u00e9ts\u00e9gk\u00edv\u00fcl nagyszer\u0171, nem feledkezhet\u00fcnk \u00e1m el a meg\u00e9lhet\u00e9si k\u00f6lts\u00e9gek n\u00f6veked\u00e9s\u00e9r\u0151l sem. Az, hogy a k\u00e9nyelmes \u00e9let el\u00e9r\u00e9se, s\u0151t, maga a meg\u00e9lhet\u00e9s egyre nagyobb \u00e9s nagyobb k\u00f6lts\u00e9geket r\u00f3 a h\u00e1ztart\u00e1sokra, sokszor mag\u00e1val hoz olyan megold\u00e1sokat, melyek sor\u00e1n az egyik sz\u00fcl\u0151 k\u00e9nytelen kedvez\u0151bb anyagi juttat\u00e1sokat ny\u00fajt\u00f3, k\u00fclf\u00f6ldi \u00e1ll\u00e1st v\u00e1llalni azon az \u00e1ron, hogy \u00edgy t\u00e1vol ker\u00fcl az otthont\u00f3l. Ezt a besz\u00e9lget\u00e9s sor\u00e1n, az el\u0151z\u0151kkel \u00f6sszhangban, egy els\u0151sorban a vil\u00e1g keleti fel\u00e9n tapasztalhat\u00f3, Kelet-Eur\u00f3p\u00e1ban is hatv\u00e1nyozottan \u00e9rz\u00e9kelhet\u0151 \u201egondoskod\u00e1si v\u00e1ls\u00e1gnak\u201d nevezt\u00e9k. Ez tulajdonk\u00e9ppen annyit jelent, hogy a fizikai t\u00e9rben t\u00f6bb sz\u00e1z (ak\u00e1r ezer) kilom\u00e9terre tart\u00f3zkod\u00f3 sz\u00fcl\u0151, b\u00e1r anyagi szempontb\u00f3l egy\u00e9rtelm\u0171en jobb felt\u00e9teleket tud teremteni gyermek\u00e9nek, de tekintettel arra, hogy emiatt nem tud jelen lenni feln\u0151tt\u00e9 \u00e9r\u00e9se sz\u00e1mos fontos pillanat\u00e1ban, k\u00e9ptelen azt a lelki t\u00e1mogat\u00e1st ny\u00fajtani, amire esetenk\u00e9nt lehet, hogy nagy sz\u00fcks\u00e9ge lenne. Itt ugyan egy\u00e9rtelm\u0171, hogy nem csak az ap\u00e1kat \u00e9rint\u0151 jelens\u00e9gr\u0151l van sz\u00f3, hiszen a jobb meg\u00e9lhet\u00e9s \u00e9rdek\u00e9ben any\u00e1k sz\u00e1zezrei ugyan\u00fagy k\u00e9nytelenek nagy \u00e1ldozatokat hozni, m\u00e9gis egy kis r\u00e9szben magyar\u00e1zhatja a vil\u00e1g keleti fel\u00e9n tapaszhalhat\u00f3 ragaszkod\u00e1st a konzervat\u00edv f\u00e9rfik\u00e9phez.\u00a0<\/span><span data-ccp-props=\"{&quot;201341983&quot;:0,&quot;335551550&quot;:6,&quot;335551620&quot;:6,&quot;335559739&quot;:160,&quot;335559740&quot;:259}\">\u00a0<\/span><\/p>\n<p><img decoding=\"async\" class=\"aligncenter wp-image-3731 size-large\" src=\"https:\/\/phoenix-ngo.sk\/magazin\/wp-content\/uploads\/2023\/11\/2023_11_05_01__02-1024x375.png\" alt=\"toxikus maszkulinit\u00e1s el\u0151ad\u00e1s gombasz\u00f6g\" width=\"800\" height=\"293\" srcset=\"https:\/\/phoenix-ngo.sk\/magazin\/wp-content\/uploads\/2023\/11\/2023_11_05_01__02-1024x375.png 1024w, https:\/\/phoenix-ngo.sk\/magazin\/wp-content\/uploads\/2023\/11\/2023_11_05_01__02-300x110.png 300w, https:\/\/phoenix-ngo.sk\/magazin\/wp-content\/uploads\/2023\/11\/2023_11_05_01__02-768x281.png 768w, https:\/\/phoenix-ngo.sk\/magazin\/wp-content\/uploads\/2023\/11\/2023_11_05_01__02-570x209.png 570w, https:\/\/phoenix-ngo.sk\/magazin\/wp-content\/uploads\/2023\/11\/2023_11_05_01__02-270x99.png 270w, https:\/\/phoenix-ngo.sk\/magazin\/wp-content\/uploads\/2023\/11\/2023_11_05_01__02.png 1212w\" sizes=\"(max-width: 800px) 100vw, 800px\" \/><\/p>\n<h2><b><span data-contrast=\"auto\">A politikusok felel\u0151ss\u00e9ge\u00a0<\/span><\/b><span data-ccp-props=\"{&quot;201341983&quot;:0,&quot;335551550&quot;:6,&quot;335551620&quot;:6,&quot;335559739&quot;:160,&quot;335559740&quot;:259}\">\u00a0<\/span><\/h2>\n<p><span data-contrast=\"auto\">A helyzet, vagy nevezz\u00fck ink\u00e1bb probl\u00e9m\u00e1nak, azonban enn\u00e9l \u00e9rthet\u0151 m\u00f3don sokkal \u00f6sszetettebb. Az egyszer\u0171s\u00e9g kedv\u00e9\u00e9rt most Kelet-Eur\u00f3pa orsz\u00e1gaira szor\u00edtkozva elmondhat\u00f3, hogy komoly sokk\u00e9nt hatott mind a 20. sz\u00e1zad v\u00e9gi rendszerv\u00e1lt\u00e1s, mind a 2008-ban tapasztalt gazdas\u00e1gi v\u00e1ls\u00e1g, \u00e9s napjaink glob\u00e1lis helyzet\u00e9t tekintve sem igaz\u00e1n besz\u00e9lhet\u00fcnk kiegyens\u00falyozotts\u00e1gr\u00f3l \u00e9s stabilit\u00e1sr\u00f3l. Az eml\u00edtett v\u00e1ltoz\u00e1sok \u00e9s els\u0151sorban gazdas\u00e1gi k\u00f6vetkezm\u00e9nyeik b\u00e1r minden \u00e1llampolg\u00e1r \u00e9let\u00e9t befoly\u00e1solt\u00e1k, az anyagilag s\u00e9r\u00fcl\u00e9kenyebb csoportokra egy\u00e9rtelm\u0171en nagyobb nyom\u00e1st fejtettek ki. Mindez els\u0151sorban az\u00e9rt fontos, mert amellett, hogy az eml\u00edtett csoport adja a t\u00e1rsadalom legnagyobb r\u00e9sz\u00e9t, az is elmondhat\u00f3, hogy az anyagi instabilit\u00e1s mag\u00e1val hozza, hogy az ember \u00e9lete m\u00e1s ter\u00fcletein keresi a kiegyens\u00falyozotts\u00e1got. Itt j\u00f6n k\u00e9pbe a k\u00f6zpolitika \u00e9s annak olyan szerepl\u0151i, akik (a gazdas\u00e1gi instabilit\u00e1s megold\u00e1s\u00e1t teljesen n\u00e9lk\u00fcl\u00f6zve, vagy csak \u00fcres \u00edg\u00e9retek form\u00e1j\u00e1ban megeml\u00edtve) egy \u201er\u00e9gi, stabil vil\u00e1g\u201d fel\u00e9p\u00edt\u00e9s\u00e9t \u00edg\u00e9rik, bele\u00e9rtve a kor\u00e1bbi t\u00e1rsadalmi hierarchia \u00e9s ezzel \u00f6sszef\u00fcgg\u00e9sben a nemi szerepek vissza\u00e1ll\u00edt\u00e1s\u00e1t. Mindez a gyakorlatban megval\u00f3sulhat p\u00e9ld\u00e1ul olyan egyetemi szakok betilt\u00e1s\u00e1val, melyek t\u00e9m\u00e1ja nagyban \u00e9p\u00fcl a nemek k\u00f6z\u00f6tti egyenl\u0151tlens\u00e9gekre val\u00f3 figyelemfelh\u00edv\u00e1sra, de ak\u00e1r a terhess\u00e9gmegszak\u00edt\u00e1s hozz\u00e1f\u00e9rhet\u0151s\u00e9g\u00e9nek korl\u00e1toz\u00e1s\u00e1val, illetve ide sorolhatjuk azt is, amikor vezet\u0151 politikusok, vagy m\u00e1s, hozz\u00e1juk k\u00f6zel \u00e1ll\u00f3, befoly\u00e1sos szem\u00e9lyek ny\u00edltan felv\u00e1llalj\u00e1k, hogy a nemek k\u00f6z\u00f6tti hierarchia fenntart\u00e1s\u00e1nak t\u00e1mogat\u00f3i. Ha \u00f6sszeadjuk a k\u00f6zvet\u00edtett viselked\u00e9si minta hat\u00e1sait mindazzal, amit az eml\u00edtett d\u00f6nt\u00e9sek kommunik\u00e1lnak a n\u0151kh\u00f6z val\u00f3 hozz\u00e1\u00e1ll\u00e1sr\u00f3l, \u00e9s elhelyezz\u00fck egy olyan vil\u00e1gban, melyben az anyagi bizonytalans\u00e1g napr\u00f3l napra egyre h\u00e9tk\u00f6znapibb jelens\u00e9gg\u00e9 v\u00e1lik, biztosak lehet\u00fcnk benne, hogy sokan fordulnak majd a \u201er\u00e9gi f\u00e9rfiass\u00e1g\u201d ir\u00e1ny\u00e1ba, azzal a hamis rem\u00e9nnyel, hogy az hozza majd el a r\u00e9g\u00f3ta v\u00e1rt nyugalmat \u00e9s stabilit\u00e1st.\u00a0<\/span><span data-ccp-props=\"{&quot;201341983&quot;:0,&quot;335551550&quot;:6,&quot;335551620&quot;:6,&quot;335559739&quot;:160,&quot;335559740&quot;:259}\">\u00a0<\/span><\/p>\n<p><span data-contrast=\"auto\">A besz\u00e9lget\u00e9s sor\u00e1n ugyanakkor nem csak a r\u00e9gihez val\u00f3 visszat\u00e9r\u00e9st \u00f6szt\u00f6nz\u0151 politikai l\u00e9p\u00e9sek ker\u00fcltek sz\u00f3ba. Olyan d\u00f6nt\u00e9sekkel, mint p\u00e9ld\u00e1ul az apas\u00e1gi szabads\u00e1g bevezet\u00e9se, sokat tehetnek az\u00e9rt, hogy a gondoskod\u00e1s feladat\u00e1nak egyenl\u0151 feloszt\u00e1sa els\u0151sorban lehets\u00e9ges, m\u00e1sreszt pedig id\u0151vel mag\u00e1t\u00f3l \u00e9rtet\u0151d\u0151 legyen. A kor\u00e1bban le\u00edrtakkal \u00f6sszhangban, ahogy a nemek k\u00f6z\u00f6tti hierarchia \u2013 \u00fagy az egyenl\u0151s\u00e9g hangoztat\u00e1sa is nagy hat\u00e1ssal lehet ak\u00e1r egy teljes orsz\u00e1g gondolkod\u00e1s\u00e1ra is. Ebb\u0151l mag\u00e1t\u00f3l \u00e9rtet\u0151d\u0151en k\u00f6vetkezik, hogyha befoly\u00e1ssal rendelkez\u0151 f\u00e9rfiak a f\u00e9rfiass\u00e1ghoz val\u00f3 konzervat\u00edv hozz\u00e1\u00e1ll\u00e1s elhagy\u00e1s\u00e1t \u00e9s az \u00e9rzelmeik \u0151szinte meg\u00e9l\u00e9s\u00e9t, a gyeng\u00e9ds\u00e9g, vagy az esetenk\u00e9nt elker\u00fclhetetlen \u201egyenges\u00e9g\u201d kimutat\u00e1s\u00e1t ny\u00edltan felv\u00e1llalj\u00e1k, az sokat seg\u00edthet abban, hogy fokozatosan mindenki sz\u00e1m\u00e1ra term\u00e9szetess\u00e9 v\u00e1ljon egy \u00faj \u00e9s eg\u00e9szs\u00e9gesebb f\u00e9rfiszerepre val\u00f3 \u00e1tt\u00e9r\u00e9s. Fontos azonban kiemelni, hogy ezt a v\u00e1ltoz\u00e1st, pont az el\u0151bb eml\u00edtettek \u00e1ltal meger\u0151s\u00edtve, egyszer\u0171en nem lehet minden egy\u00e9n szem\u00e9lyes felel\u0151ss\u00e9gek\u00e9nt emlegetni, hiszen egy\u00e1ltal\u00e1n az, hogy a f\u00e9rfiass\u00e1gr\u00f3l egyesekben tov\u00e1bbra is \u00e9l egy r\u00e9gi id\u0151ket id\u00e9z\u0151 elv\u00e1r\u00e1s, m\u00e1r mag\u00e1ban a t\u00e1rsadalom \u201esz\u00fcl\u00f6ttje\u201d, ez \u00e1ltal pedig egy \u00faj \u00e9s pozit\u00edvabb megk\u00f6zel\u00edt\u00e9shez is els\u0151k\u00e9nt t\u00e1rsadalmi szinten kell eljutni.\u00a0<\/span><span data-ccp-props=\"{&quot;201341983&quot;:0,&quot;335551550&quot;:6,&quot;335551620&quot;:6,&quot;335559739&quot;:160,&quot;335559740&quot;:259}\">\u00a0<\/span><\/p>\n<p><span data-contrast=\"auto\">A teljes besz\u00e9lget\u00e9s az al\u00e1bbi linken hallgathat\u00f3 meg:\u00a0<\/span><span data-ccp-props=\"{&quot;201341983&quot;:0,&quot;335551550&quot;:6,&quot;335551620&quot;:6,&quot;335559739&quot;:160,&quot;335559740&quot;:259}\">\u00a0<\/span><\/p>\n<p><a href=\"https:\/\/youtu.be\/jnZVyeb8KbI?si=A3Y-jtZHQw89fTb6\"><span data-contrast=\"auto\">https:\/\/youtu.be\/jnZVyeb8KbI?si=A3Y-jtZHQw89fTb6<\/span><span data-ccp-props=\"{&quot;201341983&quot;:0,&quot;335551550&quot;:6,&quot;335551620&quot;:6,&quot;335559739&quot;:160,&quot;335559740&quot;:259}\">\u00a0<\/span><\/a><\/p>\n","protected":false},"excerpt":{"rendered":"<p>Aligha lehetne t\u00falz\u00e1sba es\u00e9st emlegetni, ha azt mondan\u00e1nk, napjaink h\u00e9tk\u00f6znapi haszn\u00e1lat\u00e1ba egyre ink\u00e1bb \u00e1tsziv\u00e1rg\u00f3 tudom\u00e1nyos defin\u00edci\u00f3ira kiv\u00e1l\u00f3 p\u00e9ld\u00e1k, mind maga a \u201etoxikus\u201d, mind az enn\u00e9l kicsit lehat\u00e1roltabb \u201etoxikus maszkulinit\u00e1s\u201d kifejez\u00e9sek. Jelen helyzetben els\u0151sorban a \u201em\u00e9rgez\u0151 f\u00e9rfiass\u00e1gnak\u201d t\u00fck\u00f6rford\u00edthat\u00f3 ut\u00f3bbira szeretn\u00e9k hangs\u00falyt fektetni, hiszen m\u00edg h\u00e9tk\u00f6znapi haszn\u00e1lata a kor\u00e1bban eml\u00edtett m\u00f3don egyre csak n\u00f6vekszik, a jelenlegi tapasztalatok [&hellip;]<\/p>\n","protected":false},"author":14,"featured_media":3731,"comment_status":"closed","ping_status":"closed","sticky":false,"template":"","format":"standard","meta":{"footnotes":""},"categories":[41],"tags":[45,51,50],"class_list":["post-3729","post","type-post","status-publish","format-standard","has-post-thumbnail","hentry","category-komoly","tag-elvarasok","tag-politika","tag-szerepvallalas"],"_links":{"self":[{"href":"https:\/\/phoenix-ngo.sk\/magazin\/wp-json\/wp\/v2\/posts\/3729","targetHints":{"allow":["GET"]}}],"collection":[{"href":"https:\/\/phoenix-ngo.sk\/magazin\/wp-json\/wp\/v2\/posts"}],"about":[{"href":"https:\/\/phoenix-ngo.sk\/magazin\/wp-json\/wp\/v2\/types\/post"}],"author":[{"embeddable":true,"href":"https:\/\/phoenix-ngo.sk\/magazin\/wp-json\/wp\/v2\/users\/14"}],"replies":[{"embeddable":true,"href":"https:\/\/phoenix-ngo.sk\/magazin\/wp-json\/wp\/v2\/comments?post=3729"}],"version-history":[{"count":1,"href":"https:\/\/phoenix-ngo.sk\/magazin\/wp-json\/wp\/v2\/posts\/3729\/revisions"}],"predecessor-version":[{"id":3732,"href":"https:\/\/phoenix-ngo.sk\/magazin\/wp-json\/wp\/v2\/posts\/3729\/revisions\/3732"}],"wp:featuredmedia":[{"embeddable":true,"href":"https:\/\/phoenix-ngo.sk\/magazin\/wp-json\/wp\/v2\/media\/3731"}],"wp:attachment":[{"href":"https:\/\/phoenix-ngo.sk\/magazin\/wp-json\/wp\/v2\/media?parent=3729"}],"wp:term":[{"taxonomy":"category","embeddable":true,"href":"https:\/\/phoenix-ngo.sk\/magazin\/wp-json\/wp\/v2\/categories?post=3729"},{"taxonomy":"post_tag","embeddable":true,"href":"https:\/\/phoenix-ngo.sk\/magazin\/wp-json\/wp\/v2\/tags?post=3729"}],"curies":[{"name":"wp","href":"https:\/\/api.w.org\/{rel}","templated":true}]}}