{"id":3733,"date":"2023-11-05T16:42:17","date_gmt":"2023-11-05T16:42:17","guid":{"rendered":"https:\/\/phoenix-ngo.sk\/?p=3733"},"modified":"2023-11-04T09:44:22","modified_gmt":"2023-11-04T09:44:22","slug":"az-antifasizmusnak-feministanak-kell-lennie","status":"publish","type":"post","link":"https:\/\/phoenix-ngo.sk\/magazin\/blog\/2023\/11\/05\/az-antifasizmusnak-feministanak-kell-lennie\/","title":{"rendered":"Az antifasizmusnak feminist\u00e1nak kell lennie"},"content":{"rendered":"<p><span data-contrast=\"auto\">A \u201eNem lesz\u00fcnk csendben\u201d (Nebudeme ticho) kezdem\u00e9nyez\u00e9s besz\u00e9d\u00e9nek \u00e1tirata, amely a 2022-es \u201eA felkel\u00e9s folytat\u00f3dik\u201d (Povstanie pokra\u010duje) antifasiszta fesztiv\u00e1lon hangzott el Pozsonyban<\/span><span data-ccp-props=\"{&quot;201341983&quot;:0,&quot;335551550&quot;:6,&quot;335551620&quot;:6,&quot;335559739&quot;:200,&quot;335559740&quot;:276}\">\u00a0<\/span><\/p>\n<p><span data-ccp-props=\"{&quot;201341983&quot;:0,&quot;335551550&quot;:6,&quot;335551620&quot;:6,&quot;335559739&quot;:200,&quot;335559740&quot;:276}\">\u00a0<\/span><span data-contrast=\"auto\">\u00a0A \u201eNem lesz\u00fcnk csendben\u201d kezdem\u00e9nyez\u00e9sben nemcsak a reprodukt\u00edv igazs\u00e1goss\u00e1g\u00e9rt vagy az abortuszhoz val\u00f3 hozz\u00e1f\u00e9r\u00e9s korl\u00e1toz\u00e1sa ellen harcolunk, hanem mindenekel\u0151tt a feminista t\u00e1rsadalom\u00e9rt. Ma n\u00e9h\u00e1ny sz\u00f3t sz\u00f3lok arr\u00f3l, hogy mit jelent sz\u00e1munkra a feminista t\u00e1rsadalom, \u00e9s mi\u00e9rt van sz\u00fcks\u00e9g\u00fcnk r\u00e1, hogy mindenkinek j\u00f3 \u00e9lete lehessen, \u00e9s an\u00e9lk\u00fcl \u00e9lhesse azt, hogy puszt\u00edtan\u00e1 mag\u00e1t vagy a benn\u00fcnket k\u00f6r\u00fclvev\u0151 vil\u00e1got.<\/span><span data-ccp-props=\"{&quot;201341983&quot;:0,&quot;335551550&quot;:6,&quot;335551620&quot;:6,&quot;335559739&quot;:200,&quot;335559740&quot;:276}\">\u00a0<\/span><\/p>\n<p><span data-contrast=\"auto\">Sz\u00e1munkra a feminista t\u00e1rsadalom igazs\u00e1gos \u00e9s biztons\u00e1gos t\u00e1rsadalmat jelent. Egy oszt\u00e1lyok n\u00e9lk\u00fcli t\u00e1rsadalmat, amelyben mindannyian j\u00f3l \u00e9lhet\u00fcnk &#8211; ahol az \u00e9letmin\u0151s\u00e9g nem a nemzetis\u00e9gt\u0151l, nemt\u0151l, fajt\u00f3l, b\u0151rsz\u00ednt\u0151l, sz\u00e1rmaz\u00e1st\u00f3l, etnikai hovatartoz\u00e1st\u00f3l, vagy att\u00f3l f\u00fcgg, hogy kihez vonz\u00f3dunk romantikusan, szexu\u00e1lisan vagy \u00e9rzelmileg. Egy igazs\u00e1gos \u00e9s biztons\u00e1gos t\u00e1rsadalmat nemcsak az emberek, hanem az embert k\u00f6r\u00fclvev\u0151 vil\u00e1g sz\u00e1m\u00e1ra is.<\/span><span data-ccp-props=\"{&quot;201341983&quot;:0,&quot;335551550&quot;:6,&quot;335551620&quot;:6,&quot;335559739&quot;:200,&quot;335559740&quot;:276}\">\u00a0<\/span><\/p>\n<p><span data-contrast=\"auto\">Egy ilyen t\u00e1rsadalmat \u00fagy teremthet\u00fcnk meg, ha a kapitalista \u00e9s patriarch\u00e1lis versenyt, rivaliz\u00e1l\u00e1st \u00e9s kizs\u00e1km\u00e1nyol\u00e1st k\u00f6lcs\u00f6n\u00f6s gondoskod\u00e1ssal helyettes\u00edtj\u00fck. Ha a gondoskod\u00e1st \u00e9rt\u00e9kelni fogjuk \u00e9s a mindennapi \u00e9let fontos r\u00e9sz\u00e9v\u00e9 tessz\u00fck. Ha a gondoskod\u00e1s a rendszer r\u00e9sze lesz. Ha mind a gondoskod\u00e1s ny\u00fajt\u00e1sa, mind annak elfogad\u00e1sa mindannyiunkat fog \u00e9rinteni, \u00e9s ha a reprodukt\u00edv munka nem kiz\u00e1r\u00f3lag azon n\u0151k v\u00e1ll\u00e1n nyugszik majd, akikt\u0151l ezt elv\u00e1rj\u00e1k \u00e9s akikn\u00e9l mindezt term\u00e9szetesnek veszik.<\/span><b><span data-contrast=\"auto\">\u00a0<\/span><\/b><span data-ccp-props=\"{&quot;201341983&quot;:0,&quot;335551550&quot;:6,&quot;335551620&quot;:6,&quot;335559739&quot;:200,&quot;335559740&quot;:276}\">\u00a0<\/span><\/p>\n<p><span data-contrast=\"auto\">A gondoskod\u00e1s sokf\u00e9le lehet. A gondoskod\u00e1s felel\u0151ss\u00e9g. P\u00e9ld\u00e1ul a gyermek\u00e9rt val\u00f3 felel\u0151ss\u00e9g, hogy a lehet\u0151 legjobban \u00e9ljen, hogy biztons\u00e1gban \u00e9rezze mag\u00e1t, hogy legyen hol aludnia \u00e9s ne \u00e9hezzen, hogy az otthon, ahol feln\u0151, az iskola vagy b\u00e1rmi m\u00e1s hely, ne hagyjon benne traumatikus \u00e9lm\u00e9nyeket. A gondoskod\u00e1s felel\u0151ss\u00e9g az embert k\u00f6r\u00fclvev\u0151 vil\u00e1g\u00e9rt is, az\u00e9rt, hogy ne puszt\u00edtsuk azt<\/span><span data-contrast=\"auto\">, \u00e9<\/span><span data-contrast=\"auto\">s hogy m\u00e1s k\u00f6z\u00f6ss\u00e9gek ne a hatalmasok \u00e9s a piszkosul gazdagok j\u00f3 \u00e9lete miatt szenvedjenek.<\/span><span data-ccp-props=\"{&quot;201341983&quot;:0,&quot;335551550&quot;:6,&quot;335551620&quot;:6,&quot;335559739&quot;:200,&quot;335559740&quot;:276}\">\u00a0<\/span><\/p>\n<p><span data-contrast=\"auto\">A gondoskod\u00e1s egyben egy\u00fctt\u00e9rz\u00e9s \u00e9s meg\u00e9rt\u00e9s, a m\u00e1sik ember ir\u00e1nti j\u00f3indulat\u00fa \u00e9rdekl\u0151d\u00e9s. A gondoskod\u00e1s az, amikor azt \u00edrom valakinek, hogy rosszul vagyok, \u00e9s az a szem\u00e9ly val\u00f3ban t\u00f6r\u0151dik vele. Amikor valaki azt \u00edrja nekem, hogy nincs rendben, \u00e9s \u00e9n mellette lehetek. Amikor valakivel nem az\u00e9rt tal\u00e1lkozunk, hogy felp\u00f6rgess\u00fck a napunkat, hanem az\u00e9rt, hogy egy\u00fctt lehess\u00fcnk.<\/span><span data-ccp-props=\"{&quot;201341983&quot;:0,&quot;335551550&quot;:6,&quot;335551620&quot;:6,&quot;335559739&quot;:200,&quot;335559740&quot;:276}\">\u00a0<\/span><\/p>\n<p><span data-contrast=\"auto\">A gondoskod\u00e1s egyben t\u00f6rekv\u00e9s, hogy meg\u00e9rts\u00fck \u00e9s t\u00e1mogassuk a m\u00e1sikat<\/span><span data-contrast=\"auto\"> a<\/span><span data-contrast=\"auto\">helyett, hogy el\u00edt\u00e9ln\u00e9nk a m\u00e1ss\u00e1g\u00e1t \u00e9s a helyzet\u00e9t. Hogy t\u00e1mogassuk \u0151t, amikor \u00fagy d\u00f6nt, hogy felv\u00e1llalja &#8222;queers\u00e9g\u00e9t&#8221; a vil\u00e1g el\u0151tt. Hogy t\u00e1mogassuk az abortuszra vonatkoz\u00f3 d\u00f6nt\u00e9s\u00e9ben, de egyben abban is, ha gyermeket v\u00e1llal. Hogy mellette legy\u00fcnk, amikor \u00fagy d\u00f6nt, hogy bejelenti az er\u0151szakot, vagy amikor besz\u00e9lni akar r\u00f3la.<\/span><span data-ccp-props=\"{&quot;201341983&quot;:0,&quot;335551550&quot;:6,&quot;335551620&quot;:6,&quot;335559739&quot;:200,&quot;335559740&quot;:276}\">\u00a0<\/span><\/p>\n<p><span data-contrast=\"auto\">A gondoskod\u00e1s egy\u00fcttm\u0171k\u00f6d\u00e9s. Egy olyan k\u00f6rnyezet kialak\u00edt\u00e1sa, amelyben nem versenyez\u00fcnk, hanem egy\u00fcttm\u0171k\u00f6d\u00fcnk \u00e9s seg\u00edtj\u00fck egym\u00e1st. Ahol egy\u00fctt osztozunk a boldog \u00e9s neh\u00e9z pillanatokban, egy\u00fctt hozunk d\u00f6nt\u00e9seket \u00e9s oldunk meg probl\u00e9m\u00e1kat. A gondoskod\u00e1s a saj\u00e1t hib\u00e1in<\/span><span data-contrast=\"auto\">k<\/span><span data-contrast=\"auto\"> tudato<\/span><span data-contrast=\"auto\">s\u00edt\u00e1sa<\/span><span data-contrast=\"auto\"> \u00e9s a r\u00f3luk val\u00f3 kommunik\u00e1ci\u00f3 k\u00e9pess\u00e9ge is. A bocs\u00e1natk\u00e9r\u00e9s k\u00e9pess\u00e9ge.<\/span><span data-ccp-props=\"{&quot;201341983&quot;:0,&quot;335551550&quot;:6,&quot;335551620&quot;:6,&quot;335559739&quot;:200,&quot;335559740&quot;:276}\">\u00a0<\/span><\/p>\n<p><span data-contrast=\"auto\">A gondoskod\u00e1s azonban \u00f6ngondoskod\u00e1st is jelent. Amikor d\u00e9lut\u00e1n le tudok <\/span><span data-contrast=\"auto\">pihenni<\/span><span data-contrast=\"auto\">, ha t\u00fal kimer\u00fcltnek \u00e9rzem magam, m\u00e9g akkor is, ha munkanap van. Amikor vigy\u00e1zhatok az eg\u00e9szs\u00e9gemre, \u00e9s id\u0151t szak\u00edthatok magamra, ha sz\u00fcks\u00e9gem van r\u00e1. A gondoskod\u00e1s azt jelenti, hogy k\u00e9pesek vagyunk elutas\u00edtani \u00e9s elfogadni az elutas\u00edt\u00e1st.<\/span><span data-ccp-props=\"{&quot;201341983&quot;:0,&quot;335551550&quot;:6,&quot;335551620&quot;:6,&quot;335559739&quot;:200,&quot;335559740&quot;:276}\">\u00a0<\/span><\/p>\n<p><span data-contrast=\"auto\">\u00c9s v\u00e9g\u00fcl, de nem utols\u00f3sorban, a<\/span><span data-contrast=\"auto\"> gondoskod\u00e1s a<\/span><span data-contrast=\"auto\"> felmosott f\u00fcrd\u0151szob<\/span><span data-contrast=\"auto\">\u00e1t<\/span><span data-contrast=\"auto\">, a h\u0171t\u0151szekr\u00e9nyben l\u00e9v\u0151 \u00e9tel<\/span><span data-contrast=\"auto\">t<\/span><span data-contrast=\"auto\">, a tiszta ruh\u00e1<\/span><span data-contrast=\"auto\">t<\/span><span data-contrast=\"auto\"> \u00e9s a test \u00e1pol\u00e1s<\/span><span data-contrast=\"auto\">\u00e1t is jelenti.<\/span><span data-ccp-props=\"{&quot;201341983&quot;:0,&quot;335551550&quot;:6,&quot;335551620&quot;:6,&quot;335559739&quot;:200,&quot;335559740&quot;:276}\">\u00a0<\/span><\/p>\n<p><span data-contrast=\"auto\">Ezek a p\u00e9ld\u00e1k azt mutatj\u00e1k, hogy a gondoskod\u00e1s \u00e9s gyakorlat\u00e1nak elsaj\u00e1t\u00edt\u00e1sa sok energi\u00e1t \u00e9s id\u0151t ig\u00e9nyel. A gondoskod\u00e1s egyszerre hordozza a d\u00f6nt\u00e9shozatalt \u00e9s a konfliktust. Rengeteg munk\u00e1val j\u00e1r, de a b\u0171ntudat \u00e9s az el\u00e9gtelens\u00e9g \u00e9rz\u00e9s\u00e9vel is, amit az \u00f6r\u00f6m \u00e9s az el\u00e9gedetts\u00e9g \u00e9rz\u00e9se ellens\u00falyoz. F\u00e1raszt\u00f3 gondoskodni eg\u00e9szs\u00e9g\u00fcnkr\u0151l, gondoskodni m\u00e1sokr\u00f3l \u00e9s arr\u00f3l a helyr\u0151l, ahol \u00e9lek, <\/span><span data-contrast=\"auto\">ahol <\/span><span data-contrast=\"auto\">dolgozom,<\/span><span data-contrast=\"auto\"> ahol<\/span><span data-contrast=\"auto\"> fejl\u0151d\u00f6m, \u00e9s ahol teret teremtek m\u00e1s emberek sz\u00e1m\u00e1ra.<\/span><span data-ccp-props=\"{&quot;201341983&quot;:0,&quot;335551550&quot;:6,&quot;335551620&quot;:6,&quot;335559739&quot;:200,&quot;335559740&quot;:276}\">\u00a0<\/span><\/p>\n<p><span data-contrast=\"auto\">Ha megn\u00e9zz\u00fck, hogyan \u00e9l<\/span><span data-contrast=\"auto\">\u00fcnk<\/span><span data-contrast=\"auto\"> ma a legt\u00f6bb<\/span><span data-contrast=\"auto\">en<\/span><span data-contrast=\"auto\">, nyilv\u00e1nval\u00f3, hogy \u00e1ltal\u00e1ban nincs id\u0151nk vagy energi\u00e1nk a gondoskod\u00e1sra \u00e9s a gondoskod\u00e1s gyakorlat\u00e1nak elsaj\u00e1t\u00edt\u00e1s\u00e1ra. A f\u0151tt \u00e9tel, egy neh\u00e9z \u00e9lethelyzetben<\/span><span data-contrast=\"auto\"> \u00e9rkez\u0151 <\/span><span data-contrast=\"auto\">t\u00e1mogat\u00e1s, az \u00e9let probl\u00e9m\u00e1inak \u00e9s \u00f6r\u00f6meinek k\u00f6lcs\u00f6n\u00f6s megoszt\u00e1sa, vagy egy m\u00f3dszer megtal\u00e1l\u00e1sa, amely nem \u00e1rt m\u00e1soknak vagy a benn\u00fcnket k\u00f6r\u00fclvev\u0151 vil\u00e1gnak \u2013 ezek a dolgok tartanak \u00e9letben minket, \u00e9s ezek teszik \u00e9lhet\u0151v\u00e9 az \u00e9let\u00fcnket.<\/span><span data-ccp-props=\"{&quot;201341983&quot;:0,&quot;335551550&quot;:6,&quot;335551620&quot;:6,&quot;335559739&quot;:200,&quot;335559740&quot;:276}\">\u00a0<\/span><\/p>\n<p><span data-contrast=\"auto\">Sz\u00e1munkra teh\u00e1t a feminista t\u00e1rsadalom mindenekel\u0151tt gondoskod\u00f3 t\u00e1rsadalmat jelent.<\/span><span data-ccp-props=\"{&quot;201341983&quot;:0,&quot;335551550&quot;:6,&quot;335551620&quot;:6,&quot;335559739&quot;:200,&quot;335559740&quot;:276}\">\u00a0<\/span><\/p>\n<p><span data-contrast=\"auto\">Amint azt besz\u00e9dem elej\u00e9n elmondtam, egy ilyen t\u00e1rsadalom kialak\u00edt\u00e1s\u00e1hoz elengedhetetlen, hogy a gondoskod\u00e1s a rendszer r\u00e9sz\u00e9v\u00e9 v\u00e1ljon. Fontos, hogy ne kelljen id\u0151nk nagy r\u00e9sz\u00e9t olyan munk\u00e1val t\u00f6lten\u00fcnk, amely csup\u00e1n m\u00e1soknak hoz nyeres\u00e9get, sz\u00e1munkra azonban \u201e\u00e9rtelmetlen\u201d \u00e9s \u00e9ppen csak a meg\u00e9lhet\u00e9s\u00fcnket biztos\u00edtja (ha egy\u00e1ltal\u00e1n biztos\u00edtja). Tisztess\u00e9ges munkak\u00f6r\u00fclm\u00e9nyeket kell biztos\u00edtanunk azok sz\u00e1m\u00e1ra, akik eg\u00e9szs\u00e9g\u00fcgyi ell\u00e1t\u00e1st vagy oktat\u00e1st ny\u00fajtanak a t\u00e1rsadalom sz\u00e1m\u00e1ra<\/span><span data-contrast=\"auto\">, \u00e9<\/span><span data-contrast=\"auto\">s fel kell hagynunk azzal, hogy teherk\u00e9nt tekints\u00fcnk azokra, akiknek gondoz\u00e1sra van sz\u00fcks\u00e9g\u00fck.<\/span><span data-ccp-props=\"{&quot;201341983&quot;:0,&quot;335551550&quot;:6,&quot;335551620&quot;:6,&quot;335559739&quot;:200,&quot;335559740&quot;:276}\">\u00a0<\/span><\/p>\n<p><span data-contrast=\"auto\">Min\u00e9l kev\u00e9sb\u00e9 egy\u00e9nre szabott az ell\u00e1t\u00e1s, \u00e9s min\u00e9l t\u00f6bbet hozunk l\u00e9tre \u00e9s besz\u00e9l\u00fcnk gondoskod\u00f3 <\/span><span data-contrast=\"auto\">t\u00e1rsadalomr\u00f3l<\/span><span data-contrast=\"auto\">, ann\u00e1l t\u00f6bb \u00f6r\u00f6mben \u00e9s ann\u00e1l kevesebb konfliktusban lehet r\u00e9sz\u00fcnk.\u00a0<\/span><span data-ccp-props=\"{&quot;201341983&quot;:0,&quot;335551550&quot;:6,&quot;335551620&quot;:6,&quot;335559739&quot;:200,&quot;335559740&quot;:276}\">\u00a0<\/span><\/p>\n<p><span data-contrast=\"auto\">Hozzunk l\u00e9tre gondoskod\u00f3 <\/span><span data-contrast=\"auto\">t\u00e1rsadalmat<\/span><span data-contrast=\"auto\">, tanulju<\/span><span data-contrast=\"auto\">n<\/span><span data-contrast=\"auto\">k meg gondoskodni, gondoskodjunk \u00e9s fogadjuk el a gondoskod\u00e1st. Ne romantiz\u00e1ljuk \u00e9s ne is idealiz\u00e1ljuk<\/span><span data-contrast=\"auto\"> azt<\/span><span data-contrast=\"auto\">. Ink\u00e1bb politiz\u00e1ljuk. <\/span><span data-contrast=\"auto\">\u00c9s ne maradjunk <\/span><span data-contrast=\"auto\">csendben!<\/span><span data-ccp-props=\"{&quot;201341983&quot;:0,&quot;335551550&quot;:6,&quot;335551620&quot;:6,&quot;335559739&quot;:200,&quot;335559740&quot;:276}\">\u00a0<\/span><\/p>\n<p><i><span data-contrast=\"auto\">Gyepes Bogl\u00e1rka ford\u00edt\u00e1sa<\/span><\/i><span data-ccp-props=\"{&quot;201341983&quot;:0,&quot;335551550&quot;:3,&quot;335551620&quot;:3,&quot;335559739&quot;:200,&quot;335559740&quot;:276}\">\u00a0<\/span><\/p>\n<p><span data-contrast=\"none\">Forr\u00e1s: <\/span><b><span data-contrast=\"none\">Antifa\u0161izmus mus\u00ed by\u0165 feministick\u00fd. Preto bojujeme za starostliv\u00fa spolo\u010dnos\u0165<\/span><\/b><span data-contrast=\"none\">\u202fIn ASPEKTin &#8211; feministick\u00fd webzin. ISSN 1225-8982. Uverejnen\u00e9 30\/08\/2022. Z\u00edskan\u00e9 13\/09\/2023 &#8211; 20:47. Dostupn\u00e9 na http:\/\/aspekt.sk\/content\/aspektin\/antifasizmus-musi-byt-feministicky-preto-bojujeme-za-starostlivu-spolocnost<\/span><span data-ccp-props=\"{&quot;201341983&quot;:0,&quot;335551550&quot;:6,&quot;335551620&quot;:6,&quot;335559739&quot;:200,&quot;335559740&quot;:276}\">\u00a0<\/span><\/p>\n","protected":false},"excerpt":{"rendered":"<p>A \u201eNem lesz\u00fcnk csendben\u201d (Nebudeme ticho) kezdem\u00e9nyez\u00e9s besz\u00e9d\u00e9nek \u00e1tirata, amely a 2022-es \u201eA felkel\u00e9s folytat\u00f3dik\u201d (Povstanie pokra\u010duje) antifasiszta fesztiv\u00e1lon hangzott el Pozsonyban\u00a0 \u00a0\u00a0A \u201eNem lesz\u00fcnk csendben\u201d kezdem\u00e9nyez\u00e9sben nemcsak a reprodukt\u00edv igazs\u00e1goss\u00e1g\u00e9rt vagy az abortuszhoz val\u00f3 hozz\u00e1f\u00e9r\u00e9s korl\u00e1toz\u00e1sa ellen harcolunk, hanem mindenekel\u0151tt a feminista t\u00e1rsadalom\u00e9rt. Ma n\u00e9h\u00e1ny sz\u00f3t sz\u00f3lok arr\u00f3l, hogy mit jelent sz\u00e1munkra a feminista [&hellip;]<\/p>\n","protected":false},"author":8,"featured_media":3734,"comment_status":"closed","ping_status":"closed","sticky":false,"template":"","format":"standard","meta":{"footnotes":""},"categories":[40],"tags":[52,51],"class_list":["post-3733","post","type-post","status-publish","format-standard","has-post-thumbnail","hentry","category-nagyvilag","tag-onertekeles","tag-politika"],"_links":{"self":[{"href":"https:\/\/phoenix-ngo.sk\/magazin\/wp-json\/wp\/v2\/posts\/3733","targetHints":{"allow":["GET"]}}],"collection":[{"href":"https:\/\/phoenix-ngo.sk\/magazin\/wp-json\/wp\/v2\/posts"}],"about":[{"href":"https:\/\/phoenix-ngo.sk\/magazin\/wp-json\/wp\/v2\/types\/post"}],"author":[{"embeddable":true,"href":"https:\/\/phoenix-ngo.sk\/magazin\/wp-json\/wp\/v2\/users\/8"}],"replies":[{"embeddable":true,"href":"https:\/\/phoenix-ngo.sk\/magazin\/wp-json\/wp\/v2\/comments?post=3733"}],"version-history":[{"count":1,"href":"https:\/\/phoenix-ngo.sk\/magazin\/wp-json\/wp\/v2\/posts\/3733\/revisions"}],"predecessor-version":[{"id":3735,"href":"https:\/\/phoenix-ngo.sk\/magazin\/wp-json\/wp\/v2\/posts\/3733\/revisions\/3735"}],"wp:featuredmedia":[{"embeddable":true,"href":"https:\/\/phoenix-ngo.sk\/magazin\/wp-json\/wp\/v2\/media\/3734"}],"wp:attachment":[{"href":"https:\/\/phoenix-ngo.sk\/magazin\/wp-json\/wp\/v2\/media?parent=3733"}],"wp:term":[{"taxonomy":"category","embeddable":true,"href":"https:\/\/phoenix-ngo.sk\/magazin\/wp-json\/wp\/v2\/categories?post=3733"},{"taxonomy":"post_tag","embeddable":true,"href":"https:\/\/phoenix-ngo.sk\/magazin\/wp-json\/wp\/v2\/tags?post=3733"}],"curies":[{"name":"wp","href":"https:\/\/api.w.org\/{rel}","templated":true}]}}