{"id":3774,"date":"2023-11-17T18:00:38","date_gmt":"2023-11-17T17:00:38","guid":{"rendered":"https:\/\/phoenix-ngo.sk\/?p=3774"},"modified":"2023-11-24T18:59:07","modified_gmt":"2023-11-24T17:59:07","slug":"noi-sorsrock-2-dolgozo-platinak","status":"publish","type":"post","link":"https:\/\/phoenix-ngo.sk\/magazin\/blog\/2023\/11\/17\/noi-sorsrock-2-dolgozo-platinak\/","title":{"rendered":"N\u0151i sorsrock #2 &#8211; Dolgoz\u00f3 platin\u00e1k"},"content":{"rendered":"<p><em>A d\u00fcb\u00f6rg\u00e9s hirtelen elhalkul. A keletkezett csendet munk\u00e1\u00e9rt epeked\u0151 v\u00e9szki\u00e1lt\u00e1sok t\u00f6ltik meg, m\u00edg a h\u00e1tt\u00e9rb\u0151l felcsend\u00fcl az \u00edr\u00f3g\u00e9pek, telefonok, t\u00e1blakr\u00e9t\u00e1k \u00e9s inf\u00fazi\u00f3s \u00e1llv\u00e1nyok hangja. K\u00e9ts\u00e9gbeesetten \u00e9s \u00edt\u00e9lkez\u0151en vonj\u00e1k k\u00e9rd\u0151re az elbocs\u00e1tott f\u00e9rfiak a dolgoz\u00f3 m\u00e1sik nemet, s k\u00f6zben esz\u00fckbe sem jut, csak a n\u0151k elk\u00f6telezetts\u00e9g\u00e9vel \u00e9s kitart\u00e1s\u00e1val k\u00fczdhet\u0151k le a v\u00e1ls\u00e1gos harmincasok.<\/em><\/p>\n<p>A nagy gazdas\u00e1gi vil\u00e1gv\u00e1ls\u00e1g az \u00e9let \u00f6sszes ter\u00fclet\u00e9t \u00e9rintette, s a h\u00faszas \u00e9vek m\u00e1moros \u00f6sszej\u00f6veteleit k\u00f6vet\u0151 id\u0151szakot a magatehetetlen \u00e1lmodoz\u00f3k k\u00f6ny\u00f6rtelen m\u00e1snaposs\u00e1ga z\u00e1rta. Napr\u00f3l napra, \u00f3r\u00e1r\u00f3l \u00f3r\u00e1ra sz\u0171ntek meg a munkahelyek az Egyes\u00fclt \u00c1llamokban, s a r\u00e9szv\u00e9nyt\u0151zsde teljes \u00f6sszeoml\u00e1sa miatt a szakad\u00e9k sz\u00e9l\u00e9n \u00e1ll\u00f3 gazdas\u00e1gi helyzet az infl\u00e1ci\u00f3val kar\u00f6ltve Eur\u00f3pa orsz\u00e1gaira is kiterjedt. Talicsk\u00e1ban tologatott fizet\u00e9sek, utc\u00e1ra kivonul\u00f3 munk\u00e1sok, egy szob\u00e1ban kuporg\u00f3 csal\u00e1dtagok\u2026 \u00e9s dolgoz\u00f3 n\u0151k?<\/p>\n<p>Mindenki meglepet\u00e9s\u00e9re a sz\u00e1zad egyik legkegyetlenebb t\u00f6rt\u00e9n\u00e9ssorozata, mely a munkan\u00e9lk\u00fclis\u00e9gi r\u00e1ta \u00f3ri\u00e1si n\u00f6veked\u00e9s\u00e9t hozta mag\u00e1val a f\u00e9rfiak k\u00f6r\u00e9ben, \u00fajabb \u00e1ll\u00e1slehet\u0151s\u00e9geket jelentett a n\u0151k sz\u00e1m\u00e1ra. Mivel f\u00e9rjeik sok esetben elvesztett\u00e9k a csal\u00e1dfenntart\u00f3 szerep\u00e9t, \u0151k vett\u00e9k \u00e1t hely\u00fcket, mert az \u201easszonymunk\u00e1k\u201d \u2013 a tan\u00edt\u00e1s, az eg\u00e9szs\u00e9g\u00fcgyi \u00e9s titk\u00e1rn\u0151i feladatok \u2013 nem sz\u0171ntek meg. A fizet\u00e9s\u00fck persze sokkal kevesebb volt, mint a \u201ef\u00e9rfiaknak val\u00f3\u201d munk\u00e1k eset\u00e9ben, t\u00f6bbnyire m\u00e9gis az \u0151 kereset\u00fckb\u0151l gazd\u00e1lkodott a csal\u00e1d. Emellett term\u00e9szetesen elv\u00e1rt\u00e1k t\u0151l\u00fck, hogy t\u00f6k\u00e9letes h\u00e1ziasszonyk\u00e9nt ell\u00e1ss\u00e1k otthoni feladataikat is, mialatt munk\u00e1jukkal \u0151k vitt\u00e9k el\u0151re az orsz\u00e1g gazdas\u00e1g\u00e1t, hiszen nagyr\u00e9szt \u0151k \u00e1llhattak munk\u00e1ba.<\/p>\n<p>A felsoroltak ellen\u00e9re sem volt ritka, hogy ujjal mutogattak a dolgoz\u00f3 csal\u00e1dany\u00e1kra, akik \u00e1ll\u00edt\u00f3lagosan elfoglalt\u00e1k azokat a munkahelyeket, melyekre f\u00e9rfiak k\u00fcl\u00f6nben sem jelentkeztek volna. Kiv\u00e1ltk\u00e9pp igaz volt ez az afroamerikai \u00e9s a Mexik\u00f3b\u00f3l emigr\u00e1lt n\u0151kre, akik legink\u00e1bb takar\u00edt\u00f3n\u0151i \u00e1ll\u00e1st v\u00e1llaltak. Ezekben az esetekben a rasszizmus \u00e9s a xenof\u00f3bia is k\u00f6zrej\u00e1tszott, hiszen ezek az alacsonyabb rang\u00fa emberek, ezek a bev\u00e1ndorl\u00f3k is dolgoztak, a \u201erendes amerikai\u201d polg\u00e1roknak pedig nem jutott munka.<\/p>\n<p>Az egyed\u00fcl\u00e1ll\u00f3 n\u0151k \u00e9lete egyenesen fel\u00e9rt egy skandalummal, hiszen dolgozhattak, r\u00e1ad\u00e1sul minden p\u00e9nz\u00fcket magukra k\u00f6lthett\u00e9k. Ez az \u00e9letforma alapj\u00e1raton elfogadhatatlan volt, mivel nem lehetett r\u00e1vet\u00edteni a harmincas \u00e9vek ide\u00e1lis n\u0151im\u00e1zs\u00e1t, mely enyh\u00e9n sz\u00f3lva megrekedt a f\u00e9rfiak \u00e1ltal megszabott klasszikus szereposzt\u00e1sn\u00e1l. Tal\u00e1n a v\u00e1ltoz\u00e1s ut\u00e1ni v\u00e1gy k\u00f6vetkezt\u00e9ben t\u00f6rt\u00e9nt, hogy a h\u00e1zass\u00e1gk\u00f6t\u00e9sek sz\u00e1ma egyre cs\u00f6kkent ebben az id\u0151szakban.<\/p>\n<p>A p\u00e9nzhi\u00e1ny miatt a k\u00f6z\u00f6ss\u00e9gi \u00e9let is hatalmas fordulatot vett, a t\u00falzs\u00fafolt, whiskyben \u00e9s pezsg\u0151ben f\u00fcrd\u0151z\u0151 partik az el\u0151z\u0151 \u00e9vtizedben maradtak a gondatlans\u00e1ggal egy\u00fctt, s a harmincasokban az olcs\u00f3, lehet\u0151leg ingyenes sz\u00f3rakoz\u00e1si form\u00e1kra t\u00f6rekedtek az emberek, melyek \u00f6sszehozt\u00e1k az eg\u00e9sz csal\u00e1dot. Ekkor terjedtek el igaz\u00e1n a k\u00e1rtya- \u00e9s a t\u00e1rsasj\u00e1t\u00e9kok, legink\u00e1bb a <em>Monopoly<\/em>, melyben elk\u00e9pzelhetetlen vagyonnal kereskedhettek mind a sz\u00fcl\u0151k, mind a gyerekek.<\/p>\n<p>&nbsp;<\/p>\n<p><img fetchpriority=\"high\" decoding=\"async\" class=\"wp-image-3822 aligncenter\" src=\"https:\/\/phoenix-ngo.sk\/magazin\/wp-content\/uploads\/2023\/11\/2023_11_17_02-300x91.jpg\" alt=\"\" width=\"551\" height=\"167\" srcset=\"https:\/\/phoenix-ngo.sk\/magazin\/wp-content\/uploads\/2023\/11\/2023_11_17_02-300x91.jpg 300w, https:\/\/phoenix-ngo.sk\/magazin\/wp-content\/uploads\/2023\/11\/2023_11_17_02-1024x311.jpg 1024w, https:\/\/phoenix-ngo.sk\/magazin\/wp-content\/uploads\/2023\/11\/2023_11_17_02-768x234.jpg 768w, https:\/\/phoenix-ngo.sk\/magazin\/wp-content\/uploads\/2023\/11\/2023_11_17_02-1536x467.jpg 1536w, https:\/\/phoenix-ngo.sk\/magazin\/wp-content\/uploads\/2023\/11\/2023_11_17_02-570x173.jpg 570w, https:\/\/phoenix-ngo.sk\/magazin\/wp-content\/uploads\/2023\/11\/2023_11_17_02-270x82.jpg 270w, https:\/\/phoenix-ngo.sk\/magazin\/wp-content\/uploads\/2023\/11\/2023_11_17_02.jpg 2003w\" sizes=\"(max-width: 551px) 100vw, 551px\" \/><\/p>\n<p>A legegy\u00e9rtelm\u0171bb, a d\u00e9lib\u00e1bnak t\u0171n\u0151 szebb id\u0151kb\u0151l visszamaradt \u00f6r\u00f6m pedig maga a zene volt. A r\u00e1di\u00f3b\u00f3l felcsend\u00fcl\u0151 dallamok alkotta v\u00e9delmez\u0151 bubor\u00e9k, mely arra k\u00e9sztette az elkeseredett, az \u00e9letbe belef\u00e1radt polg\u00e1rokat, hogy nevessenek, hogy elfeledj\u00e9k b\u00e1natukat arra a p\u00e1r percre, m\u00edg a nagyzenekarok j\u00e1tszotta swingre t\u00e1ncolnak. Ennek keser\u00e9des ellent\u00e9tje volt az egyre tov\u00e1bb fejl\u0151d\u0151 jazz, mely sokszor a nosztalgikus m\u00e9l\u00e1z\u00e1s eszk\u00f6zek\u00e9nt rezon\u00e1lt. Ekkor kezd\u0151d\u00f6tt meg az az\u00f3ta is tart\u00f3 popszt\u00e1rok \u00e9s sz\u00edvtipr\u00f3k t\u00f6k\u00e9letes\u00edt\u00e9se is, mely szint\u00e9n egy f\u00e9rfiak uralta \u00e1gazat volt, eml\u00edts\u00fck csak <em>Bing Crosby<\/em> vagy <em>Rudy Vall\u00e9e<\/em> nev\u00e9t. A rasszizmus a sz\u00f3rakoztat\u00f3iparban tov\u00e1bbra is jelen volt, de paradox m\u00f3don az \u00e9vtized legnagyobb nevei k\u00f6z\u00f6tt rengeteg afroamerikai el\u0151ad\u00f3 \u00e9s zeneszerz\u0151 szerepel, legf\u0151k\u00e9pp a jazz \u00e9s a vissza-visszat\u00e9r\u0151 blues vil\u00e1g\u00e1ban.<\/p>\n<p>A m\u0171v\u00e9szn\u0151k ebben az esetben is elv\u00e1laszthatatlan r\u00e9szei voltak a zeneiparnak, s b\u00e1r m\u00e9g mindig kisebbs\u00e9gi st\u00e1tuszban, de v\u00e9gre egy kicsit nagyobb elismer\u00e9ssel alkothattak. Ha a jazz\u00e9nekesn\u0151ket eml\u00edtj\u00fck, ak\u00e1r \u00e1ltal\u00e1noss\u00e1gban, ak\u00e1r konkr\u00e9tan a harmincas \u00e9vekre f\u00f3kusz\u00e1lva, semmik\u00e9pp nem maradhat ki a sorb\u00f3l <em>Ella Fitzgerald<\/em>, a jazz kir\u00e1lyn\u0151je, aki minden egyes \u00fctemn\u00e9l egyre beljebb \u00e9s beljebb vitte a k\u00f6z\u00f6ns\u00e9get az \u00e9ppen kibontakoz\u00f3 t\u00f6rt\u00e9netbe. Dalaival \u00fagy mes\u00e9lt, hogy minden artikul\u00e1lt \u00e9s artikul\u00e1latlan szav\u00e1t elhitt\u00e9k. Felejthetetlen hangsz\u00edn\u00e9vel egy \u00e9rzelmekkel teli vil\u00e1gba kalauzolta a hallgat\u00f3kat, j\u00e1t\u00e9koss\u00e1g\u00e1val pedig \u00fagy mozgatta meg \u0151ket, ahogyan senki m\u00e1s.<\/p>\n<p><em>Ella Fitzgerald<\/em> mellett a m\u00e1sik jelent\u0151s n\u0151i el\u0151ad\u00f3 ebben az \u00e9vtizedben <em>Billie Holiday<\/em> volt. M\u0171v\u00e9szet\u00e9ben visszak\u00f6sz\u00f6nt az ill\u00fazi\u00f3k\u00e9nt lebeg\u0151 h\u00faszas \u00e9vek zen\u00e9je, a blues nyers ereje, a swing k\u00f6nnyeds\u00e9ge, a korb\u00f3l hi\u00e1nyz\u00f3 pozitivit\u00e1s. \u0150 volt az els\u0151 afroamerikai \u00e9nekesn\u0151, aki egy nagyzenekarral v\u00e9gigturn\u00e9zta a d\u00e9li \u00e1llamokat, mely akkoriban igaz\u00e1n rebellisnek \u00e9s egyben elk\u00e9peszt\u0151nek sz\u00e1m\u00edtott, hisz ezt j\u00f3val az afroamerikai egyenl\u0151s\u00e9g kiv\u00edv\u00e1sa el\u0151tt tette.<\/p>\n<p>A zene nemcsak a megszokott k\u00f6zeg\u00e9ben kapott hatalmas szerepet, hanem a nyugati part m\u0171veit bemutat\u00f3 filmv\u00e1sznakon is, melyek a harmincas \u00e9vekben k\u00fcl\u00f6n\u00f6sk\u00e9pp meghat\u00e1rozt\u00e1k \u00e9s megv\u00e1ltoztatt\u00e1k a n\u0151ide\u00e1lt. Hollywood aranykora a hangosfilmek elterjed\u00e9s\u00e9n, a sz\u00ednes mozg\u00f3k\u00e9pek \u00e9s <em>Judy Garland<\/em> r\u00e9vedez\u0151<em> Over The Rainbow<\/em> c\u00edm\u0171 dal\u00e1n k\u00edv\u00fcl mag\u00e1val hozta az els\u0151 n\u0151i szexszimb\u00f3lumokat is, akik az \u201eigazi\u201d, sztereotipikus n\u0151is\u00e9g jegyeit viselt\u00e9k magukon. Hajukat valamivel hosszabbra n\u00f6vesztett\u00e9k, mint t\u00e1rsaik az el\u0151z\u0151 \u00e9vtizedben, idomaikat soha nem takart\u00e1k, vigy\u00e1ztak az alakjukra, kih\u00edv\u00f3an sminkeltek, nevettek, cs\u00e1b\u00edtottak, bossz\u00fat \u00e1lltak, de itt-ott az\u00e9rt gyerekesek, m\u00e1skor pedig but\u00e1csk\u00e1k voltak. T\u00f6k\u00e9letes p\u00e9ld\u00e1ja ennek <em>Jean Harlow<\/em>, az eredeti, platinasz\u0151ke bomb\u00e1z\u00f3, vagy a korai rajzfilmfigur\u00e1k k\u00f6z\u00fcl <em>Betty Boop<\/em>. L\u00e1zad\u00f3k persze mindig akadtak, akik egy kicsit m\u00e1sk\u00e9pp \u00e1lltak hozz\u00e1 az elv\u00e1r\u00e1sokhoz, f\u00e9ktelen k\u00edv\u00e1ncsis\u00e1guk \u00e9s k\u00eds\u00e9rletez\u00e9si k\u00e9sztet\u00e9s\u00fck \u00e1ltal azt\u00e1n \u00fatt\u00f6r\u0151kk\u00e9nt m\u00e1sf\u00e9le st\u00edlusir\u00e1nyokkal is sokkolt\u00e1k a korabeli n\u00e9z\u0151ket. Ilyen volt <em>Marlene Dietrich<\/em>, az egyik legkiemelked\u0151bb eur\u00f3pai sz\u00edn\u00e9szn\u0151, a filmb\u00e9li \u00f6lt\u00f6ny\u00f6s megjelen\u00e9s\u00e9vel, mely \u00f6r\u00f6k nyomott hagyott a n\u0151i divatvil\u00e1gban.<\/p>\n<p>A v\u00e1ls\u00e1gos harmincasok a n\u0151i l\u00e9t k\u00fcls\u0151j\u00e9t \u00e9s bels\u0151j\u00e9t is er\u0151sen meghat\u00e1rozt\u00e1k, hiszen az \u00e9vtized egy nagyon kaotikus szitu\u00e1ci\u00f3ba sodorta mind az \u00e1tlagos, mind a m\u0171v\u00e9szn\u0151ket, akik kibontakozott vagy \u00e9ppen kibontakoz\u00f3 k\u00e9pess\u00e9geiket bevetve pr\u00f3b\u00e1lt\u00e1k el\u00e9rni a nekik j\u00e1r\u00f3 elismer\u00e9st, nem is sejtve, hogy mi v\u00e1r r\u00e1juk az elk\u00f6vetkezend\u0151 hat \u00e9vben, s mekkora sz\u00fcks\u00e9ge lesz r\u00e1juk a t\u00e1rsadalomnak. Ott volt a zene \u00e9s a film, ott volt a munka \u00e9s a lassan alakul\u00f3 hull\u00e1mhossz, de ism\u00e9t nagy er\u0151t kellett venni\u00fck magukon, mert visszat\u00e9rt a puszt\u00edt\u00e1s, a f\u00e1jdalom, \u00e9s folyamatosan \u00e9rkeztek az egyre nagyobb \u00e9s nagyobb kih\u00edv\u00e1sok. <em>Rosie<\/em>, a te lemezed k\u00f6vetkezik!<\/p>\n<p>B\u00f3na Friderika<\/p>\n<p>Forr\u00e1sok: <a href=\"https:\/\/www.history.com\/news\/working-women-great-depression\"><span style=\"color: #0000ff;\"><strong>ITT<\/strong><\/span><\/a>, <a href=\"https:\/\/www.history.com\/news\/life-for-the-average-family-during-the-great-depression\"><span style=\"color: #0000ff;\"><strong>ITT<\/strong><\/span><\/a>, <a href=\"https:\/\/www.history.com\/topics\/great-depression\/1930s\"><span style=\"color: #0000ff;\"><strong>ITT<\/strong><\/span><\/a>, <span style=\"color: #0000ff;\"><strong><a href=\"https:\/\/www.thepeoplehistory.com\/30smusic.html\">ITT<\/a> <\/strong><\/span>\u00e9s <a href=\"https:\/\/curioushistorian.com\/daily-life-during-the-great-depression\/2\"><span style=\"color: #0000ff;\"><strong>ITT<\/strong><\/span><\/a><\/p>\n<p>&nbsp;<\/p>\n","protected":false},"excerpt":{"rendered":"<p>A d\u00fcb\u00f6rg\u00e9s hirtelen elhalkul. A keletkezett csendet munk\u00e1\u00e9rt epeked\u0151 v\u00e9szki\u00e1lt\u00e1sok t\u00f6ltik meg, m\u00edg a h\u00e1tt\u00e9rb\u0151l felcsend\u00fcl az \u00edr\u00f3g\u00e9pek, telefonok, t\u00e1blakr\u00e9t\u00e1k \u00e9s inf\u00fazi\u00f3s \u00e1llv\u00e1nyok hangja. K\u00e9ts\u00e9gbeesetten \u00e9s \u00edt\u00e9lkez\u0151en vonj\u00e1k k\u00e9rd\u0151re az elbocs\u00e1tott f\u00e9rfiak a dolgoz\u00f3 m\u00e1sik nemet, s k\u00f6zben esz\u00fckbe sem jut, csak a n\u0151k elk\u00f6telezetts\u00e9g\u00e9vel \u00e9s kitart\u00e1s\u00e1val k\u00fczdhet\u0151k le a v\u00e1ls\u00e1gos harmincasok. A nagy gazdas\u00e1gi [&hellip;]<\/p>\n","protected":false},"author":5,"featured_media":3822,"comment_status":"closed","ping_status":"closed","sticky":false,"template":"","format":"standard","meta":{"footnotes":""},"categories":[42],"tags":[47,49,64],"class_list":["post-3774","post","type-post","status-publish","format-standard","has-post-thumbnail","hentry","category-konnyed","tag-gender","tag-kutatas","tag-zene"],"_links":{"self":[{"href":"https:\/\/phoenix-ngo.sk\/magazin\/wp-json\/wp\/v2\/posts\/3774","targetHints":{"allow":["GET"]}}],"collection":[{"href":"https:\/\/phoenix-ngo.sk\/magazin\/wp-json\/wp\/v2\/posts"}],"about":[{"href":"https:\/\/phoenix-ngo.sk\/magazin\/wp-json\/wp\/v2\/types\/post"}],"author":[{"embeddable":true,"href":"https:\/\/phoenix-ngo.sk\/magazin\/wp-json\/wp\/v2\/users\/5"}],"replies":[{"embeddable":true,"href":"https:\/\/phoenix-ngo.sk\/magazin\/wp-json\/wp\/v2\/comments?post=3774"}],"version-history":[{"count":11,"href":"https:\/\/phoenix-ngo.sk\/magazin\/wp-json\/wp\/v2\/posts\/3774\/revisions"}],"predecessor-version":[{"id":3823,"href":"https:\/\/phoenix-ngo.sk\/magazin\/wp-json\/wp\/v2\/posts\/3774\/revisions\/3823"}],"wp:featuredmedia":[{"embeddable":true,"href":"https:\/\/phoenix-ngo.sk\/magazin\/wp-json\/wp\/v2\/media\/3822"}],"wp:attachment":[{"href":"https:\/\/phoenix-ngo.sk\/magazin\/wp-json\/wp\/v2\/media?parent=3774"}],"wp:term":[{"taxonomy":"category","embeddable":true,"href":"https:\/\/phoenix-ngo.sk\/magazin\/wp-json\/wp\/v2\/categories?post=3774"},{"taxonomy":"post_tag","embeddable":true,"href":"https:\/\/phoenix-ngo.sk\/magazin\/wp-json\/wp\/v2\/tags?post=3774"}],"curies":[{"name":"wp","href":"https:\/\/api.w.org\/{rel}","templated":true}]}}