{"id":3799,"date":"2023-11-19T14:56:05","date_gmt":"2023-11-19T13:56:05","guid":{"rendered":"https:\/\/phoenix-ngo.sk\/?p=3799"},"modified":"2023-11-24T19:04:55","modified_gmt":"2023-11-24T18:04:55","slug":"beteg-vagy-hiszterias-gazlangozas-a-nok-egeszsegugyi-ellatasaban","status":"publish","type":"post","link":"https:\/\/phoenix-ngo.sk\/magazin\/blog\/2023\/11\/19\/beteg-vagy-hiszterias-gazlangozas-a-nok-egeszsegugyi-ellatasaban\/","title":{"rendered":"Beteg vagy hiszt\u00e9ri\u00e1s? \u2013 G\u00e1zl\u00e1ngoz\u00e1s a n\u0151k eg\u00e9szs\u00e9g\u00fcgyi ell\u00e1t\u00e1s\u00e1ban"},"content":{"rendered":"<p><a href=\"https:\/\/index.hu\/belfold\/2023\/11\/05\/magyar-egeszsegugy-betegseg-mutet-becs-ausztria-endometrozis\/\">Magyarorsz\u00e1gon volt h\u00edr az elm\u00falt hetekben<\/a>, ahogy egy n\u0151t h\u00e1rom \u00e9vig kezelt f\u00e9lre a magyar eg\u00e9szs\u00e9g\u00fcgy. Borzalmas alhasi f\u00e1jdalmakt\u00f3l szenvedett, j\u00e1rt orvost\u00f3l orvosig, de a \u201ekr\u00f3nikus f\u00e1jdalom szindr\u00f3m\u00e1n\u201d t\u00fal semmilyen \u00e9rtelmezhet\u0151 diagn\u00f3zist nem kapott. V\u00e9g\u00fcl ismer\u0151seinek k\u00f6sz\u00f6nhet\u0151en kijutott Ausztri\u00e1ba, ahol n\u00e9h\u00e1ny rutinvizsg\u00e1lat ut\u00e1n el\u0151rehaladott endometri\u00f3zist \u00e1llap\u00edtottak meg n\u00e1la, \u00e9s szinte azonnal meg is m\u0171t\u00f6tt\u00e9k.<\/p>\n<p>A magyar eg\u00e9szs\u00e9g\u00fcgy \u00e1llapot\u00e1t ismerve tal\u00e1n nem is kaptam volna fel a fejem a h\u00edrre, ha nem \u00e1llt volna ott mellette, hogy az \u00e1ldozat n\u0151. M\u00e1r megint egy n\u0151, akinek a f\u00e1jdalm\u00e1t pszich\u00e9s okokra hivatkoz\u00e1ssal s\u00f6p\u00f6rt\u00e9k f\u00e9lre.<br \/>\nVajon h\u00e1nyan vagyunk, akik \u00e9ltek m\u00e1r \u00e1t hasonl\u00f3t legal\u00e1bb egyszer \u00e9let\u00fck sor\u00e1n? Orvosi g\u00e1zl\u00e1ngoz\u00e1s, \u00edgy mondjuk azt a jelens\u00e9get, amikor nem veszik komolyan a t\u00fcneteinket, nem kapunk megfelel\u0151 ell\u00e1t\u00e1st, vagy azt pr\u00f3b\u00e1lja vel\u00fcnk a szakember elhitetni, hogy a f\u00e1jdalmunk m\u00f6g\u00f6tt nem \u00e1ll val\u00f3di betegs\u00e9g, \u201ecsup\u00e1n\u201d idegi eredet\u0171.<\/p>\n<p>A <strong>g\u00e1zl\u00e1ngoz\u00e1s kifejez\u00e9s<\/strong> t\u00f6rt\u00e9nete eg\u00e9szen 1938-ig ny\u00falik vissza, amikor Patrick Hamilton meg\u00edrta G\u00e1zl\u00e1ng (Gaslight) c\u00edm\u0171 sz\u00edndarabj\u00e1t, majd ebb\u0151l George Cukor 1944-ben filmet forgatott, mely meghozta a darab ismerts\u00e9g\u00e9t. A t\u00f6rt\u00e9netben szerepl\u0151 h\u00e1zasp\u00e1r n\u0151i tagja hatalmas \u00f6r\u00f6ks\u00e9ghez jut, amit a f\u00e9rje \u00fagy akar megszerezni, hogy a n\u0151t \u0151r\u00fcltt\u00e9 nyilv\u00e1n\u00edttatja. Annak \u00e9rdek\u00e9ben, hogy a n\u0151 val\u00f3s\u00e1g\u00e9rzet\u00e9t \u00e9s \u00f6nmaga \u00e9pelm\u00e9j\u0171s\u00e9g\u00e9be vetett hit\u00e9t elvegye, k\u00fcl\u00f6nf\u00e9le k\u00fcl\u00f6n\u00f6s jelens\u00e9geket produk\u00e1l. T\u00e1rgyakat t\u00fcntet el, majd amikor a n\u0151 megesk\u00fcszik r\u00e1, hogy a t\u00e1rgy m\u00e9g kis id\u0151vel azel\u0151tt ott volt, ezt letagadja. Furcsa zajok keltenek zavart, melyekr\u0151l azt \u00e1ll\u00edtja, hogy csak a n\u0151 hallja. A g\u00e1zl\u00e1mp\u00e1k f\u00e9nye pedig a legv\u00e1ratlanabb pillanatokban elhalv\u00e1nyul. Valah\u00e1nyszor a n\u0151 besz\u00e9lni pr\u00f3b\u00e1l ezekr\u0151l a t\u00f6rt\u00e9n\u00e9sekr\u0151l a f\u00e9rjnek, az g\u00e1tl\u00e1stalanul letagadja m\u00e9g az \u00e9ppen abban a pillanatban megt\u00f6rt\u00e9n\u0151ket is, aminek k\u00f6vetkezt\u00e9ben a feles\u00e9g lassan saj\u00e1t \u00e9pelm\u00e9j\u0171s\u00e9g\u00e9t k\u00e9rd\u0151jelezi meg.<br \/>\nA film az elm\u00falt nyolcvan \u00e9vben bek\u00f6lt\u00f6z\u00f6tt a b\u00e1ntalmaz\u00e1sokr\u00f3l sz\u00f3l\u00f3 diskurzusba, \u00e9s gaslighting, magyarul g\u00e1zl\u00e1ngoz\u00e1s vagy g\u00e1zl\u00e1ng-effektus lett a neve annak a viselked\u00e9snek, amit b\u00e1rmilyen emberi kapcsolatban alkalmazhatnak \u00e9s alkalmaznak is a manipul\u00e1torok, \u00e9s ami, m\u00e9g ha nem is sz\u00e1nd\u00e9kosan manipul\u00e1ci\u00f3s c\u00e9llal, de gyakran megjelenhet az orvos beteg kapcsolatokban is. Ez esetben a viselked\u00e9s alapja az a zsigeri f\u00f6l\u00e9ny, amivel a d\u00f6nt\u0151en f\u00e9rfiak \u00e1ltal uralt orvostudom\u00e1ny a n\u0151kh\u00f6z, illetve egy\u00e9b kisebbs\u00e9gekhez viszonyul.<\/p>\n<p>Ahogy az eg\u00e9sz vil\u00e1g, \u00fagy az orvostudom\u00e1ny is mindig a f\u00e9rfiakhoz igaz\u00edtotta a kutat\u00e1sait, a diagn\u00f3zisait \u00e9s a gy\u00f3gy\u00edt\u00e1si m\u00f3dszereit. Ha a n\u0151k nem azt produk\u00e1lt\u00e1k t\u00fcnetileg, amit egy f\u00e9rfi, akkor egyszer\u0171en nem ismert\u00e9k fel a betegs\u00e9g\u00fcket. Szint\u00e9n a t\u00f6rt\u00e9nelem kezdet\u00e9hez kapcsol\u00f3dik az a hiedelem, miszerint a n\u0151k hajlamosak t\u00fal komolyan venni a f\u00e1jdalmaikat, a probl\u00e9m\u00e1ikat, hiszt\u00e9ri\u00e1znak, nyafognak. Egy k\u00eds\u00e9rletben azt vizsg\u00e1lt\u00e1k, hogy a feln\u0151ttek, akik f\u00e1jdalmasan s\u00edr\u00f3 kisfi\u00fat vagy kisl\u00e1nyt l\u00e1tnak, melyik\u00fckh\u00f6z fordulnak nagyobb emp\u00e1ti\u00e1val. Gondolom, nem kell t\u00fal sokat gondolkodni senkinek a v\u00e1laszon. A komolytalans\u00e1g stigm\u00e1ja eg\u00e9sz \u00e9let\u00fck\u00f6n \u00e1t elk\u00eds\u00e9ri a n\u0151ket, \u00e9s nem csup\u00e1n akkor teszi \u0151ket hiteltelenn\u00e9, amikor a f\u00e1jdalmaikr\u00f3l \u00e9s a betegs\u00e9g\u00fckr\u0151l besz\u00e9lnek, hanem \u00e1ltal\u00e1ban minden probl\u00e9m\u00e1juk feleml\u00edt\u00e9s\u00e9n\u00e9l. A n\u0151k sil\u00e1nyabb eg\u00e9szs\u00e9g\u00fcgyi ell\u00e1t\u00e1shoz jut\u00e1s\u00e1nak m\u00e1sik oka maga a patriarch\u00e1tus. Az orvostudom\u00e1nyt m\u00e9g ma is f\u00e9rfiak uralj\u00e1k, akik \u00edgy nem csup\u00e1n nem\u00fck miatt, de a gy\u00f3gy\u00edt\u00f3 el\u0151jogaival is a n\u0151k f\u00f6l\u00e9be ker\u00fclnek. Majd \u0151k tudj\u00e1k, mi f\u00e1j \u00e9s mi nem, a n\u0151 csak ne nyiv\u00e1koljon.<\/p>\n<p>Orvosi g\u00e1zl\u00e1ngoz\u00e1sr\u00f3l akkor besz\u00e9l\u00fcnk, amikor egy eg\u00e9szs\u00e9g\u00fcgyi szakember al\u00e1becs\u00fcli vagy megk\u00e9rd\u0151jelezi beteg\u00e9nek aggodalmait vagy t\u00fcneteit, \u00e9s t\u00e9vesen k\u00fcl\u00f6nb\u00f6z\u0151 pszichol\u00f3giai t\u00e9nyez\u0151kre fogja azokat. Ez javar\u00e9szt nem sz\u00e1nd\u00e9kos, hiszen egyetlen orvos sem akar rosszat a p\u00e1ciensnek, ink\u00e1bb a jogosults\u00e1g\u00e9rzetb\u0151l, az egyenl\u0151tlen hatalmi helyzetb\u0151l ad\u00f3d\u00f3 kommunik\u00e1ci\u00f3s probl\u00e9m\u00e1r\u00f3l van sz\u00f3, amely s\u00falyos k\u00f6vetkezm\u00e9nyekkel is j\u00e1rhat. K\u00e9slelteti, hogy valaki megkapja a helyes diagn\u00f3zist, gyakran sz\u00fcks\u00e9gtelen, hat\u00e1stalan, esetenk\u00e9nt \u00e1rtalmas kezel\u00e9sekre k\u00e9nyszer\u00edti az embereket, \u00e9s bizalmatlans\u00e1got sz\u00fcl az orvosi ell\u00e1t\u00e1ssal kapcsolatban. A statisztik\u00e1k szerint az orvosok nagyj\u00e1b\u00f3l minden hetedik n\u0151beteg\u00fcket t\u00e9vesen diagnosztiz\u00e1lj\u00e1k. Minden hetediket! Mivel pedig a n\u0151k mindennapjainak r\u00e9sze, hogy nem veszik \u0151ket komolyan, ez\u00e9rt k\u00f6nnyen elbizonytalanodnak saj\u00e1t meg\u00e9l\u00e9seikkel kapcsolatban, \u00e9s maguk is azt gondolj\u00e1k, a t\u00fcneteik nem komolyak. B\u00e1r az a t\u00e1rsadalom hiedelme, hogy a n\u0151k minden apr\u00f3s\u00e1g miatt k\u00e9pesek nyafogni, a val\u00f3s\u00e1g az, hogy rengeteg n\u0151 \u00e9l elh\u00faz\u00f3d\u00f3, nagy f\u00e1jdalmakkal, melyekkel jobb h\u00edj\u00e1n megtanul egy\u00fctt \u00e9lni. (L\u00e1sd menstru\u00e1ci\u00f3s f\u00e1jdalmak, endometri\u00f3zis, \u00edz\u00fcleti betegs\u00e9gek, gerinc- \u00e9s h\u00e1tf\u00e1j\u00e1s, migr\u00e9n stb.)<\/p>\n<p>A f\u00e9rfiak bizony\u00edtottan kevesebbet t\u00f6r\u0151dnek az eg\u00e9szs\u00e9g\u00fckkel, mint a n\u0151k, mert az nem f\u00e9rfias, \u00e9ppen ez\u00e9rt, amikor beteget jelentenek, mindenki azt gondolja, ennek csakis nagyon komoly oka lehet. A t\u00e1rsadalmi k\u00e9pzelet szerint a f\u00e9rfi sokkal er\u0151sebb \u00e9s t\u0171r\u0151k\u00e9pesebb, mint a n\u0151, ergo az \u0151 f\u00e1jdalma biztosan nem nyafog\u00e1s, ellent\u00e9tben a n\u0151\u00e9vel. Az orvosi g\u00e1zl\u00e1ngoz\u00e1s, a t\u00fcnetek nem felismer\u00e9se, f\u00e9lrekezel\u00e9se nem csup\u00e1n az \u00e9rintett n\u0151k meg\u00e9l\u00e9se. Ma m\u00e1r kutat\u00e1sok is igazolj\u00e1k, hogy a n\u0151kn\u00e9l 50%-kal nagyobb val\u00f3sz\u00edn\u0171s\u00e9ggel sz\u00fcletik t\u00e9ves diagn\u00f3zis p\u00e9ld\u00e1ul sz\u00edvroham \u00e9s 33%-kal stroke eset\u00e9n. Gyakran kapnak t\u00e9ves vagy k\u00e9sleltetett diagn\u00f3zist az autizmus-spektrumzavarral k\u00fczd\u0151 \u00e9s ADHD-s n\u0151k is (\u00e9s kb. k\u00e9tszer annyi esetben \u00edrnak fel nekik nagyon er\u0151s szorong\u00e1sold\u00f3 gy\u00f3gyszereket, mint f\u00e9rfiaknak). Egy tanulm\u00e1ny szerint a s\u00fcrg\u0151ss\u00e9gi oszt\u00e1lyra jelentkez\u0151 f\u00e9rfiak \u00e9s n\u0151k k\u00f6z\u00fcl a n\u0151k 33%-kal nagyobb val\u00f3sz\u00edn\u0171s\u00e9ggel v\u00e1rnak tov\u00e1bb az ell\u00e1t\u00e1sra, mint a f\u00e9rfiak, \u00e9s kevesebb f\u00e1jdalomcsillap\u00edt\u00f3 gy\u00f3gyszert is kapnak, annak ellen\u00e9re, hogy hasonl\u00f3 t\u00fcnetekkel jelentkeznek.<br \/>\nA legt\u00f6bb g\u00e1zl\u00e1ngoz\u00e1s a reprodukt\u00edv eg\u00e9szs\u00e9ggel kapcsolatos. Mivel a n\u0151k reprodukt\u00edv eg\u00e9szs\u00e9g\u00e9hez sok tabu \u00e9s sz\u00e9gyen kapcsol\u00f3dik, ez gyakran k\u00e9nyszer\u00edti a n\u0151ket arra, hogy a f\u00e1jdalmaikat leplezz\u00e9k a k\u00f6rnyezet\u00fck el\u0151tt. Ha egy n\u0151 f\u00e1jdalmas menstru\u00e1ci\u00f3r\u00f3l besz\u00e9l, k\u00f6nnyen megkaphatja m\u00e9g a csal\u00e1dj\u00e1t\u00f3l is, hogy csak nyafog, hiszen n\u0151k milli\u00f3i menstru\u00e1lnak, sz\u00fclnek gyereket an\u00e9lk\u00fcl, hogy ebb\u0151l ekkora \u00fcgyet csin\u00e1ln\u00e1nak. Ilyen sz\u00f6vegk\u00f6rnyezetben ki besz\u00e9l sz\u00edvesen a menstru\u00e1ci\u00f3s f\u00e1jdalm\u00e1r\u00f3l, a terhess\u00e9ggel, a sz\u00fcl\u00e9ssel kapcsolatos f\u00e9lelmeir\u0151l vagy \u00e9ppen arr\u00f3l, hogy a sz\u00fcl\u00e9s \u00e9s az azt k\u00f6vet\u0151 orvosi \u201eell\u00e1t\u00e1s\u201d milyen katasztrof\u00e1lis k\u00f6vetkezm\u00e9nyekkel j\u00e1rt a fizikai \u00e9s ment\u00e1lis eg\u00e9szs\u00e9g\u00e9re? Elk\u00e9pzel\u00e9sem sincs arr\u00f3l, az elm\u00falt k\u00e9tezer \u00e9vben h\u00e1ny milli\u00f3 n\u0151 szenvedhetett p\u00e9ld\u00e1ul az endometri\u00f3zis nev\u0171 betegs\u00e9gt\u0151l, amely a fentebb eml\u00edtett n\u0151 panaszait is okozta.<\/p>\n<p>&nbsp;<\/p>\n<p><img fetchpriority=\"high\" decoding=\"async\" class=\" wp-image-3800 aligncenter\" src=\"https:\/\/phoenix-ngo.sk\/magazin\/wp-content\/uploads\/2023\/11\/2023_11_18_02-300x150.jpg\" alt=\"\" width=\"474\" height=\"237\" srcset=\"https:\/\/phoenix-ngo.sk\/magazin\/wp-content\/uploads\/2023\/11\/2023_11_18_02-300x150.jpg 300w, https:\/\/phoenix-ngo.sk\/magazin\/wp-content\/uploads\/2023\/11\/2023_11_18_02-1024x512.jpg 1024w, https:\/\/phoenix-ngo.sk\/magazin\/wp-content\/uploads\/2023\/11\/2023_11_18_02-768x384.jpg 768w, https:\/\/phoenix-ngo.sk\/magazin\/wp-content\/uploads\/2023\/11\/2023_11_18_02-1536x768.jpg 1536w, https:\/\/phoenix-ngo.sk\/magazin\/wp-content\/uploads\/2023\/11\/2023_11_18_02-2048x1025.jpg 2048w, https:\/\/phoenix-ngo.sk\/magazin\/wp-content\/uploads\/2023\/11\/2023_11_18_02-570x285.jpg 570w, https:\/\/phoenix-ngo.sk\/magazin\/wp-content\/uploads\/2023\/11\/2023_11_18_02-270x135.jpg 270w\" sizes=\"(max-width: 474px) 100vw, 474px\" \/><\/p>\n<p>&nbsp;<\/p>\n<p>Dr. Christine Metz endometri\u00f3zis-kutat\u00f3 jelenleg egy klinikai kutat\u00e1st vezet, amelyben a reprodukt\u00edv eg\u00e9szs\u00e9g\u00fcgyi rendelleness\u00e9gek, p\u00e9ld\u00e1ul az endometri\u00f3zis diagnosztiz\u00e1l\u00e1s\u00e1nak \u00e9s kezel\u00e9s\u00e9nek lehets\u00e9ges m\u00f3djait kutatja. Vizsg\u00e1latai sor\u00e1n azt tal\u00e1lta, hogy az eg\u00e9szs\u00e9g\u00fcgyi g\u00e1zl\u00e1ngoz\u00e1s nem csup\u00e1n az orvosokhoz k\u00f6thet\u0151. Az \u00e1ltala k\u00e9rdezett n\u0151k t\u00f6bb mint 70%-a elmondta, hogy a bar\u00e1tok \u00e9s a csal\u00e1d is figyelmen k\u00edv\u00fcl hagyta a panaszait, a t\u00fcneteit. Sok esetben nem is kell a g\u00e1zl\u00e1ngoz\u00e1s, mert a n\u0151k internaliz\u00e1lj\u00e1k \u00e9s normaliz\u00e1lj\u00e1k a f\u00e1jdalmaikat \u00e9s a t\u00fcneteiket, k\u00fcl\u00f6n\u00f6sen, ha olyan panaszokr\u00f3l van sz\u00f3, amiket kor\u00e1bban m\u00e1s csal\u00e1dtagjuk is \u00e1t\u00e9lt m\u00e1r. Megtanuljuk, hogy a menstru\u00e1ci\u00f3, a sz\u00fcl\u00e9s f\u00e1jdalommal j\u00e1r. Tabu arr\u00f3l besz\u00e9lni, ami az als\u00f3 test\u00fcnkben t\u00f6rt\u00e9nik, \u00edgy h\u00e1t sok n\u0151 m\u00e9g azt sem tudja, hogy amit \u0151 meg\u00e9l, az egyedi \u201ehiszti\u201d, vagy m\u00e1sokkal is megt\u00f6rt\u00e9nik. Nekik is annyira f\u00e1j? Vagy jobban? T\u00e9nyleg norm\u00e1lis, amin \u0151 kereszt\u00fclmegy? Tal\u00e1n igen. Ki kell b\u00edrni, \u00e1t kell v\u00e9szelni, az \u00e9let m\u00e1r csak ilyen. A n\u0151k azzal, hogy elfogadj\u00e1k \u00e9s internaliz\u00e1lj\u00e1k, hogy a patriarch\u00e1tus k\u00e9ts\u00e9gbe vonja \u0151ket, azzal az eg\u00e9szs\u00e9g\u00fcket is kock\u00e1ra teszik. Igenis, az eg\u00e9szs\u00e9g\u00fcgyi g\u00e1zl\u00e1ngoz\u00e1sr\u00f3l besz\u00e9lni kell, \u00e9s szembe kell menni a szok\u00e1sokkal, k\u00e9rni m\u00e1sik orvost, tov\u00e1bbi vizsg\u00e1latokat, ha \u00fagy \u00e9rezz\u00fck, nem kapunk megfelel\u0151 ell\u00e1t\u00e1st. Ez, mondjuk, el\u00e9g neh\u00e9z, amikor \u00e9ppen egy infarktust vagy egy stroke-ot \u00e9l\u00fcnk \u00e1t, de micsoda szerencse p\u00e9ld\u00e1ul, hogy a cikkben eml\u00edtett n\u0151 valahogy el tudta verekedni mag\u00e1t egy olyan rendszerbe, ahol v\u00e9gre komolyan vett\u00e9k a szenved\u00e9seit. M\u00e1rmint ANNAK ELLEN\u00c9RE komolyan vett\u00e9k, hogy n\u0151.<\/p>\n<p>&nbsp;<\/p>\n","protected":false},"excerpt":{"rendered":"<p>Magyarorsz\u00e1gon volt h\u00edr az elm\u00falt hetekben, ahogy egy n\u0151t h\u00e1rom \u00e9vig kezelt f\u00e9lre a magyar eg\u00e9szs\u00e9g\u00fcgy. Borzalmas alhasi f\u00e1jdalmakt\u00f3l szenvedett, j\u00e1rt orvost\u00f3l orvosig, de a \u201ekr\u00f3nikus f\u00e1jdalom szindr\u00f3m\u00e1n\u201d t\u00fal semmilyen \u00e9rtelmezhet\u0151 diagn\u00f3zist nem kapott. V\u00e9g\u00fcl ismer\u0151seinek k\u00f6sz\u00f6nhet\u0151en kijutott Ausztri\u00e1ba, ahol n\u00e9h\u00e1ny rutinvizsg\u00e1lat ut\u00e1n el\u0151rehaladott endometri\u00f3zist \u00e1llap\u00edtottak meg n\u00e1la, \u00e9s szinte azonnal meg is m\u0171t\u00f6tt\u00e9k. A [&hellip;]<\/p>\n","protected":false},"author":13,"featured_media":3801,"comment_status":"closed","ping_status":"closed","sticky":false,"template":"","format":"standard","meta":{"footnotes":""},"categories":[41],"tags":[47,57],"class_list":["post-3799","post","type-post","status-publish","format-standard","has-post-thumbnail","hentry","category-komoly","tag-gender","tag-tudomany"],"_links":{"self":[{"href":"https:\/\/phoenix-ngo.sk\/magazin\/wp-json\/wp\/v2\/posts\/3799","targetHints":{"allow":["GET"]}}],"collection":[{"href":"https:\/\/phoenix-ngo.sk\/magazin\/wp-json\/wp\/v2\/posts"}],"about":[{"href":"https:\/\/phoenix-ngo.sk\/magazin\/wp-json\/wp\/v2\/types\/post"}],"author":[{"embeddable":true,"href":"https:\/\/phoenix-ngo.sk\/magazin\/wp-json\/wp\/v2\/users\/13"}],"replies":[{"embeddable":true,"href":"https:\/\/phoenix-ngo.sk\/magazin\/wp-json\/wp\/v2\/comments?post=3799"}],"version-history":[{"count":5,"href":"https:\/\/phoenix-ngo.sk\/magazin\/wp-json\/wp\/v2\/posts\/3799\/revisions"}],"predecessor-version":[{"id":3826,"href":"https:\/\/phoenix-ngo.sk\/magazin\/wp-json\/wp\/v2\/posts\/3799\/revisions\/3826"}],"wp:featuredmedia":[{"embeddable":true,"href":"https:\/\/phoenix-ngo.sk\/magazin\/wp-json\/wp\/v2\/media\/3801"}],"wp:attachment":[{"href":"https:\/\/phoenix-ngo.sk\/magazin\/wp-json\/wp\/v2\/media?parent=3799"}],"wp:term":[{"taxonomy":"category","embeddable":true,"href":"https:\/\/phoenix-ngo.sk\/magazin\/wp-json\/wp\/v2\/categories?post=3799"},{"taxonomy":"post_tag","embeddable":true,"href":"https:\/\/phoenix-ngo.sk\/magazin\/wp-json\/wp\/v2\/tags?post=3799"}],"curies":[{"name":"wp","href":"https:\/\/api.w.org\/{rel}","templated":true}]}}