{"id":3883,"date":"2023-10-08T15:00:54","date_gmt":"2023-10-08T14:00:54","guid":{"rendered":"https:\/\/phoenix-ngo.sk\/?p=3883"},"modified":"2023-12-20T23:29:19","modified_gmt":"2023-12-20T22:29:19","slug":"a-vilag-legegyenlobb-orszagai-avagy-hol-a-legjobb-nonek-lenni-2023-ban","status":"publish","type":"post","link":"https:\/\/phoenix-ngo.sk\/magazin\/blog\/2023\/10\/08\/a-vilag-legegyenlobb-orszagai-avagy-hol-a-legjobb-nonek-lenni-2023-ban\/","title":{"rendered":"A vil\u00e1g legegyenl\u0151bb orsz\u00e1gai, avagy hol a legjobb n\u0151nek lenni 2023-ban"},"content":{"rendered":"<p>A Vil\u00e1ggazdas\u00e1gi F\u00f3rum (WEF) j\u00faniusban tette k\u00f6zz\u00e9 imm\u00e1r 17. alkalommal a nemek k\u00f6z\u00f6tti k\u00fcl\u00f6nbs\u00e9gekr\u0151l sz\u00f3l\u00f3 2023-as glob\u00e1lis jelent\u00e9s\u00e9t.<\/p>\n<p>A jelent\u00e9s \u00f6sszehasonl\u00edtja a nemek k\u00f6z\u00f6tti k\u00fcl\u00f6nbs\u00e9geket az egyes orsz\u00e1gokban olyan ter\u00fcleteken, mint a gazdas\u00e1gi lehet\u0151s\u00e9gek \u00e9s az iskolai v\u00e9gzetts\u00e9g.<\/p>\n<p>B\u00e1r egyetlen orsz\u00e1g sem fedte be teljesen a nemek k\u00f6z\u00f6tti szakad\u00e9kot, a Vil\u00e1ggazdas\u00e1gi F\u00f3rum nemek k\u00f6z\u00f6tti k\u00fcl\u00f6nbs\u00e9gekr\u0151l sz\u00f3l\u00f3 2023-as glob\u00e1lis jelent\u00e9se szerint a skandin\u00e1v orsz\u00e1gok vezetik a list\u00e1t. Az els\u0151 helyet 14-ik alkalommal is Izland foglalja el, amelyet Norv\u00e9gia, Finnorsz\u00e1g, \u00daj-Z\u00e9land \u00e9s Sv\u00e9dorsz\u00e1g k\u00f6vet.<\/p>\n<p>A j\u00faniusban k\u00f6zz\u00e9tett jelent\u00e9s 146 orsz\u00e1gban vizsg\u00e1lta a nemek k\u00f6z\u00f6tti egyenl\u0151s\u00e9get. A tanulm\u00e1ny szerint a nemek k\u00f6z\u00f6tti glob\u00e1lis szakad\u00e9k 68,4%. Ez az eredm\u00e9ny 0,3%-kal jobb a tavalyi \u00e9vhez k\u00e9pest (68,1%).<\/p>\n<p>A nemek k\u00f6z\u00f6tti k\u00fcl\u00f6nbs\u00e9gekr\u0151l sz\u00f3l\u00f3 glob\u00e1lis jelent\u00e9s n\u00e9gy k\u00fcl\u00f6nb\u00f6z\u0151 ter\u00fcleten hasonl\u00edtja \u00f6ssze az orsz\u00e1gok nemek k\u00f6z\u00f6tti k\u00fcl\u00f6nbs\u00e9geit: gazdas\u00e1gi r\u00e9szv\u00e9tel \u00e9s lehet\u0151s\u00e9gek, iskolai v\u00e9gzetts\u00e9g, eg\u00e9szs\u00e9g \u00e9s t\u00fal\u00e9l\u00e9s, valamint politikai szerepv\u00e1llal\u00e1s. Az eredm\u00e9nyeket a nemzetk\u00f6zi szervezetek legfrissebb statisztik\u00e1i, valamint felm\u00e9r\u00e9sek alapj\u00e1n sz\u00e1m\u00edtj\u00e1k ki.<\/p>\n<p>\u201eAz elm\u00falt \u00e9vben cs\u00f6kkentek a nemek k\u00f6z\u00f6tti glob\u00e1lis k\u00fcl\u00f6nbs\u00e9gek az eg\u00e9szs\u00e9g\u00fcgy \u00e9s az oktat\u00e1s ter\u00e9n, a politikai szerepv\u00e1llal\u00e1s ter\u00e9n azonban gyakorlatilag megtorpant a fejl\u0151d\u00e9s, \u00e9s a n\u0151k gazdas\u00e1gi r\u00e9szv\u00e9tele ink\u00e1bb visszaesett, mintsem helyre\u00e1llt\u201d \u2013 mondta a jelent\u00e9sben Saadia Zahidi, a WEF \u00fcgyvezet\u0151 igazgat\u00f3ja.<\/p>\n<p>A jelent\u00e9s szerint az el\u0151rehalad\u00e1s jelenlegi \u00fctem\u00e9vel a n\u0151k \u00e9s f\u00e9rfiak k\u00f6z\u00f6tti teljes parit\u00e1s el\u00e9r\u00e9se \u00f6sszesen 131 \u00e9vbe fog telni. A Vil\u00e1ggazdas\u00e1gi F\u00f3rum becsl\u00e9se szerint a nemek k\u00f6z\u00f6tti glob\u00e1lis egyenl\u0151tlens\u00e9g legal\u00e1bb 2154-ig fennmarad.<\/p>\n<p>\u00cdme, a 20 orsz\u00e1g, ahol a legkisebb a nemek k\u00f6z\u00f6tti szakad\u00e9k:<br \/>\n1. Izland<br \/>\n2. Norv\u00e9gia<br \/>\n3. Finnorsz\u00e1g<br \/>\n4. \u00daj-Z\u00e9land<br \/>\n5. Sv\u00e9dorsz\u00e1g<br \/>\n6. N\u00e9metorsz\u00e1g<br \/>\n7. Nicaragua<br \/>\n8. Nam\u00edbia<br \/>\n9. Litv\u00e1nia<br \/>\n10. Belgium<br \/>\n11. \u00cdrorsz\u00e1g<br \/>\n12. Ruanda<br \/>\n13. Lettorsz\u00e1g<br \/>\n14. Costa Rica<br \/>\n15. Egyes\u00fclt-Kir\u00e1lys\u00e1g<br \/>\n16. F\u00fcl\u00f6p-szigetek<br \/>\n17. Alb\u00e1nia<br \/>\n18. Spanyolorsz\u00e1g<br \/>\n19. Moldova<br \/>\n20. D\u00e9l-Afrika<\/p>\n<p>&nbsp;<\/p>\n<p><img fetchpriority=\"high\" decoding=\"async\" class=\"wp-image-3884 aligncenter\" src=\"https:\/\/phoenix-ngo.sk\/magazin\/wp-content\/uploads\/2023\/12\/a-vilag-legegyenlobb_2-300x169.jpg\" alt=\"\" width=\"1275\" height=\"718\" srcset=\"https:\/\/phoenix-ngo.sk\/magazin\/wp-content\/uploads\/2023\/12\/a-vilag-legegyenlobb_2-300x169.jpg 300w, https:\/\/phoenix-ngo.sk\/magazin\/wp-content\/uploads\/2023\/12\/a-vilag-legegyenlobb_2-1024x577.jpg 1024w, https:\/\/phoenix-ngo.sk\/magazin\/wp-content\/uploads\/2023\/12\/a-vilag-legegyenlobb_2-768x432.jpg 768w, https:\/\/phoenix-ngo.sk\/magazin\/wp-content\/uploads\/2023\/12\/a-vilag-legegyenlobb_2-1536x865.jpg 1536w, https:\/\/phoenix-ngo.sk\/magazin\/wp-content\/uploads\/2023\/12\/a-vilag-legegyenlobb_2-2048x1153.jpg 2048w, https:\/\/phoenix-ngo.sk\/magazin\/wp-content\/uploads\/2023\/12\/a-vilag-legegyenlobb_2-570x321.jpg 570w, https:\/\/phoenix-ngo.sk\/magazin\/wp-content\/uploads\/2023\/12\/a-vilag-legegyenlobb_2-270x152.jpg 270w\" sizes=\"(max-width: 1275px) 100vw, 1275px\" \/><\/p>\n<p>&nbsp;<\/p>\n<p>Szlov\u00e1kia a 63. helyen, Magyarorsz\u00e1g pedig a 99. helyen v\u00e9gzett. Szomsz\u00e9dos orsz\u00e1gainkat tekintve Ausztria a 47., Csehorsz\u00e1g a 101., Lengyelorsz\u00e1g a 60. \u00e9s Ukrajna a 66. helyre ker\u00fclt.<\/p>\n<p>Az Egyes\u00fclt \u00c1llamok a 146 orsz\u00e1g k\u00f6z\u00fcl a 43. helyen landolt (2022-ben a 27. helyet foglalta el). Ez a visszaes\u00e9s r\u00e9szben az\u00e9rt van, mert a WEF \u00fagy \u00e1ll\u00edtotta fel rangsor\u00e1t, hogy nagyobb s\u00falyt adott azoknak az orsz\u00e1goknak, ahol a n\u0151k jelent\u0151s sz\u00e1m\u00fa miniszteri posztot vagy \u00e1llamf\u0151i poz\u00edci\u00f3t t\u00f6ltenek be.<\/p>\n<p>Az Egyes\u00fclt \u00c1llamokat illet\u0151en ez a sz\u00e1m mag\u00e1ban foglalja az eln\u00f6ki kabinetben szolg\u00e1l\u00f3 n\u0151ket. Joe Biden kabinetj\u00e9ben jelenleg 12 n\u0151 szolg\u00e1l.<\/p>\n<p>Noreen Farrell, az Equal Rights Advocates nonprofit szervezet \u00fcgyvezet\u0151 igazgat\u00f3ja szerint az amerikai n\u0151k \u201esiralmasan elmaradnak\u201d eur\u00f3pai t\u00e1rsaikt\u00f3l, ami a politikai r\u00e9szv\u00e9telt illeti, ugyanis a kongresszusi sz\u00e9kek kevesebb mint 30%-\u00e1t foglalj\u00e1k el n\u0151k.<\/p>\n<p>Az olyan skandin\u00e1v orsz\u00e1gok, mint Finnorsz\u00e1g \u00e9s Izland, p\u00e9lda\u00e9rt\u00e9k\u0171ek e tekintetben, mivel m\u00e1r t\u00f6bb n\u0151i korm\u00e1nyf\u0151t is megv\u00e1lasztottak.<\/p>\n<p>Eur\u00f3p\u00e1ban a legmagasabb a nemek k\u00f6z\u00f6tti egyenl\u0151s\u00e9g, m\u00e9ghozz\u00e1 76,3%, ezzel megel\u0151zi \u00c9szak-Amerik\u00e1t (75%).<\/p>\n<p>Zahidi szerint sz\u00e1mos oka van annak, mi\u00e9rt sikeresebb Eur\u00f3pa a nemek k\u00f6z\u00f6tti szakad\u00e9k megsz\u00fcntet\u00e9s\u00e9ben, mint az Egyes\u00fclt \u00c1llamok. Ennek egyik oka az, hogy az eur\u00f3pai orsz\u00e1gok t\u00f6bbet fektetnek az ell\u00e1t\u00e1si infrastrukt\u00far\u00e1ba \u2013 megfizethet\u0151 gyermekgondoz\u00e1st, fizetett sz\u00fcl\u0151i szabads\u00e1got \u00e9s egyetemes eg\u00e9szs\u00e9g\u00fcgyi ell\u00e1t\u00e1st k\u00edn\u00e1lva.<\/p>\n<p>\u201eEzek az int\u00e9zked\u00e9sek megk\u00f6nny\u00edtik a n\u0151k munkaer\u0151piaci r\u00e9szv\u00e9tel\u00e9t, \u00e9s enyh\u00edtik a csal\u00e1dokra nehezed\u0151 p\u00e9nz\u00fcgyi nyom\u00e1st\u201d \u2013 magyar\u00e1zza Zahidi.<\/p>\n<p>B\u00e1r a reprodukt\u00edv ell\u00e1t\u00e1shoz val\u00f3 hozz\u00e1f\u00e9r\u00e9s nem volt olyan t\u00e9nyez\u0151, amelyet a WEF figyelembe vett a rangsorol\u00e1sn\u00e1l, Zahidi elismeri, hogy a Legfels\u0151bb B\u00edr\u00f3s\u00e1g 2022 j\u00fanius\u00e1ban hozott d\u00f6nt\u00e9se, miszerint elt\u00f6r\u00f6lte a Roe kontra Wade \u00fcgyben fel\u00e1ll\u00edtott alkotm\u00e1nyos jogot az abortuszhoz, \u00e1rthat a n\u0151k gazdas\u00e1gi r\u00e9szv\u00e9tel\u00e9nek \u00e9s cs\u00f6kkentheti a n\u0151k v\u00e1rhat\u00f3 \u00e9lettartam\u00e1t az Egyes\u00fclt \u00c1llamokban, ami az orsz\u00e1g tov\u00e1bbi visszaes\u00e9s\u00e9t okozhatja a rangsorban.<\/p>\n<p>\u201eA nemek k\u00f6z\u00f6tti egyenl\u0151s\u00e9get nem lehet behozni egyik \u00e9vr\u0151l a m\u00e1sikra\u201d \u2013 teszi hozz\u00e1 Farrell. \u201eSokkal hosszabb id\u0151re lesz sz\u00fcks\u00e9g ahhoz, hogy a n\u0151k az Egyes\u00fclt \u00c1llamokban lek\u00fczdj\u00e9k a fejl\u0151d\u00e9s\u00fck \u00fatj\u00e1ban \u00e1ll\u00f3, nagyon m\u00e9lyen gy\u00f6kerez\u0151 akad\u00e1lyokat.\u201d<\/p>\n<p>&nbsp;<\/p>\n<p>&nbsp;<\/p>\n<p>Forr\u00e1s: <a href=\"https:\/\/www3.weforum.org\/docs\/WEF_GGGR_2023.pdf\">ITT<\/a>, <a href=\"https:\/\/www.cnbc.com\/2023\/06\/23\/the-20-best-countries-for-womenthe-us-isnt-one-of-them-wef-report.html\">ITT<\/a>, <a href=\"https:\/\/www.bbc.com\/travel\/article\/20230927-the-worlds-most-gender-equal-countries\">ITT<\/a> \u00e9s <a href=\"https:\/\/www.businessinsider.com\/most-gender-equal-countries-to-live-in-woman-wef-report-2023-10?utm_source=youtube&amp;utm_medium=social&amp;utm_campaign=insider-community-tab-link&amp;fbclid=IwAR0d6Mkuy2UW-2i352PgNgzuHK38aDzgdTytKnuj4CPT1_vYZCvBbPiILRU#1-iceland-10\">ITT<\/a><\/p>\n","protected":false},"excerpt":{"rendered":"<p>A Vil\u00e1ggazdas\u00e1gi F\u00f3rum (WEF) j\u00faniusban tette k\u00f6zz\u00e9 imm\u00e1r 17. alkalommal a nemek k\u00f6z\u00f6tti k\u00fcl\u00f6nbs\u00e9gekr\u0151l sz\u00f3l\u00f3 2023-as glob\u00e1lis jelent\u00e9s\u00e9t. A jelent\u00e9s \u00f6sszehasonl\u00edtja a nemek k\u00f6z\u00f6tti k\u00fcl\u00f6nbs\u00e9geket az egyes orsz\u00e1gokban olyan ter\u00fcleteken, mint a gazdas\u00e1gi lehet\u0151s\u00e9gek \u00e9s az iskolai v\u00e9gzetts\u00e9g. B\u00e1r egyetlen orsz\u00e1g sem fedte be teljesen a nemek k\u00f6z\u00f6tti szakad\u00e9kot, a Vil\u00e1ggazdas\u00e1gi F\u00f3rum nemek k\u00f6z\u00f6tti k\u00fcl\u00f6nbs\u00e9gekr\u0151l [&hellip;]<\/p>\n","protected":false},"author":12,"featured_media":3888,"comment_status":"closed","ping_status":"closed","sticky":false,"template":"","format":"standard","meta":{"footnotes":""},"categories":[40],"tags":[68,47,49],"class_list":["post-3883","post","type-post","status-publish","format-standard","has-post-thumbnail","hentry","category-nagyvilag","tag-egyenloseg","tag-gender","tag-kutatas"],"_links":{"self":[{"href":"https:\/\/phoenix-ngo.sk\/magazin\/wp-json\/wp\/v2\/posts\/3883","targetHints":{"allow":["GET"]}}],"collection":[{"href":"https:\/\/phoenix-ngo.sk\/magazin\/wp-json\/wp\/v2\/posts"}],"about":[{"href":"https:\/\/phoenix-ngo.sk\/magazin\/wp-json\/wp\/v2\/types\/post"}],"author":[{"embeddable":true,"href":"https:\/\/phoenix-ngo.sk\/magazin\/wp-json\/wp\/v2\/users\/12"}],"replies":[{"embeddable":true,"href":"https:\/\/phoenix-ngo.sk\/magazin\/wp-json\/wp\/v2\/comments?post=3883"}],"version-history":[{"count":1,"href":"https:\/\/phoenix-ngo.sk\/magazin\/wp-json\/wp\/v2\/posts\/3883\/revisions"}],"predecessor-version":[{"id":3886,"href":"https:\/\/phoenix-ngo.sk\/magazin\/wp-json\/wp\/v2\/posts\/3883\/revisions\/3886"}],"wp:featuredmedia":[{"embeddable":true,"href":"https:\/\/phoenix-ngo.sk\/magazin\/wp-json\/wp\/v2\/media\/3888"}],"wp:attachment":[{"href":"https:\/\/phoenix-ngo.sk\/magazin\/wp-json\/wp\/v2\/media?parent=3883"}],"wp:term":[{"taxonomy":"category","embeddable":true,"href":"https:\/\/phoenix-ngo.sk\/magazin\/wp-json\/wp\/v2\/categories?post=3883"},{"taxonomy":"post_tag","embeddable":true,"href":"https:\/\/phoenix-ngo.sk\/magazin\/wp-json\/wp\/v2\/tags?post=3883"}],"curies":[{"name":"wp","href":"https:\/\/api.w.org\/{rel}","templated":true}]}}