{"id":3950,"date":"2023-10-17T09:00:24","date_gmt":"2023-10-17T08:00:24","guid":{"rendered":"https:\/\/phoenix-ngo.sk\/?p=3950"},"modified":"2024-01-02T22:49:48","modified_gmt":"2024-01-02T21:49:48","slug":"mi-a-gender-mainstreaming","status":"publish","type":"post","link":"https:\/\/phoenix-ngo.sk\/magazin\/blog\/2023\/10\/17\/mi-a-gender-mainstreaming\/","title":{"rendered":"Mi a gender mainstreaming?"},"content":{"rendered":"<p>R\u00f6viden megfogalmazva azt jelenti, hogy a nemek k\u00f6z\u00f6tti egyenl\u0151s\u00e9g szempontja be\u00e9p\u00fclj\u00f6n a k\u00f6zpolitik\u00e1ba annak minden ter\u00fclet\u00e9n, a d\u00f6nt\u00e9shozatal minden szintj\u00e9n \u00e9s annak minden st\u00e1dium\u00e1ban.<\/p>\n<p>Egyszer\u0171bben megfogalmazva, mint ahogy a gazdas\u00e1gi szempont az \u00e9let minden ter\u00fclet\u00e9n jelen van, vagyis a gazdas\u00e1goss\u00e1g, az anyagi megval\u00f3s\u00edthat\u00f3s\u00e1g, a megt\u00e9r\u00fcl\u00e9s, hasznoss\u00e1g az \u00e9let minden ter\u00fclet\u00e9n fontos, \u00e9s elker\u00fclhetetlen, a f\u00e9rfiak \u00e9s a n\u0151k egyenrang\u00fa meg\u00edt\u00e9l\u00e9se is ugyanolyan fontos \u00e9s megker\u00fclhetetlen kell, hogy legyen.<\/p>\n<p>A t\u00e1rsadalmi \u00e9let minden s\u00edkj\u00e1n, minden egyes d\u00f6nt\u00e9sn\u00e9l tekintettel kell lenni a n\u0151k \u00e9s a f\u00e9rfiak k\u00fcl\u00f6nb\u00f6z\u0151 \u00e9lethelyzeteire \u00e9s \u00e9rdekeire, az\u00e9rt, hogy a \u201enemek\u201d t\u00e1rsadalmi egyenl\u0151s\u00e9ge megval\u00f3suljon<\/p>\n<p>K\u00e9tp\u00f3lus\u00fa t\u00e1rsadalomban \u00e9l\u00fcnk, amelyet a hatalmi hierarchia oszt k\u00e9t egym\u00e1ssal ellent\u00e9tes f\u00e9lre a k\u00f6vetkez\u0151k\u00e9ppen:<\/p>\n<p>\u2022 k\u00f6z\u00e9let \u2013 mag\u00e1n\u00e9let<\/p>\n<p>\u2022 nyilv\u00e1nos szf\u00e9ra \u2013 mag\u00e1nszf\u00e9ra<\/p>\n<p>\u2022 munkapiac \u2013 csal\u00e1d<\/p>\n<p>\u2022 gyermeknevel\u00e9s: csal\u00e1d, iskola, vall\u00e1s<\/p>\n<p>&nbsp;<\/p>\n<p><img fetchpriority=\"high\" decoding=\"async\" class=\" wp-image-3951 aligncenter\" src=\"https:\/\/phoenix-ngo.sk\/magazin\/wp-content\/uploads\/2023\/12\/2023_10_22_02-300x163.jpg\" alt=\"\" width=\"615\" height=\"334\" srcset=\"https:\/\/phoenix-ngo.sk\/magazin\/wp-content\/uploads\/2023\/12\/2023_10_22_02-300x163.jpg 300w, https:\/\/phoenix-ngo.sk\/magazin\/wp-content\/uploads\/2023\/12\/2023_10_22_02-1024x557.jpg 1024w, https:\/\/phoenix-ngo.sk\/magazin\/wp-content\/uploads\/2023\/12\/2023_10_22_02-768x418.jpg 768w, https:\/\/phoenix-ngo.sk\/magazin\/wp-content\/uploads\/2023\/12\/2023_10_22_02-1536x836.jpg 1536w, https:\/\/phoenix-ngo.sk\/magazin\/wp-content\/uploads\/2023\/12\/2023_10_22_02-2048x1115.jpg 2048w, https:\/\/phoenix-ngo.sk\/magazin\/wp-content\/uploads\/2023\/12\/2023_10_22_02-570x310.jpg 570w, https:\/\/phoenix-ngo.sk\/magazin\/wp-content\/uploads\/2023\/12\/2023_10_22_02-270x147.jpg 270w, https:\/\/phoenix-ngo.sk\/magazin\/wp-content\/uploads\/2023\/12\/2023_10_22_02-442x239.jpg 442w\" sizes=\"(max-width: 615px) 100vw, 615px\" \/><\/p>\n<p>&nbsp;<\/p>\n<p>Ennek a megoszt\u00e1snak az egyenes k\u00f6vetkezm\u00e9nyei: az egyenl\u0151tlens\u00e9g, h\u00e1tr\u00e1ny, diszkrimin\u00e1ci\u00f3, er\u0151szak, lelki \u00e9s testi betegs\u00e9gek, gyilkoss\u00e1gok.<\/p>\n<p>A gender mainstreaming a gender szempont\u00fa igazs\u00e1goss\u00e1gon, vagyis a nemek k\u00f6z\u00f6tti igazs\u00e1goss\u00e1gon alapul. Ezt az igazs\u00e1goss\u00e1got h\u00e1rom \u201eszf\u00e9r\u00e1ban\u201d szeretn\u00e9 el\u00e9rni:<\/p>\n<p>1. a politikai r\u00e9szv\u00e9tel ter\u00fclet\u00e9n: a f\u00e9rfiak \u00e9s n\u0151k k\u00f6z\u00f6tt egyenl\u0151 ar\u00e1nyban kell megoszlania a hatalomnak<\/p>\n<p>2. az anyagi javak, a sz\u00fcks\u00e9gletek kiel\u00e9g\u00edt\u00e9s\u00e9nek ter\u00fclet\u00e9n: egyenl\u0151 lehet\u0151s\u00e9gek a n\u0151knek \u00e9s a f\u00e9rfiaknak, p\u00e9ld\u00e1ul az anyagi f\u00fcggetlens\u00e9g ter\u00e9n, mint ahogy egyenl\u0151 felt\u00e9telek ahhoz, hogy \u00e9rdekl\u0151d\u00e9s\u00fcket, amb\u00edci\u00f3ikat, tehets\u00e9g\u00fcket kiteljes\u00edthess\u00e9k.<\/p>\n<p>3. a szervezeti szf\u00e9ra: a karrier \u00e9s a munkahelyi el\u0151menetel, egyenl\u0151 b\u00e1n\u00e1sm\u00f3d, egyenl\u0151 hozz\u00e1f\u00e9r\u00e9s a m\u0171vel\u0151d\u00e9shez, egyenl\u0151 felel\u0151ss\u00e9gv\u00e1llal\u00e1s a gyermeknevel\u00e9s \u00e9s a csal\u00e1d ell\u00e1t\u00e1sa ter\u00fclet\u00e9n a f\u00e9rfiak \u00e9s a n\u0151k r\u00e9sz\u00e9r\u0151l.<\/p>\n<p>&nbsp;<\/p>\n<p>Ha konkr\u00e9tabb t\u00e9nyekre bontjuk, kimondhatjuk, hogy a n\u0151knek \u00e9s a f\u00e9rfiaknak egyar\u00e1nt rendelkez\u00e9s\u00e9re kell, hogy \u00e1lljon:<\/p>\n<p>\u2022 a gazdas\u00e1gi eszk\u00f6z\u00f6k egyenl\u0151 r\u00e9sze, \u00e9s a hozz\u00e1 tartoz\u00f3 gazdas\u00e1gi hatalom<\/p>\n<p>\u2022 a fizetett \u00e9s nem fizetett munka egyenl\u0151 r\u00e9sze<\/p>\n<p>\u2022 a szabadid\u0151 egyenl\u0151 r\u00e9sze<\/p>\n<p>\u2022 az elismer\u00e9s egyenl\u0151 r\u00e9sze<\/p>\n<p>\u2022 a hatalom egyenl\u0151 r\u00e9sze<\/p>\n<p>\u2022 az eg\u00e9szs\u00e9g egyenl\u0151 r\u00e9sze<\/p>\n<p>\u2022 az eg\u00e9szs\u00e9g egyenl\u0151 r\u00e9sze<\/p>\n<p>\u2022 a tud\u00e1s egyenl\u0151 r\u00e9sze<\/p>\n<p>\u2022 a t\u00e9r egyenl\u0151 r\u00e9sze.<\/p>\n","protected":false},"excerpt":{"rendered":"<p>R\u00f6viden megfogalmazva azt jelenti, hogy a nemek k\u00f6z\u00f6tti egyenl\u0151s\u00e9g szempontja be\u00e9p\u00fclj\u00f6n a k\u00f6zpolitik\u00e1ba annak minden ter\u00fclet\u00e9n, a d\u00f6nt\u00e9shozatal minden szintj\u00e9n \u00e9s annak minden st\u00e1dium\u00e1ban. Egyszer\u0171bben megfogalmazva, mint ahogy a gazdas\u00e1gi szempont az \u00e9let minden ter\u00fclet\u00e9n jelen van, vagyis a gazdas\u00e1goss\u00e1g, az anyagi megval\u00f3s\u00edthat\u00f3s\u00e1g, a megt\u00e9r\u00fcl\u00e9s, hasznoss\u00e1g az \u00e9let minden ter\u00fclet\u00e9n fontos, \u00e9s elker\u00fclhetetlen, a f\u00e9rfiak [&hellip;]<\/p>\n","protected":false},"author":3,"featured_media":3952,"comment_status":"closed","ping_status":"closed","sticky":false,"template":"","format":"standard","meta":{"footnotes":""},"categories":[41],"tags":[47,44,39],"class_list":["post-3950","post","type-post","status-publish","format-standard","has-post-thumbnail","hentry","category-komoly","tag-gender","tag-neveles","tag-tanacsadas"],"_links":{"self":[{"href":"https:\/\/phoenix-ngo.sk\/magazin\/wp-json\/wp\/v2\/posts\/3950","targetHints":{"allow":["GET"]}}],"collection":[{"href":"https:\/\/phoenix-ngo.sk\/magazin\/wp-json\/wp\/v2\/posts"}],"about":[{"href":"https:\/\/phoenix-ngo.sk\/magazin\/wp-json\/wp\/v2\/types\/post"}],"author":[{"embeddable":true,"href":"https:\/\/phoenix-ngo.sk\/magazin\/wp-json\/wp\/v2\/users\/3"}],"replies":[{"embeddable":true,"href":"https:\/\/phoenix-ngo.sk\/magazin\/wp-json\/wp\/v2\/comments?post=3950"}],"version-history":[{"count":1,"href":"https:\/\/phoenix-ngo.sk\/magazin\/wp-json\/wp\/v2\/posts\/3950\/revisions"}],"predecessor-version":[{"id":3953,"href":"https:\/\/phoenix-ngo.sk\/magazin\/wp-json\/wp\/v2\/posts\/3950\/revisions\/3953"}],"wp:featuredmedia":[{"embeddable":true,"href":"https:\/\/phoenix-ngo.sk\/magazin\/wp-json\/wp\/v2\/media\/3952"}],"wp:attachment":[{"href":"https:\/\/phoenix-ngo.sk\/magazin\/wp-json\/wp\/v2\/media?parent=3950"}],"wp:term":[{"taxonomy":"category","embeddable":true,"href":"https:\/\/phoenix-ngo.sk\/magazin\/wp-json\/wp\/v2\/categories?post=3950"},{"taxonomy":"post_tag","embeddable":true,"href":"https:\/\/phoenix-ngo.sk\/magazin\/wp-json\/wp\/v2\/tags?post=3950"}],"curies":[{"name":"wp","href":"https:\/\/api.w.org\/{rel}","templated":true}]}}