{"id":4030,"date":"2024-01-13T13:00:32","date_gmt":"2024-01-13T12:00:32","guid":{"rendered":"https:\/\/phoenix-ngo.sk\/?p=4030"},"modified":"2024-04-20T20:31:01","modified_gmt":"2024-04-20T19:31:01","slug":"taylor-swift-a-rekorddonto-enekesnot-valasztottak-meg-az-ev-emberenek","status":"publish","type":"post","link":"https:\/\/phoenix-ngo.sk\/magazin\/blog\/2024\/01\/13\/taylor-swift-a-rekorddonto-enekesnot-valasztottak-meg-az-ev-emberenek\/","title":{"rendered":"Taylor Swift  \u2013 A rekordd\u00f6nt\u0151 \u00e9nekesn\u0151t v\u00e1lasztott\u00e1k meg az \u00e9v ember\u00e9nek"},"content":{"rendered":"<p>Hosszan tart\u00f3, figyelemre m\u00e9lt\u00f3 karrierje alatt Taylor Swift m\u00e9g soha nem rendelkezett akkora gazdas\u00e1gi, kultur\u00e1lis \u00e9s politikai befoly\u00e1ssal, mint ma.<\/p>\n<p><em>\u201e33 \u00e9vesen j\u00f6tt el karrierem \u00e1tt\u00f6r\u0151 pillanata<\/em> \u2013 mondja. \u2013<em> \u00c9letemben el\u0151sz\u00f6r voltam ment\u00e1lisan el\u00e9g kem\u00e9ny ahhoz, hogy elviseljem mindazt, ami ezzel j\u00e1r.\u201d<\/em><\/p>\n<p>A<em> Time Magazin<\/em> Taylor Swiftet nevezte meg az \u00e9v ember\u00e9nek a 2023-as \u00e9vre vonatkoz\u00f3an \u2013 ezzel \u0151 az els\u0151 n\u0151, aki m\u00e1sodszor szerepel az \u00e9v embere c\u00edmlapon. Az \u00e9nekesn\u0151 el\u0151sz\u00f6r 2017-ben kapta meg az elismer\u00e9st a #MeToo-mozgalom egyik k\u00e9pvisel\u0151jek\u00e9nt. Taylor Swift az els\u0151 szem\u00e9ly, akit a m\u0171v\u00e9szetek ter\u00e9n el\u00e9rt eredm\u00e9nyei miatt v\u00e1lasztottak ki. Azzal, hogy \u0151 lett az els\u0151 n\u0151, aki t\u00f6bbsz\u00f6ri elismer\u00e9sben r\u00e9szes\u00fclt, beker\u00fclt a t\u00f6bbsz\u00f6r\u00f6sen kit\u00fcntetettek kis csoportj\u00e1ba, ahol t\u00f6bb amerikai eln\u00f6k \u00e9s vil\u00e1gvezet\u0151 is tal\u00e1lhat\u00f3.<\/p>\n<p>Egy\u00e9b rangos list\u00e1kon is tarolt. A <em>Forbes<\/em> szerint a vil\u00e1g 5. legbefoly\u00e1sosabb n\u0151je (megel\u0151zve Beyonc\u00e9t \u00e9s Rihann\u00e1t). A 2023-as list\u00e1n az eddigi legmagasabb helyez\u00e9s\u00e9t \u00e9rte el, a ranglista legkiemelked\u0151bb zen\u00e9szek\u00e9nt. Kik el\u0151zik meg? Ursula von der Leyen, az Eur\u00f3pai Bizotts\u00e1g eln\u00f6ke, Christine Lagarde, az Eur\u00f3pai K\u00f6zponti Bank eln\u00f6ke, Kamala Harris, az Egyes\u00fclt \u00c1llamok aleln\u00f6ke \u00e9s Giorgia Meloni olasz minisztereln\u00f6k. A <em>People Magazin<\/em> 2023 leg\u00e9rdekesebb ember\u00e9nek nevezte az \u00e9nekesn\u0151t.<\/p>\n<p>Szeptemberben 9 d\u00edjat zsebelt be a 2023-as <em>MTV Video Music Awards<\/em> d\u00edj\u00e1tad\u00f3n, \u00edgy \u00f6sszesen 23 VMA d\u00edjjal b\u00fcszk\u00e9lkedhet. Tov\u00e1bbra is Beyonc\u00e9 a VMA legt\u00f6bbet d\u00edjazott el\u0151ad\u00f3ja 29 gy\u0151zelemmel. Swift 10 d\u00edjat szerzett a 2023-as<em> Billboard Music Awards<\/em> d\u00edj\u00e1tad\u00f3n, \u00e9s 6 <em>Grammy<\/em>-jel\u00f6l\u00e9st kapott a<em> \u201eMidnights\u201d<\/em> c\u00edm\u0171 album\u00e1\u00e9rt. Az \u00e9nekesn\u0151 Grammy-rekordot d\u00f6nt\u00f6tt, amikor hetedszerre is megszerezte az \u00e9v dala jel\u00f6l\u00e9st, ezzel megel\u0151zte Sir Paul McCartney-t \u00e9s Lionel Richie-t, akik hat-hat jel\u00f6l\u00e9ssel rendelkeznek.<\/p>\n<p>2023. november 28-\u00e1n Swift lett a <em>Spotify<\/em> \u00e9s az <em>Apple Music<\/em> legt\u00f6bbet hallgatott el\u0151ad\u00f3ja 2023-ban, \u00e1tv\u00e9ve a c\u00edmet Bad Bunnyt\u00f3l, aki 2022-ben mindk\u00e9t platformot uralta. A <em>Spotify<\/em> szerint az \u00e9nekesn\u0151 zen\u00e9it 2023-ban 26,1 milli\u00e1rdszor hallgatt\u00e1k meg \u2013 ez h\u00e1romszor annyi, mint ah\u00e1ny ember \u00e9l a F\u00f6ld\u00f6n.<\/p>\n<p>Popszt\u00e1rk\u00e9nt nev\u00e9t Elvis Presley, Michael Jackson \u00e9s Madonna mellett emlegetik, dalszerz\u0151k\u00e9nt pedig Bob Dylanhez, Paul McCartney-hoz \u00e9s Joni Mitchellhez hasonl\u00edtj\u00e1k. \u00dczletasszonyk\u00e9nt egy olyan birodalmat \u00e9p\u00edtett fel, amelynek \u00e9rt\u00e9ke egyes becsl\u00e9sek szerint meghaladja az 1 milli\u00e1rd doll\u00e1rt. H\u00edress\u00e9gk\u00e9nt pedig \u2013 (n\u0151i mivolt\u00e1b\u00f3l ad\u00f3d\u00f3an) g\u00f3rcs\u0151 al\u00e1 helyezve figyelik minden apr\u00f3 l\u00e9p\u00e9s\u00e9t, att\u00f3l kezdve, hogy kivel randizik, eg\u00e9szen addig, hogy mit visel \u2013 \u00e9s ezt a figyelmet tudja, hogyan haszn\u00e1lja ki.<\/p>\n<p>&nbsp;<\/p>\n<p><img fetchpriority=\"high\" decoding=\"async\" class=\"wp-image-4044 aligncenter\" src=\"https:\/\/phoenix-ngo.sk\/magazin\/wp-content\/uploads\/2024\/01\/swift-300x199.jpg\" alt=\"\" width=\"776\" height=\"515\" srcset=\"https:\/\/phoenix-ngo.sk\/magazin\/wp-content\/uploads\/2024\/01\/swift-300x199.jpg 300w, https:\/\/phoenix-ngo.sk\/magazin\/wp-content\/uploads\/2024\/01\/swift-1024x680.jpg 1024w, https:\/\/phoenix-ngo.sk\/magazin\/wp-content\/uploads\/2024\/01\/swift-768x510.jpg 768w, https:\/\/phoenix-ngo.sk\/magazin\/wp-content\/uploads\/2024\/01\/swift-1536x1020.jpg 1536w, https:\/\/phoenix-ngo.sk\/magazin\/wp-content\/uploads\/2024\/01\/swift-2048x1360.jpg 2048w, https:\/\/phoenix-ngo.sk\/magazin\/wp-content\/uploads\/2024\/01\/swift-497x330.jpg 497w, https:\/\/phoenix-ngo.sk\/magazin\/wp-content\/uploads\/2024\/01\/swift-270x180.jpg 270w\" sizes=\"(max-width: 776px) 100vw, 776px\" \/><\/p>\n<p>&nbsp;<\/p>\n<p>2023 Taylor Swift \u00e9ve volt. Ha szkeptikus vagy, v\u00e1laszolj az al\u00e1bbi k\u00e9rd\u00e9sekre: H\u00e1ny besz\u00e9lget\u00e9st folytatt\u00e1l 2023-ban az \u00e9nekesn\u0151r\u0151l? H\u00e1nyszor l\u00e1tt\u00e1l r\u00f3la k\u00e9pet, mik\u00f6zben a telefonodon g\u00f6rgett\u00e9l? Vett\u00e9l jegyet a koncertj\u00e9re? Megn\u00e9zted a koncertfilmj\u00e9t? L\u00e1jkolt\u00e1l egy r\u00f3la sz\u00f3l\u00f3 Instagram-posztot? Nevett\u00e9l egy vele kapcsolatos tweeten? Elolvast\u00e1l egy r\u00f3la sz\u00f3l\u00f3 cikket? D\u00fadoltad a <em>\u201eCruel Summer\u201d<\/em>-t, mik\u00f6zben sorban \u00e1llt\u00e1l a boltban? Bevallotta egy bar\u00e1tod, hogy Swiftie? Vagy \u00e9ppen te lett\u00e9l az?<\/p>\n<p>A m\u0171v\u00e9szi \u201ekorszakait\u201d felid\u00e9z\u0151 epikus turn\u00e9ja (<em>The Eras Tour<\/em>), amely 2023 m\u00e1rcius\u00e1ban kezd\u0151d\u00f6tt \u00e9s 2024 december\u00e9ben fejez\u0151dik be (151 koncert vil\u00e1gszerte) \u2013 az el\u0151rejelz\u00e9sek szerint minden id\u0151k legnagyobb turn\u00e9ja lesz, \u00e9s az els\u0151, amelynek bev\u00e9tele meghaladja az egymilli\u00e1rd doll\u00e1rt. A rekordot Elton John \u00f6t\u00e9ves b\u00facs\u00faturn\u00e9ja (328 koncert) tartotta 939 milli\u00f3 doll\u00e1r bev\u00e9tellel. Swift hatodik koncertturn\u00e9ja egy\u00e9bk\u00e9nt annyira n\u00e9pszer\u0171, hogy nagyobb volt a bev\u00e9tele, mint a m\u00e1sodik \u00e9s a harmadik helyen szerepl\u0151 legnagyobb bev\u00e9telt hoz\u00f3 turn\u00e9knak 2023-ban (Beyonc\u00e9 \u00e9s Bruce Springsteen) egy\u00fcttv\u00e9ve.<\/p>\n<p>Az elemz\u0151k elkezdtek besz\u00e9lni a \u201eTaylor-hat\u00e1sr\u00f3l\u201d. Thaif\u00f6ldi, magyar \u00e9s chilei politikusok arra k\u00e9rt\u00e9k az \u00e9nekesn\u0151t, hogy l\u00e1togasson el turn\u00e9j\u00e1val az orsz\u00e1gukba. Minden alkalommal, amikor \u00faj helyre \u00e9rkezett, egy mini gazdas\u00e1gi fellend\u00fcl\u00e9s k\u00f6vetkezett be. V\u00e1rosokat, stadionokat \u00e9s utc\u00e1kat neveztek \u00e1t a tisztelet\u00e9re.<\/p>\n<p>Koncertfilmje (<em>Taylor Swift: The Eras Tour<\/em>) megjelen\u00e9sekor (2023. okt\u00f3ber 13.) Swift megker\u00fclte a st\u00fadi\u00f3kat \u00e9s a streamingszolg\u00e1ltat\u00f3kat, ehelyett szokatlan paktumot k\u00f6t\u00f6tt az AMC-vel, ami a mozil\u00e1nc t\u00f6rt\u00e9net\u00e9nek legmagasabb egynapos jegyelad\u00e1s\u00e1t eredm\u00e9nyezte. A film a nyit\u00f3h\u00e9tv\u00e9g\u00e9n 92 milli\u00f3 doll\u00e1rt, \u00f6sszbev\u00e9telben pedig 249 milli\u00f3 doll\u00e1rt hozott, ezzel minden id\u0151k legnagyobb bev\u00e9tel\u00e9t hoz\u00f3 koncertfilmje lett.<\/p>\n<p>A rajong\u00f3i \u00e1ltal k\u00e9sz\u00edtett, a koncerteken viselt \u00e9s elcser\u00e9lt bar\u00e1ts\u00e1gkark\u00f6t\u0151k elengedhetetlen kieg\u00e9sz\u00edt\u0151kk\u00e9 v\u00e1ltak \u00e9s 500%-os forgalomn\u00f6veked\u00e9st eredm\u00e9nyeztek a k\u00e9zm\u0171vesboltokban. Mindez a<em> \u201eYou\u2019re on Your Own Kid\u201d<\/em> c. dal egy sor\u00e1nak k\u00f6sz\u00f6nhet\u0151, amely \u00edgy sz\u00f3l:<em> \u201eSo make the friendship bracelets\u201d<\/em>.<\/p>\n<p>Amikor Swift elkezdett randizni <em>Travis Kelce<\/em>-szel, a Kansas City Chief amerikaifutball-j\u00e1t\u00e9kos\u00e1val \u00e9s k\u00e9tszeres Super Bowl-bajnokkal, a meccseinek n\u00e9zetts\u00e9ge hatalmas m\u00e9rt\u00e9kben megn\u0151tt.<\/p>\n<p>Legal\u00e1bb 10 egyetemi kurzus foglalkozik az \u00e9nekesn\u0151vel, k\u00f6zt\u00fck egy a Harvardon. Stephanie Burt professzor a Time Magazinnak elmondta, hogy Swift munk\u00e1ss\u00e1g\u00e1t William Wordsworth k\u00f6lt\u0151 munk\u00e1ss\u00e1g\u00e1hoz tervezi hasonl\u00edtani.<\/p>\n<p>&nbsp;<\/p>\n<p><img decoding=\"async\" class=\"wp-image-4043 aligncenter\" src=\"https:\/\/phoenix-ngo.sk\/magazin\/wp-content\/uploads\/2024\/01\/Taylor_Swift_-_1989_Taylors_Version.png\" alt=\"\" width=\"782\" height=\"782\" srcset=\"https:\/\/phoenix-ngo.sk\/magazin\/wp-content\/uploads\/2024\/01\/Taylor_Swift_-_1989_Taylors_Version.png 300w, https:\/\/phoenix-ngo.sk\/magazin\/wp-content\/uploads\/2024\/01\/Taylor_Swift_-_1989_Taylors_Version-150x150.png 150w, https:\/\/phoenix-ngo.sk\/magazin\/wp-content\/uploads\/2024\/01\/Taylor_Swift_-_1989_Taylors_Version-180x180.png 180w, https:\/\/phoenix-ngo.sk\/magazin\/wp-content\/uploads\/2024\/01\/Taylor_Swift_-_1989_Taylors_Version-120x120.png 120w\" sizes=\"(max-width: 782px) 100vw, 782px\" \/><\/p>\n<p>&nbsp;<\/p>\n<p>Azt\u00e1n ott van a kritikailag elismert dalgy\u0171jtem\u00e9nye \u2013 egy olyannyira kedvelt katal\u00f3gus, hogy amikor \u00fajra kiadja az albumait, hogy visszaszerezze a tulajdonjog\u00e1t a zen\u00e9i felett, gyakran megd\u00f6nti a saj\u00e1t maga \u00e1ltal fel\u00e1ll\u00edtott sl\u00e1gerlist\u00e1s rekordokat. 2023. j\u00falius 7-\u00e9n jelentette meg a<em> \u201eSpeak Now (Taylor&#8217;s Version)\u201d<\/em> c., harmadik st\u00fadi\u00f3album\u00e1nak \u00fajrafeldolgoz\u00e1s\u00e1t, amely a 12. albuma lett, amely a <em>Billboard<\/em> 200-as lista \u00e9l\u00e9n landolt. Ennek k\u00f6sz\u00f6nhet\u0151en \u0151 lett a Billboard t\u00f6rt\u00e9net\u00e9ben a legt\u00f6bb els\u0151 helyezett albummal rendelkez\u0151 n\u0151. 2023. okt\u00f3ber 27-\u00e9n pedig kiadta az<em> \u201e1989 (Taylor&#8217;s Version)\u201d<\/em> c. negyedik album\u00e1nak \u00fajrafelv\u00e9tel\u00e9t. Ez a hatodik olyan kiadv\u00e1nya, amely az els\u0151 h\u00e9ten t\u00f6bb mint egymilli\u00f3 p\u00e9ld\u00e1nyban kelt el.<\/p>\n<p>Amikor tavaly megkezd\u0151d\u00f6tt a jegy\u00e9rt\u00e9kes\u00edt\u00e9s, a <em>Ticketmaster<\/em> \u00f6sszeomlott. A 2023-as koncertekre 4,1 milli\u00f3 jegyet adtak el \u2013 k\u00f6zt\u00fck t\u00f6bb mint 2 milli\u00f3t az els\u0151 napon, ami \u00faj rekord. A m\u00e1sodlagos piacon a csal\u00f3k t\u00f6bb mint 22 000 doll\u00e1rra emelt\u00e9k a jegy\u00e1rakat. T\u00f6bb rajong\u00f3 pert ind\u00edtott. Az igazs\u00e1g\u00fcgyi miniszt\u00e9rium vizsg\u00e1latba kezdett, a szen\u00e1tus pedig meghallgat\u00e1st tartott. Az \u00e9nekesn\u0151 tudta, hogy ezek ut\u00e1n j\u00f3l kell teljes\u00edtenie a turn\u00e9n. Tett is \u00e9rte.<\/p>\n<p>Hat h\u00f3nappal az els\u0151 show el\u0151tt kezdte meg a felk\u00e9sz\u00fcl\u00e9st.<em> \u201eMinden nap futottam a fut\u00f3padon, \u00e9s hangosan v\u00e9gig\u00e9nekeltem a teljes dallist\u00e1t<\/em> \u2013 mondta. <em>Gyorsan futottam a gyors dalokra, \u00e9s kocogtam vagy gyorsan s\u00e9t\u00e1ltam a lass\u00fa dalokra.\u201d<\/em> Az edz\u0151terme egy speci\u00e1lis programot \u00e1ll\u00edtott \u00f6ssze sz\u00e1m\u00e1ra. <em>\u201eAzt\u00e1n h\u00e1rom h\u00f3napig t\u00e1nctr\u00e9ninget tartottam, mert azt akartam, hogy bel\u00e9m iv\u00f3djon a koreogr\u00e1fia. Tudtam, hogy ez a turn\u00e9 sokkal nehezebb lesz, mint b\u00e1rmi, amit eddig csin\u00e1ltam\u201d<\/em> \u2013 mondja Swift. A koncert h\u00e1rom \u00e9s f\u00e9l \u00f3ra hossz\u00fa, ezalatt 44 dal hangzik el, \u00e9s az \u00e9nekesn\u0151 tizenhatszor v\u00e1lt jelmezt. A st\u00e1b leny\u0171g\u00f6z\u0151 sz\u00ednpadi l\u00e1tv\u00e1nnyal \u00e9s pirotechnik\u00e1val veszi le a l\u00e1b\u00e1r\u00f3l a k\u00f6z\u00f6ns\u00e9get.<\/p>\n<p>&nbsp;<\/p>\n<p><img decoding=\"async\" class=\"wp-image-4041 aligncenter\" src=\"https:\/\/phoenix-ngo.sk\/magazin\/wp-content\/uploads\/2024\/01\/eras_tour-227x300.jpeg\" alt=\"\" width=\"752\" height=\"994\" srcset=\"https:\/\/phoenix-ngo.sk\/magazin\/wp-content\/uploads\/2024\/01\/eras_tour-227x300.jpeg 227w, https:\/\/phoenix-ngo.sk\/magazin\/wp-content\/uploads\/2024\/01\/eras_tour-249x330.jpeg 249w, https:\/\/phoenix-ngo.sk\/magazin\/wp-content\/uploads\/2024\/01\/eras_tour-136x180.jpeg 136w\" sizes=\"(max-width: 752px) 100vw, 752px\" \/><\/p>\n<p>&nbsp;<\/p>\n<p>Ah\u00e1nyszor Swift meg\u00e9rkezett egy v\u00e1rosba, fellend\u00fclt a helyi gazdas\u00e1g. Amikor a turn\u00e9 elindult, az arizonai Glendale-ben t\u00f6bb bev\u00e9telt hozott az ottani v\u00e1llalkoz\u00e1soknak, mint a 2023-as Super Bowl (a f\u0151 amerikaifutball-bajnoks\u00e1g, az NFL d\u00f6nt\u0151je), amelyet ugyanabban a stadionban rendeztek. A rajong\u00f3k elutaztak a koncerthelysz\u00ednekre, sz\u00e1llod\u00e1kban sz\u00e1lltak meg, \u00e9ttermekben \u00e9tkeztek, \u00e9s a pul\u00f3verekt\u0151l a limit\u00e1lt kiad\u00e1s\u00fa bakelitlemezekig mindenre k\u00f6lt\u00f6ttek. Egy \u00e1tlagos turn\u00e9l\u00e1togat\u00f3 a jelent\u00e9sek szerint k\u00f6zel 1 300 doll\u00e1rt k\u00f6lt\u00f6tt.<\/p>\n<p>A \u201eTaylor-hat\u00e1st\u201d a korm\u00e1nyzat legmagasabb szintjein is \u00e9szrevett\u00e9k. <em>\u201eHa a Federal Reserve (Sz\u00f6vets\u00e9gi Tartal\u00e9k) a gazdas\u00e1gi n\u00f6veked\u00e9s fellend\u00fcl\u00e9s\u00e9nek okak\u00e9nt eml\u00edt valakit, az nagy dolog\u201d<\/em> \u2013 mondja Ed Tiryakian, a Duke Egyetem p\u00e9nz\u00fcgyi professzora.<\/p>\n<p>Swift egy pennsylvaniai feny\u0151farmon n\u0151tt fel \u00f6ccs\u00e9vel, Austinnal; \u00e9desapja, Scott t\u0151zsde\u00fcgyn\u00f6k volt, \u00e9desanyja, Andrea pedig marketinggel foglalkozott. Csal\u00e1dja ma is szorosan egy\u00fcttm\u0171k\u00f6dik vele. <em>\u201eA karrierem legjobb \u00f6tletei apuk\u00e1mt\u00f3l, anyuk\u00e1mt\u00f3l \u00e9s az \u00f6cs\u00e9mt\u0151l sz\u00e1rmaznak<\/em> \u2013 mondja Swift.<em> Mindig azzal viccel\u0151d\u00f6m, hogy mi egy kis csal\u00e1di v\u00e1llalkoz\u00e1s vagyunk.\u201d<\/em><\/p>\n<p>Ez volt az az \u00e9v, amikor Swift t\u00f6k\u00e9letesre fejlesztette a mesters\u00e9g\u00e9t. A vil\u00e1g pedig figyelte: s\u00edrt, t\u00e1ncolt, \u00e9nekelt, nevetett, elment a stadionokba \u00e9s a mozikba, hagyta, hogy a m\u0171vei \u00e9let\u00fck bet\u00e9tdal\u00e1v\u00e1 v\u00e1ljanak. Swift sz\u00e1m\u00e1ra ez a cs\u00facs.<em> \u201eEnn\u00e9l b\u00fcszk\u00e9bben, boldogabban, kreat\u00edvan beteljes\u00fcltebben \u00e9s szabadabban m\u00e9g sosem \u00e9reztem magamat\u201d<\/em> \u2013 mondja. Az \u00e9nekesn\u0151 sokf\u00e9le alakot \u00f6lt a sz\u00ednpadon \u2013 sebezhet\u0151 \u00e9s diadalmas, j\u00e1t\u00e9kos \u00e9s szomor\u00fa \u2013, de a dalai intimit\u00e1sa \u00e1ll mindig a k\u00f6z\u00e9ppontban.<\/p>\n<p>Tal\u00e1n ez az igazi \u201eTaylor Swift-hat\u00e1s\u201d: Az, hogy az emberek \u2013 sokan k\u00f6z\u00fcl\u00fck n\u0151k, k\u00fcl\u00f6n\u00f6sen l\u00e1nyok, akiket arra kondicion\u00e1ltak, hogy elfogadj\u00e1k az elutas\u00edt\u00e1st, a manipul\u00e1l\u00e1st \u00e9s a rossz b\u00e1n\u00e1sm\u00f3dot egy olyan t\u00e1rsadalomt\u00f3l, amely az \u00e9rzelmeket jelent\u00e9ktelennek tekinti \u2013 felhatalmazva \u00e9rzik magukat arra, hogy elhiggy\u00e9k, a bels\u0151 \u00e9let\u00fck igenis sz\u00e1m\u00edt. Az, hogy a sz\u00edved megszakad egy s\u00e1l eml\u00e9ke miatt, ami m\u00e9g mindig ott lapul valahol egy fi\u00f3kban, vagy mert valaki m\u00e1s birtokolja a zen\u00e9idet, egy val\u00f3s seb, \u00e9s nem vagy \u0151r\u00fclt, ha feld\u00faltnak \u00e9rzed magad emiatt, vagy ha el akarod mes\u00e9lni az embereknek a t\u00f6rt\u00e9netedet.<\/p>\n<p>Nem l\u00e1tsz\u00f3dik annak jele, hogy az \u00e9nekesn\u0151 n\u00e9pszer\u0171s\u00e9ge egyhamar lankadna. A<em> \u201eThe Eras Tour\u201d<\/em> nemzetk\u00f6zi r\u00e9sze 2024. febru\u00e1r 7-\u00e9n Toki\u00f3ban folytat\u00f3dik \u00e9s 2024. december 8-\u00e1n Vancouverben \u00e9r v\u00e9get. Az \u00e9nekesn\u0151 ell\u00e1togat \u00c1zsi\u00e1ba, Ausztr\u00e1li\u00e1ba, Eur\u00f3p\u00e1ba \u00e9s Kanad\u00e1ba, sz\u00f3val a rajong\u00f3knak m\u00e9g van es\u00e9lye eljutni a koncertj\u00e9re, ha nem, akkor pedig megn\u00e9zhetik az \u00e9lm\u00e9nyp\u00f3tl\u00f3, nagy kasszasiker\u0171 koncertfilmj\u00e9t.<\/p>\n<p>&nbsp;<\/p>\n<p>Forr\u00e1sok: <a href=\"https:\/\/time.com\/6342806\/person-of-the-year-2023-taylor-swift\/\">ITT<\/a>, <a href=\"https:\/\/time.com\/6343069\/taylor-swift-history-person-of-the-year\/\">ITT<\/a>, <a href=\"https:\/\/www.forbes.com\/sites\/maggiemcgrath\/2023\/12\/05\/taylor-swifts-power-era-why-the-billionaire-pop-star-is-one-of-the-worlds-most-powerful-women\/\">ITT<\/a>, <a href=\"https:\/\/www.latimes.com\/entertainment-arts\/music\/story\/2023-12-06\/taylor-swift-time-person-of-the-year-2023-makes-history\">ITT<\/a>, <a href=\"https:\/\/people.com\/25-most-intriguing-people-of-2023-photos-8410727\">ITT<\/a>, <a href=\"https:\/\/www.forbes.com\/lists\/power-women\/\">ITT<\/a>, <a href=\"https:\/\/www.billboard.com\/music\/music-news\/taylor-swift-most-powerful-woman-in-the-world-2023-list-1235534184\/\">ITT<\/a>, <a href=\"https:\/\/globalnews.ca\/news\/10151734\/taylor-swift-time-person-of-the-year-2023\/\">ITT<\/a>, <a href=\"https:\/\/www.today.com\/news\/taylor-swift-time-2023-person-of-year-rcna128100\">ITT<\/a>, <a href=\"https:\/\/www.guinnessworldrecords.com\/news\/2023\/12\/taylor-swifts-eras-tour-breaks-record-as-highest-grossing-music-tour-ever-762285\">ITT<\/a>, <a href=\"https:\/\/www.forbes.com\/sites\/conormurray\/2023\/12\/06\/every-major-event-in-taylor-swifts-record-breaking-2023-from-the-eras-tour-to-time-person-of-the-year\/\">ITT<\/a><\/p>\n","protected":false},"excerpt":{"rendered":"<p>Hosszan tart\u00f3, figyelemre m\u00e9lt\u00f3 karrierje alatt Taylor Swift m\u00e9g soha nem rendelkezett akkora gazdas\u00e1gi, kultur\u00e1lis \u00e9s politikai befoly\u00e1ssal, mint ma. \u201e33 \u00e9vesen j\u00f6tt el karrierem \u00e1tt\u00f6r\u0151 pillanata \u2013 mondja. \u2013 \u00c9letemben el\u0151sz\u00f6r voltam ment\u00e1lisan el\u00e9g kem\u00e9ny ahhoz, hogy elviseljem mindazt, ami ezzel j\u00e1r.\u201d A Time Magazin Taylor Swiftet nevezte meg az \u00e9v ember\u00e9nek a 2023-as [&hellip;]<\/p>\n","protected":false},"author":12,"featured_media":4045,"comment_status":"closed","ping_status":"closed","sticky":false,"template":"","format":"standard","meta":{"footnotes":""},"categories":[40],"tags":[60,67],"class_list":["post-4030","post","type-post","status-publish","format-standard","has-post-thumbnail","hentry","category-nagyvilag","tag-karrier","tag-muveszet"],"_links":{"self":[{"href":"https:\/\/phoenix-ngo.sk\/magazin\/wp-json\/wp\/v2\/posts\/4030","targetHints":{"allow":["GET"]}}],"collection":[{"href":"https:\/\/phoenix-ngo.sk\/magazin\/wp-json\/wp\/v2\/posts"}],"about":[{"href":"https:\/\/phoenix-ngo.sk\/magazin\/wp-json\/wp\/v2\/types\/post"}],"author":[{"embeddable":true,"href":"https:\/\/phoenix-ngo.sk\/magazin\/wp-json\/wp\/v2\/users\/12"}],"replies":[{"embeddable":true,"href":"https:\/\/phoenix-ngo.sk\/magazin\/wp-json\/wp\/v2\/comments?post=4030"}],"version-history":[{"count":4,"href":"https:\/\/phoenix-ngo.sk\/magazin\/wp-json\/wp\/v2\/posts\/4030\/revisions"}],"predecessor-version":[{"id":4046,"href":"https:\/\/phoenix-ngo.sk\/magazin\/wp-json\/wp\/v2\/posts\/4030\/revisions\/4046"}],"wp:featuredmedia":[{"embeddable":true,"href":"https:\/\/phoenix-ngo.sk\/magazin\/wp-json\/wp\/v2\/media\/4045"}],"wp:attachment":[{"href":"https:\/\/phoenix-ngo.sk\/magazin\/wp-json\/wp\/v2\/media?parent=4030"}],"wp:term":[{"taxonomy":"category","embeddable":true,"href":"https:\/\/phoenix-ngo.sk\/magazin\/wp-json\/wp\/v2\/categories?post=4030"},{"taxonomy":"post_tag","embeddable":true,"href":"https:\/\/phoenix-ngo.sk\/magazin\/wp-json\/wp\/v2\/tags?post=4030"}],"curies":[{"name":"wp","href":"https:\/\/api.w.org\/{rel}","templated":true}]}}