{"id":4052,"date":"2024-01-14T13:00:36","date_gmt":"2024-01-14T12:00:36","guid":{"rendered":"https:\/\/phoenix-ngo.sk\/?p=4052"},"modified":"2024-01-13T23:32:34","modified_gmt":"2024-01-13T22:32:34","slug":"szabadits-meg-a-gonosztol","status":"publish","type":"post","link":"https:\/\/phoenix-ngo.sk\/magazin\/blog\/2024\/01\/14\/szabadits-meg-a-gonosztol\/","title":{"rendered":"\u2026szabad\u00edts meg a gonoszt\u00f3l!"},"content":{"rendered":"<p>Dorka m\u00e9g bevitte a csupor tejet a sp\u00e1jzba, let\u00f6r\u00f6lte gyorsan a kifr\u00f6ccsent cseppeket a kez\u00e9r\u0151l a k\u00e9zel\u0151j\u00e9be, \u00e9s benyomta az ajt\u00f3t. Nehezen csuk\u00f3dott a konyha m\u00f6g\u00f6tti helyis\u00e9g bej\u00e1rata. Teljes test\u00e9vel nekid\u0151lt, csak \u00edgy z\u00e1r\u00f3dott a kallanty\u00fa a falba. M\u00e9g le akarta s\u00f6p\u00f6rni a morzs\u00e1kat a konyhaasztalr\u00f3l, \u00e9s betolni al\u00e1 a sz\u00e9keket, amikor megl\u00e1tta, ahogy apja \u00e9s anyja neh\u00e9zkesen szaladnak az udvaron a szemk\u00f6zti szomsz\u00e9dt\u00f3l, zih\u00e1lva n\u00e9zegetnek maguk m\u00f6g\u00e9, majd a l\u00e1buk el\u00e9, nehogy elessenek. Apja kiv\u00e1gta a konyha ajtaj\u00e1t, \u00e9s bekiab\u00e1lt Dork\u00e1nak.<\/p>\n<p>\u2013 Gyorsan, a pinc\u00e9be! \u2013 \u00e9s m\u00e1r fordult is Mari ut\u00e1n, aki ekkor m\u00e1r nyitotta a neh\u00e9z vasajt\u00f3t a di\u00f3fa alatt. \u00c1prilis volt, m\u00e1r r\u00fcgyeztek a f\u00e1k, a nap k\u00f6r\u00fcl er\u0151s, feh\u00e9r felh\u0151k \u00e1rny\u00e9koltak, a kutya a szomsz\u00e9dban megugatott egy macsk\u00e1t, a sz\u00e9l pedig felkapott egy f\u00f6lddarabot \u00e9s porfelh\u0151k\u00e9nt kergette tov\u00e1bb.<\/p>\n<p>H\u00e1bor\u00fa volt. A n\u00e9metek m\u00e1r elvittek mindent, amit lehetett. A f\u00fcst\u00f6lt kolb\u00e1szokat a p\u00e1r \u00e9vvel ezel\u0151tti diszn\u00f3v\u00e1g\u00e1sr\u00f3l, a zsid\u00f3kat a f\u0151utc\u00e1r\u00f3l, a z\u00f6lds\u00e9get a kertb\u0151l \u00e9s a komp\u00f3tokat a stel\u00e1zsir\u00f3l. Azt\u00e1n j\u00f6ttek az oroszok. Meger\u0151szakolt\u00e1k Dorka \u00e9desanyj\u00e1nak h\u00fag\u00e1t, \u00e9s a falu m\u00e1sik v\u00e9g\u00e9r\u0151l p\u00e1r l\u00e1nyt, azt\u00e1n t\u00f6rtek, z\u00faztak \u00e9s r\u00e9szegen randal\u00edroztak a felszabad\u00edtott faluban. T\u00f6nkretett\u00e9k a marad\u00e9kot. H\u00e1rmas\u00e1val j\u00e1rtak, vagy \u00f6t\u00f6s\u00e9vel. Egyed\u00fcl egyik se lett volna b\u00e1tor, mondta K\u00e1lm\u00e1n b\u00e1csi, Dork\u00e1\u00e9k szomsz\u00e9dja, aki kedves ember volt, de ha a h\u00e1bor\u00fa ker\u00fclt sz\u00f3ba, olyankor felemelte a hangj\u00e1t \u00e9s kics\u00faszott egy-k\u00e9t k\u00e1romkod\u00e1s a sz\u00e1j\u00e1n.<\/p>\n<p>A hat\u00e1r menti falu semmivel sem t\u0171nt ki a t\u00e9rk\u00e9pen. Az alig ezerh\u00e1romsz\u00e1z f\u0151s helys\u00e9g egyetlen dologgal b\u00fcszk\u00e9lkedhetett csup\u00e1n, hogy a protest\u00e1ns \u00fcld\u00f6z\u00e9s alatt, m\u00e9g a s\u00f6t\u00e9t k\u00f6z\u00e9pkor ut\u00e1n, artikul\u00e1ris helly\u00e9 v\u00e1lhatott. Hogy ez a falu lakoss\u00e1g\u00e1nak volt k\u00f6sz\u00f6nhet\u0151, vagy a b\u00edr\u00e1k d\u00f6nt\u00e9s\u00e9nek, a fene se tudja. R\u00e9g volt az m\u00e1r, \u00e9s mire a n\u00e9metek kitiszt\u00edtott\u00e1k a falut a zsid\u00f3kt\u00f3l, csak annyi maradt meg, hogy katolikus reform\u00e1tussal ne h\u00e1zasodjon, \u00e9s ford\u00edtva. Nem volt ez t\u00f6rv\u00e9ny, ink\u00e1bb egy helyi k\u00f6zmegegyez\u00e9s. Mari is megk\u00e9rdezte a l\u00e1ny\u00e1t, amikor a faluban elterjedt a pletyka, hogy a J\u00f3zsi k\u00eds\u00e9rte haza.<\/p>\n<p>\u2013 Melyik J\u00f3zsi? Ugye nem a Varga? Mert az katolikus. Nem sz\u00e9gyelled magad, te l\u00e1ny? Hogy ide be nem teszi a l\u00e1b\u00e1t, am\u00edg \u00e9n \u00e9lek. Azok azt se tudj\u00e1k, miben kell hinni.<\/p>\n<p>Dorka reform\u00e1tus volt. A falub\u00f3l sokan kacsingattak fel\u00e9je, de \u0151 elhat\u00e1rozta, hogy sz\u00edv\u00e9t meghagyja \u00e1lmainak. Tanulni akart, seg\u00edteni sz\u00fcleit, nyugodtabb, biztons\u00e1gosabb \u00e9letet, k\u00e9t gyereket \u00e9s szeret\u0151 f\u00e9rjet. Ebben a sorrendben.<\/p>\n<p>Amikor beszaladt a pinc\u00e9be, m\u00e9g nem tudta, hogy \u00e1lmai kinn maradtak. Most csak egy dologra figyelt. Hogy a kedves papa \u00e9s mama biztons\u00e1gban legyenek a kamr\u00e1ban. \u0150 maga h\u00fazta be a vasajt\u00f3t, majd leszaladt a l\u00e9pcs\u0151n, \u00e9s az alig k\u00e9tszer k\u00e9t m\u00e9teres pince k\u00f6zep\u00e9n figyelte a fentr\u0151l j\u00f6v\u0151 hangokat. Lajos \u00e9s Mari, Dorka sz\u00fclei a stel\u00e1zsi alj\u00e1ra \u00fcltek \u00e9s im\u00e1dkoztak. Csendben, lehorgasztott fejjel fogt\u00e1k egym\u00e1s kez\u00e9t, \u00e9s \u00f6sszeszor\u00edtott v\u00e1llakkal kapaszkodtak a Miaty\u00e1nkba. Minden vall\u00e1s im\u00e1j\u00e1ba. Most mindegy volt, hogy ortodox vagy katolikus, egy az Isten.<\/p>\n<p>Dorka f\u00e9l k\u00e9zzel fogta a csap\u00f3ajt\u00f3t, nem mintha t\u00e1masztani kellett volna, csak \u00edgy \u00e9rezte biztons\u00e1gban az alig p\u00e1r n\u00e9gyzetm\u00e9teres od\u00fat. F\u00e9l szemmel sz\u00fcleire pillantott, \u00e9s aggodalom t\u00f6lt\u00f6tte el.<\/p>\n<p>A h\u00e1rom orosz r\u00f6h\u00f6gve szaladt v\u00e9gig a falu f\u0151utc\u00e1j\u00e1n. L\u00f6v\u00f6ld\u00f6ztek, k\u00f6pk\u00f6dtek \u00e9s hangosan k\u00e1romkodtak. A t\u00f6bbiek lemaradtak. M\u00e9g volt dolguk.<\/p>\n<p>Szerj\u00f3zsa olyan r\u00e9szeg volt, hogy nem b\u00edrta az iramot. Betapasztotta a bal orrlyuk\u00e1t, \u00e9s f\u00fajt egyet. Ett\u0151l megk\u00f6nnyebb\u00fclt. J\u00f3l esett neki ez a nyikhaj \u00e9let. Se kuty\u00e1ja, se macsk\u00e1ja. Itt viszont \u0151 lehetett az Atya\u00faristen. Vagonokba zs\u00fafol\u00f3dva terelt\u00e9k \u0151ket a hat\u00e1rhoz, majd sz\u00e1ll\u00edtott\u00e1k a vele egykor\u00faakat a t\u00e1maszpontokra. \u0150 ezt a t\u00e9rs\u00e9get fogta ki. Mindegy volt neki. K\u00f6p\u00f6tt egyet a mark\u00e1ba, \u00e9s \u00fajb\u00f3l nekil\u00f3dult.<\/p>\n<p>Amikor a falu v\u00e9g\u00e9re \u00e9rt, kicsit csal\u00f3dott lett. Ma neki nem jutott l\u00e1ny. \u00c9s m\u00e1r el\u00e9gg\u00e9 r\u00e9szeg is volt ahhoz, hogy elkapjon egyet. De sebaj, am\u00edg n\u00e1la van a m\u00e1sik f\u00e9rfiass\u00e1ga. \u00c9s l\u0151tt egyet maga el\u00e9.<\/p>\n<p>A kamra ajtaja t\u00e1rva maradt. Pedig Dorka apja, Lajos h\u00e1nyszor szerelhetett volna r\u00e1 reteszt. De ez kimaradt a napi tennival\u00f3k k\u00f6z\u00fcl. A nyitva maradt vasajt\u00f3t a sz\u00e9l m\u00e9g jobban kit\u00e1rta, bepillant\u00e1st engedve a szalm\u00e1val ragasztott csupasz falakra. Szerj\u00f3zsa bet\u00e1ntorgott, keze er\u0151tlen\u00fcl l\u00f3gott a teste mellett. K\u00f6r\u00fcln\u00e9zett, \u00e9s d\u00fch\u00e9ben megh\u00fazta a ravaszt. A pince korhadt faretesze szil\u00e1nkosra \u00fct\u0151d\u00f6tt a goly\u00f3 l\u0151tte lyuk k\u00f6r\u00fcl. Szerj\u00f3zsa kicsit megs\u00fcket\u00fclt a l\u00f6v\u00e9st\u0151l, \u00e9s ink\u00e1bb kioldalgott a jobb napokat meg\u00e9lt helys\u00e9gb\u0151l.<\/p>\n<p>Lajos \u00e9s Mari ugrott egyet a stel\u00e1zsi als\u00f3 polc\u00e1n, a l\u00f6v\u00e9s ereje \u0151ket is el\u00e9rte. A kisebbik Lajos be\u00e1llt a partiz\u00e1nok k\u00f6z\u00e9, m\u00e9g a h\u00e1bor\u00fa kit\u00f6r\u00e9se ut\u00e1n, amikor Tiso a n\u00e1cik mell\u00e9 \u00e1llt \u00e9s Hitlerrel parol\u00e1zott.<\/p>\n<p>Nem sz\u00edvlelt\u00e9k a hatalmat a faluban. Az csak arra volt j\u00f3, hogy kisaj\u00e1t\u00edtson, ad\u00f3kkal s\u00fajtson \u00e9s utas\u00edtgasson. Pedig a dolgos kis k\u00f6z\u00f6ss\u00e9g kisebb baja is nagyobb volt ann\u00e1l, hogy b\u00e1rmif\u00e9le politikai n\u00e9zeteket valljon. Nekik el\u00e9g volt a f\u00f6ld, az \u00e1llatok \u00e9s a gyerekek. \u00c9s megint csak ebben a sorrendben, mert mi \u00e9rtelme volna, ha nem lenne j\u00e1tsz\u00f3hely a gyerekeknek \u00e9s \u00e9tel az asztalra a n\u00f6veked\u00e9s\u00fckh\u00f6z?<\/p>\n<p>Dorka apja karj\u00e1ba d\u0151lt, feje h\u00e1tracsuklott anyja fel\u00e9, aki a d\u00f6bbenett\u0151l \u00fclve maradt a stel\u00e1zsi als\u00f3 polc\u00e1n, \u00fagy kapta el a neki legszebb arcot \u00e9s cs\u00f3kolta r\u00f3la a v\u00e9rt, mag\u00e1ban \u00fcv\u00f6ltve az Istenhez, aki most v\u00f6r\u00f6sre festette a nap t\u00fcnd\u00f6kl\u00e9s\u00e9t. Lajos megrogyott, \u00e9s k\u00e9rd\u0151n n\u00e9zett felfel\u00e9, a fa csap\u00f3ajt\u00f3 ir\u00e1ny\u00e1ba, v\u00e1laszt v\u00e1rva a borzalomra.<\/p>\n<p>\u2013 Dorcik\u00e1m\u2026 \u2013 motyogta maga el\u00e9, \u00e9s elkapta l\u00e1nya megk\u00f6vesedett tekintet\u00e9t.<\/p>\n","protected":false},"excerpt":{"rendered":"<p>Dorka m\u00e9g bevitte a csupor tejet a sp\u00e1jzba, let\u00f6r\u00f6lte gyorsan a kifr\u00f6ccsent cseppeket a kez\u00e9r\u0151l a k\u00e9zel\u0151j\u00e9be, \u00e9s benyomta az ajt\u00f3t. Nehezen csuk\u00f3dott a konyha m\u00f6g\u00f6tti helyis\u00e9g bej\u00e1rata. Teljes test\u00e9vel nekid\u0151lt, csak \u00edgy z\u00e1r\u00f3dott a kallanty\u00fa a falba. M\u00e9g le akarta s\u00f6p\u00f6rni a morzs\u00e1kat a konyhaasztalr\u00f3l, \u00e9s betolni al\u00e1 a sz\u00e9keket, amikor megl\u00e1tta, ahogy apja [&hellip;]<\/p>\n","protected":false},"author":11,"featured_media":4066,"comment_status":"closed","ping_status":"closed","sticky":false,"template":"","format":"standard","meta":{"footnotes":""},"categories":[43],"tags":[46],"class_list":["post-4052","post","type-post","status-publish","format-standard","has-post-thumbnail","hentry","category-irodalom","tag-irodalom"],"_links":{"self":[{"href":"https:\/\/phoenix-ngo.sk\/magazin\/wp-json\/wp\/v2\/posts\/4052","targetHints":{"allow":["GET"]}}],"collection":[{"href":"https:\/\/phoenix-ngo.sk\/magazin\/wp-json\/wp\/v2\/posts"}],"about":[{"href":"https:\/\/phoenix-ngo.sk\/magazin\/wp-json\/wp\/v2\/types\/post"}],"author":[{"embeddable":true,"href":"https:\/\/phoenix-ngo.sk\/magazin\/wp-json\/wp\/v2\/users\/11"}],"replies":[{"embeddable":true,"href":"https:\/\/phoenix-ngo.sk\/magazin\/wp-json\/wp\/v2\/comments?post=4052"}],"version-history":[{"count":1,"href":"https:\/\/phoenix-ngo.sk\/magazin\/wp-json\/wp\/v2\/posts\/4052\/revisions"}],"predecessor-version":[{"id":4053,"href":"https:\/\/phoenix-ngo.sk\/magazin\/wp-json\/wp\/v2\/posts\/4052\/revisions\/4053"}],"wp:featuredmedia":[{"embeddable":true,"href":"https:\/\/phoenix-ngo.sk\/magazin\/wp-json\/wp\/v2\/media\/4066"}],"wp:attachment":[{"href":"https:\/\/phoenix-ngo.sk\/magazin\/wp-json\/wp\/v2\/media?parent=4052"}],"wp:term":[{"taxonomy":"category","embeddable":true,"href":"https:\/\/phoenix-ngo.sk\/magazin\/wp-json\/wp\/v2\/categories?post=4052"},{"taxonomy":"post_tag","embeddable":true,"href":"https:\/\/phoenix-ngo.sk\/magazin\/wp-json\/wp\/v2\/tags?post=4052"}],"curies":[{"name":"wp","href":"https:\/\/api.w.org\/{rel}","templated":true}]}}