{"id":4131,"date":"2024-02-09T17:39:51","date_gmt":"2024-02-09T16:39:51","guid":{"rendered":"https:\/\/phoenix-ngo.sk\/?p=4131"},"modified":"2024-04-20T20:36:58","modified_gmt":"2024-04-20T19:36:58","slug":"kreativ-irotabor-a-francia-rivieran-kekharisnyak-es-konyvmolyok-figyelmebe-akik-igazi-tollforgatok-akarnak-lenni","status":"publish","type":"post","link":"https:\/\/phoenix-ngo.sk\/magazin\/blog\/2024\/02\/09\/kreativ-irotabor-a-francia-rivieran-kekharisnyak-es-konyvmolyok-figyelmebe-akik-igazi-tollforgatok-akarnak-lenni\/","title":{"rendered":"Kreat\u00edv \u00edr\u00f3t\u00e1bor a Francia Rivi\u00e9r\u00e1n \u2013 K\u00e9kharisny\u00e1k \u00e9s k\u00f6nyvmolyok figyelm\u00e9be! Akik igazi tollforgat\u00f3k akarnak lenni\u2026"},"content":{"rendered":"<p>\u201eKonganak a harangok. 12 \u00f3ra 12 perckor m\u00e9g mindig \u00fcti a kem\u00e9nyvas a t\u00f6lcs\u00e9r bels\u0151 fal\u00e1t.<br \/>\nMeg\u00e9rkeztem. Minden a hely\u00e9n, a tenger halkan sz\u00fcrcs\u00f6li a partot. Az \u00e9g borogat\u00e1st tett a v\u00e1rosra, p\u00e1r\u00e1t g\u0151z\u00f6l\u00f6gtetve az emberekre.<\/p>\n<p>N\u00e9melyik p\u00e1racsepp \u00f6sszesz\u00f6vetkezik a legk\u00f6zelebb \u00e1ll\u00f3kkal, \u00e9s es\u0151csepp\u00e9 n\u0151nek. Vagy bev\u00e1rja t\u00e1rsait az ereszek, pergol\u00e1k sz\u00e9l\u00e9n, \u00e9s tandemugr\u00e1sban vetik r\u00e1 magukat az arra halad\u00f3kra. K\u00e9zen fogva rugaszkodnak el, \u00e9s mosolyogva koppannak eserny\u0151k\u00f6n, kab\u00e1t v\u00e1llakon, m\u0171szempill\u00e1n, v\u00e1llt\u00e1ska sz\u00edjakon.<\/p>\n<p>A macskak\u00f6vek sim\u00e1ra d\u00f6ng\u00f6lve t\u0171rik a l\u00e9p\u00e9seket. Hol koppan\u00f3sra, hol csoszog\u00f3sra, n\u00e9ha botladoz\u00f3ra sikeredik a cip\u0151k halad\u00e1sa a fel\u00fcleten. K\u00e9t macskak\u0151 \u00f6sszekacsint, \u00e9s hirtelen \u00f6sszez\u00e1r, hogy a piros talp\u00fa k\u00f6r\u00f6mcip\u0151 ne szoruljon be a r\u00e9sbe.\u201d<\/p>\n<p style=\"text-align: right;\"><em>(R\u00e9szlet Rajczi Adriana: \u00c9des \u00e9let Mentonban c\u00edm\u0171 \u00edr\u00e1s\u00e1b\u00f3l, amit a C\u00f4te d\u2019Azuron \u00edrt)<\/em><\/p>\n<p>&nbsp;<\/p>\n<h2>Ha elj\u00f6ssz, mivel leszel gazdagabb?<\/h2>\n<p>K\u00e9pzeld el, hogy egy olyan fest\u0151i helyen alkothatsz, ahol Cocteau, Dal\u00ed, Matisse, Chagall, Chanel, Zelda Fitzgerald, Renoir, Picasso festettek, \u00edrtak, terveztek, \u00f6tleteltek, partiztak \u00e9s m\u00e9ly\u00edtett\u00e9k kapcsolataikat.<\/p>\n<p>Itt a kreativit\u00e1s megfoghat\u00f3. Valami van a leveg\u0151ben. A tenger z\u00fag\u00e1sa, a s\u00f3s leveg\u0151 citrommal \u00e9s naranccsal keveredve, az Alpok l\u00e1bain\u00e1l ny\u00fajt\u00f3zkod\u00f3 tenger fest\u0151i l\u00e1tv\u00e1nya, a tapinthat\u00f3 t\u00f6rt\u00e9nelem, a fens\u00e9ges francia konyha a m\u00fazsa, ami megcs\u00f3kol.<\/p>\n<p>Megmutatjuk nektek a titkos \u00f6bl\u00f6t, az eldugott Chanel vill\u00e1t, Nietzsche \u00fatj\u00e1t, a k\u00f6rny\u00e9k magyar vonatkoz\u00e1sait, amikre b\u00fcszk\u00e9k lehet\u00fcnk.<\/p>\n<p>Itt szabadon lehetsz, aki vagy, \u00e9s aki lenni akarsz.<\/p>\n<p>Minden kreat\u00edv energia felold\u00f3dik \u00e9s megsz\u0171nik a ki\u00e9g\u00e9s.<\/p>\n<p><img fetchpriority=\"high\" decoding=\"async\" class=\" wp-image-4132 aligncenter\" src=\"https:\/\/phoenix-ngo.sk\/magazin\/wp-content\/uploads\/2024\/02\/Cimsor-hozzaadasa-masolata-masolata-300x169.jpg\" alt=\"\" width=\"584\" height=\"329\" srcset=\"https:\/\/phoenix-ngo.sk\/magazin\/wp-content\/uploads\/2024\/02\/Cimsor-hozzaadasa-masolata-masolata-300x169.jpg 300w, https:\/\/phoenix-ngo.sk\/magazin\/wp-content\/uploads\/2024\/02\/Cimsor-hozzaadasa-masolata-masolata-1024x577.jpg 1024w, https:\/\/phoenix-ngo.sk\/magazin\/wp-content\/uploads\/2024\/02\/Cimsor-hozzaadasa-masolata-masolata-768x433.jpg 768w, https:\/\/phoenix-ngo.sk\/magazin\/wp-content\/uploads\/2024\/02\/Cimsor-hozzaadasa-masolata-masolata-1536x865.jpg 1536w, https:\/\/phoenix-ngo.sk\/magazin\/wp-content\/uploads\/2024\/02\/Cimsor-hozzaadasa-masolata-masolata-570x321.jpg 570w, https:\/\/phoenix-ngo.sk\/magazin\/wp-content\/uploads\/2024\/02\/Cimsor-hozzaadasa-masolata-masolata-270x152.jpg 270w, https:\/\/phoenix-ngo.sk\/magazin\/wp-content\/uploads\/2024\/02\/Cimsor-hozzaadasa-masolata-masolata.jpg 1640w\" sizes=\"(max-width: 584px) 100vw, 584px\" \/><\/p>\n<h2>Mi\u00e9rt j\u00f3 \u00edrni?<\/h2>\n<p>Olyan, mint a gy\u00f3n\u00e1s. \u00d6nmagamnak. Bel\u00fclr\u0151l kitiszt\u00edt. Kipucolja a bels\u0151 monol\u00f3gokat, v\u00e1laszokat tal\u00e1l, elveszett kulcscsom\u00f3kat, h\u00e1trahagyott eml\u00e9keket, megold\u00e1sokat ad \u00e9s megmagyar\u00e1z.<\/p>\n<p>Kicsiszolja a gondolatokat. Rendezi a mondanival\u00f3t. \u00c9rtelmes eszk\u00f6zt ad a t\u00f6preng\u00e9sekhez. \u00d6nmegval\u00f3s\u00edt. Kielemez kusza helyzeteket. Mes\u00e9l. Megtan\u00edt \u00e9rtelmet adni a szavaknak. Kord\u00e1ban tart a mag\u00e1nyban. A sz\u00e1m\u00edt\u00f3g\u00e9p korrektora eml\u00e9keztet a helyes\u00edr\u00e1sra. Fennmarad az ut\u00f3kornak.<\/p>\n<p>&nbsp;<\/p>\n<p>Kigondolt\u00e1l egy j\u00f3 \u00f6tletet, de nem tudod szavakba \u00f6nteni?<\/p>\n<p>Belefogt\u00e1l egy t\u00f6rt\u00e9netbe, de nem l\u00e1tod a v\u00e9g\u00e9t?<\/p>\n<p>Van egy k\u00e9sz sz\u00f6veged, \u00e9s szeretn\u00e9d kiadni, de nem tudod, hogyan?<\/p>\n<p>K\u00edv\u00e1ncsi vagy a szerkeszt\u0151i \u00e9s kiad\u00f3i munka rejtelmeire?<\/p>\n<p>Szeretn\u00e9l eligazodni az irodalmi \u00e9s publicisztikai m\u0171fajok k\u00f6z\u00f6tt?<\/p>\n<p>&nbsp;<\/p>\n<p>Jelentkezz a<strong> KREAT\u00cdV \u00cdR\u00c1S \u00c9S IRODALOMTER\u00c1PIA<\/strong> tanfolyamunkra, amelyet kezd\u0151, de gyakorl\u00f3 \u00edr\u00f3k sz\u00e1m\u00e1ra is rendez\u00fcnk.<\/p>\n<p>&nbsp;<\/p>\n<p>&nbsp;<\/p>\n<h2>2024. \u00e1prilis 13-19.<br \/>\nBolemant Lill\u00e1val (irodalomkutat\u00f3, irodalomterapeuta, a Womanpress Kiad\u00f3 vezet\u0151je)<\/h2>\n<p>&nbsp;<\/p>\n<h3>Rep\u00fcl\u0151jegy:<\/h3>\n<p>\u00c1prilis 13.-19.<\/p>\n<p>B\u00e9cs \u2013 Nizza 06.05. -08.00<\/p>\n<p>Nizza \u2013 Budapest 16.55-18.50<\/p>\n<p>&nbsp;<\/p>\n<h3>A kurzus tartalma<\/h3>\n<p>1. Ki besz\u00e9l: a szerz\u0151, a szerepl\u0151 vagy a sz\u00f6veg? &#8211; Irodalomelm\u00e9let \u00e9s narratol\u00f3gia<\/p>\n<p>2. Kreat\u00edv \u00edr\u00e1s a gyakorlatban: ha pr\u00f3z\u00e1t \u00edrn\u00e1l\u2026 &#8211; Feladatok \u00e9s elemz\u00e9sek<\/p>\n<p>3. M\u0171fajok az irodalomban \u00e9s a publicisztik\u00e1ban<\/p>\n<p>4. Kreat\u00edv \u00edr\u00e1s a gyakorlatban: ha verset k\u00f6lten\u00e9l\u2026<\/p>\n<p>5. K\u00e9ziratel\u0151k\u00e9sz\u00edt\u00e9si tudnival\u00f3k \u2013 amit a sz\u00f6vegeddel tesznek a kiad\u00f3ban<\/p>\n<p>6. A k\u00f6nyvkiad\u00e1s rejtelmei: hogyan add ki a k\u00f6nyved?<\/p>\n<p>Mindezt az irodalomter\u00e1pia eszk\u00f6zeivel gazdag\u00edtjuk.<\/p>\n<p>&nbsp;<\/p>\n<h3>Mi az irodalomter\u00e1pia?<\/h3>\n<p><em>\u201eA k\u00f6nyvt\u00e1r gy\u00f3gyszeres l\u00e1dika a l\u00e9leknek\u201d<\/em> \u2013 ez a felirat fogadta az \u00f3kori th\u00e9bai k\u00f6nyvt\u00e1rba bel\u00e9p\u0151ket. Az irodalomter\u00e1pi\u00e1t \u201ek\u00f6nyvekkel val\u00f3 gy\u00f3gy\u00edt\u00e1snak\u201d is nevezt\u00e9k. Egyszer\u0171bben sz\u00f3lva: sz\u00f6vegek k\u00f6z\u00f6s olvas\u00e1sa, mik\u00f6zben arr\u00f3l besz\u00e9lget\u00fcnk, milyen m\u00f3don kapcsol\u00f3dunk a sz\u00f6veghez, milyen hat\u00e1ssal van r\u00e1nk. Megtal\u00e1lhatjuk szem\u00e9lyes er\u0151forr\u00e1sainkat, felfedezhetj\u00fck bels\u0151 t\u00e1jainkat.<\/p>\n<p>C\u00e9lunk az, hogy \u00e9letesem\u00e9nyeinket megpr\u00f3b\u00e1ljuk egys\u00e9ges narrat\u00edv\u00e1ban elhelyezni, mik\u00f6zben alkot\u00f3 tev\u00e9kenys\u00e9get v\u00e9gz\u00fcnk.<\/p>\n<p><img decoding=\"async\" class=\"alignnone wp-image-4117\" src=\"https:\/\/phoenix-ngo.sk\/magazin\/wp-content\/uploads\/2024\/01\/irodter_2-300x200.jpg\" alt=\"\" width=\"659\" height=\"439\" srcset=\"https:\/\/phoenix-ngo.sk\/magazin\/wp-content\/uploads\/2024\/01\/irodter_2-300x200.jpg 300w, https:\/\/phoenix-ngo.sk\/magazin\/wp-content\/uploads\/2024\/01\/irodter_2-1024x684.jpg 1024w, https:\/\/phoenix-ngo.sk\/magazin\/wp-content\/uploads\/2024\/01\/irodter_2-768x513.jpg 768w, https:\/\/phoenix-ngo.sk\/magazin\/wp-content\/uploads\/2024\/01\/irodter_2-1536x1026.jpg 1536w, https:\/\/phoenix-ngo.sk\/magazin\/wp-content\/uploads\/2024\/01\/irodter_2-2048x1368.jpg 2048w, https:\/\/phoenix-ngo.sk\/magazin\/wp-content\/uploads\/2024\/01\/irodter_2-494x330.jpg 494w, https:\/\/phoenix-ngo.sk\/magazin\/wp-content\/uploads\/2024\/01\/irodter_2-270x180.jpg 270w\" sizes=\"(max-width: 659px) 100vw, 659px\" \/><\/p>\n<p>&nbsp;<\/p>\n<h3>Kreat\u00edv \u00edr\u00e1s<\/h3>\n<p>Az olvas\u00e1son \u00e9s a sz\u00f6veg \u00e1ltal benn\u00fcnk keltett gondolatok megbesz\u00e9l\u00e9s\u00e9n t\u00fal kreat\u00edv \u00edr\u00e1s gyakorlatokkal foglalkozunk. Megbesz\u00e9lj\u00fck, mi a k\u00fcl\u00f6nbs\u00e9g a kreat\u00edv \u00edr\u00e1s \u00e9s a ter\u00e1pi\u00e1s \u00edr\u00e1s k\u00f6z\u00f6tt, konkr\u00e9t feladatokon kereszt\u00fcl ki is pr\u00f3b\u00e1ljuk saj\u00e1t sz\u00f6vegeink erej\u00e9t.<\/p>\n<p>Ezek a feladatok seg\u00edtenek felismerni, melyek azok a sz\u00f6vegek, amelyek val\u00f3ban hitelesek a tollunkb\u00f3l, seg\u00edtenek megtal\u00e1lni az utat tov\u00e1bbi alkot\u00f3i c\u00e9ljaink fel\u00e9.<\/p>\n<p>Minden napot egy konkr\u00e9t c\u00e9llal kezd\u00fcnk majd el, de legal\u00e1bb ilyen fontos az is, hogy a r\u00e9sztvev\u0151k ig\u00e9nyeihez igaz\u00edtsuk a foglalkoz\u00e1sok menet\u00e9t. Hiszen akkor visztek el bel\u0151le a legt\u00f6bbet, ha a lehet\u0151 legink\u00e1bb szem\u00e9lyre szabott a program.<\/p>\n<p><strong>A sikeres r\u00e9sztvev\u0151k kiad\u00e1si lehet\u0151s\u00e9ghez juthatnak.<\/strong><\/p>\n<p>&nbsp;<\/p>\n<p>&nbsp;<\/p>\n<h2>2024. \u00e1prilis 19-25.<br \/>\nRajczi Adrienn<\/h2>\n<p>Idegenforgalmi k\u00f6zgazd\u00e1sz, diplom\u00e1it a Budapesti Gazdas\u00e1gi Egyetemen \u00e9s a Nyitrai Konstantin Filoz\u00f3fus egyetemen szerezte. A Pillang\u00f3 zsebk\u00f6nyvek megalkot\u00f3ja \u00e9s kiad\u00f3ja. Az \u00e9v fel\u00e9t a Francia Rivi\u00e9r\u00e1n \u00e9s Val d\u2019Aigoualban egy kast\u00e9lyban t\u00f6lti. F\u0151leg k\u00fcl\u00f6nleges, tematikus utaz\u00e1si programokat \u00e1ll\u00edt \u00f6ssze.<\/p>\n<p>A Phoenix Magazin szerkeszt\u0151s\u00e9g\u00e9nek tagja. Rendszeresen \u00edr a Gogogo online magazinba. Publik\u00e1lt a National Geographic, a HVG, Marie Claire, Hamu \u00e9s gy\u00e9m\u00e1nt, a N\u0151k lapja caf\u00e9 \u00e9s egy\u00e9b magyarorsz\u00e1gi lapokban.<\/p>\n<p>F\u00fcggetlen \u00edr\u00f3, st\u00edlus\u00e1t a hat \u00e9rz\u00e9k hat\u00e1rozza meg.<\/p>\n<p>&nbsp;<\/p>\n<h3>A kurzus tartalma:<\/h3>\n<p>1. Figyelem \/ k\u00f6rnyezet \/ sztori<\/p>\n<p>2. Sosincs \u00fagy, hogy ne t\u00f6rt\u00e9nne semmi. J\u00e1t\u00e9k a jelennel.<\/p>\n<p>3. Szavakkal fensteni egy dallamot!<\/p>\n<p>4. Hogyan haszn\u00e1ljuk a fant\u00e1zi\u00e1t?<\/p>\n<p>5. B\u00e1tors\u00e1g. Van-e \u00faj a nap alatt? Kinek \u00edrunk? Tudunk-e m\u00e9g\u00edrni olyan element\u00e1ris er\u0151vel \u00e9s \u00e1t\u00fct\u0151 sikerrel, hogy felfigyeljenek r\u00e1?<\/p>\n<p>6. Marketing, rekl\u00e1m kontra szem\u00e9lyes aj\u00e1nl\u00e1s<\/p>\n<h3><\/h3>\n<h3><strong>Rep\u00fcl\u0151jegy:<\/strong><\/h3>\n<p>\u00c1prilis 19-25.<\/p>\n<p>Budapest \u2013 Nizza 14.10-16.20<\/p>\n<p>Nizza \u2013 B\u00e9cs 8.45-10.30<\/p>\n<p>&nbsp;<\/p>\n<h2>Programok, amikb\u0151l inspir\u00e1l\u00f3dunk<\/h2>\n<h3>\u00c8ze village<\/h3>\n<p>R\u00f6vid s\u00e9ta a sz\u0171k utc\u00e1kon, ahol a l\u00e1thatatlan pinc\u00e9k \u00e9s a f\u00f6ldszintek szarvasmarha ist\u00e1ll\u00f3kkal, lib\u00e1kkal, birk\u00e1kkal \u00e9s k\u00fcl\u00f6n\u00f6sk\u00e9ppen \u00f6szv\u00e9rekkel voltak lakottak. Az emberek az emeleteken \u00e9ltek.<\/p>\n<p>S\u00e9ta ut\u00e1n fel\u00fcd\u00fcl\u00e9s a botanikus kertben, ahol Jean-Philip Richard szobrai d\u00edsz\u00edtik a parkot.<\/p>\n<p>1883 december 2-\u00e1n Friedrich Nietzsche \u00e9rkezik a C\u00f4te d\u2019Azur-ra, hogy enyh\u00edtse depresszi\u00f3j\u00e1t. Mint sok \u00edr\u00f3nak, neki is s\u00e9t\u00e1ra van sz\u00fcks\u00e9ge, j\u00e1rk\u00e1l\u00e1sra, lefele 400 m\u00e9ter szintk\u00fcl\u00f6nbs\u00e9ggel 45 perc alatt, felfele 2100 m\u00e9ter m\u00e1sf\u00e9l \u00f3ra alatt.<\/p>\n<p>&nbsp;<\/p>\n<h3>Monac\u00f3<\/h3>\n<p>Monaco a vil\u00e1g m\u00e1sodik legkisebb \u00e1llama. K\u00f6nny\u0171, laza s\u00e9t\u00e1val bej\u00e1rjuk az orsz\u00e1got egy d\u00e9lel\u0151tt alatt a v\u00e1rt\u00f3l a Monte Carlo kaszin\u00f3ig. \u00c9s ha id\u0151nk engedi, m\u00e9g j\u00e1tszhatunk is egyet.<\/p>\n<p>&nbsp;<\/p>\n<h3>Menton<\/h3>\n<p>Menton, a kertek \u00e9s parkok vil\u00e1ga.<\/p>\n<p><img decoding=\"async\" class=\" wp-image-4133 aligncenter\" src=\"https:\/\/phoenix-ngo.sk\/magazin\/wp-content\/uploads\/2024\/02\/menton-300x225.png\" alt=\"\" width=\"483\" height=\"362\" srcset=\"https:\/\/phoenix-ngo.sk\/magazin\/wp-content\/uploads\/2024\/02\/menton-300x225.png 300w, https:\/\/phoenix-ngo.sk\/magazin\/wp-content\/uploads\/2024\/02\/menton-440x330.png 440w, https:\/\/phoenix-ngo.sk\/magazin\/wp-content\/uploads\/2024\/02\/menton-240x181.png 240w, https:\/\/phoenix-ngo.sk\/magazin\/wp-content\/uploads\/2024\/02\/menton.png 605w\" sizes=\"(max-width: 483px) 100vw, 483px\" \/><\/p>\n<p>&nbsp;<\/p>\n<h3>Titkos \u00f6b\u00f6l<\/h3>\n<p>Az \u00edr\u00f3t\u00e1bor helysz\u00edn\u00e9t\u0151l p\u00e1r perces s\u00e9t\u00e1ra egy alag\u00faton kereszt\u00fcl jutunk a titkos \u00f6b\u00f6lh\u00f6z, ahol ak\u00e1r m\u00e9g \u00faszhatunk is j\u00f3 id\u0151 eset\u00e9n. Mivel a C\u00f4te d\u2019Azuron az \u00e9v 365 napj\u00e1b\u00f3l csak 30 nap csapad\u00e9kos, az is ink\u00e1bb janu\u00e1rra jellemz\u0151, m\u00e9lt\u00e1n b\u00edzhatunk a kellemes napoz\u00f3s, pancsol\u00f3s \u00e1prilis v\u00e9g\u00e9ben.<\/p>\n<p><img loading=\"lazy\" decoding=\"async\" class=\"size-medium wp-image-4153 alignright\" src=\"https:\/\/phoenix-ngo.sk\/magazin\/wp-content\/uploads\/2024\/02\/b-225x300.png\" alt=\"\" width=\"225\" height=\"300\" srcset=\"https:\/\/phoenix-ngo.sk\/magazin\/wp-content\/uploads\/2024\/02\/b-225x300.png 225w, https:\/\/phoenix-ngo.sk\/magazin\/wp-content\/uploads\/2024\/02\/b-248x330.png 248w, https:\/\/phoenix-ngo.sk\/magazin\/wp-content\/uploads\/2024\/02\/b-135x180.png 135w, https:\/\/phoenix-ngo.sk\/magazin\/wp-content\/uploads\/2024\/02\/b.png 276w\" sizes=\"(max-width: 225px) 100vw, 225px\" \/><\/p>\n<h3>Tov\u00e1bbi programok:<\/h3>\n<p>\u2022 Nietzsche \u00fatja<\/p>\n<p>\u2022 Villa Kerylos<\/p>\n<p>\u2022 Villa Rothschild<\/p>\n<p>\u2022 La Turby<\/p>\n<p>\u2022 \u00e9s rengeteg botanikus kert.<\/p>\n<p>&nbsp;<\/p>\n<p>&nbsp;<\/p>\n<p>&nbsp;<\/p>\n<h3>Jelentkez\u00e9s: irotaborafranciarivieran@gmail.com<\/h3>\n<h3>\u00c1r: 890 euro\/f\u0151\/7 nap, 6 \u00e9jszaka<\/h3>\n<p>&nbsp;<\/p>\n<h3>Az \u00e1r tartalmazza:<\/h3>\n<p>\u2022 6 \u00e9jszaka k\u00e9t\u00e1gyas elhelyez\u00e9ssel<\/p>\n<p>\u2022 A kinntart\u00f3zkod\u00e1s alatt helyi asszisztencia<\/p>\n<p>\u2022 Idegenvezet\u00e9s a kiv\u00e1lasztott programok alatt<\/p>\n<p>\u2022 mentor (Bolemant Lilla, Rajczi Adrian)<\/p>\n<p>\u2022 reggeli \u00e9s vacsora<\/p>\n<p><strong><img loading=\"lazy\" decoding=\"async\" class=\" wp-image-4134 aligncenter\" src=\"https:\/\/phoenix-ngo.sk\/magazin\/wp-content\/uploads\/2024\/02\/fr-300x225.png\" alt=\"\" width=\"535\" height=\"401\" srcset=\"https:\/\/phoenix-ngo.sk\/magazin\/wp-content\/uploads\/2024\/02\/fr-300x225.png 300w, https:\/\/phoenix-ngo.sk\/magazin\/wp-content\/uploads\/2024\/02\/fr-440x330.png 440w, https:\/\/phoenix-ngo.sk\/magazin\/wp-content\/uploads\/2024\/02\/fr-240x181.png 240w, https:\/\/phoenix-ngo.sk\/magazin\/wp-content\/uploads\/2024\/02\/fr.png 557w\" sizes=\"(max-width: 535px) 100vw, 535px\" \/><\/strong><\/p>\n<h3>Az \u00e1r nem tartalmazza:<\/h3>\n<p>\u2022 Bel\u00e9p\u0151k a kiv\u00e1lasztott programokra<\/p>\n<p>\u2022 Egy\u00e9b k\u00f6lts\u00e9gek<\/p>\n<p>\u2022 Utik\u00f6lts\u00e9g, transzferek<\/p>\n<p>\u2022 eb\u00e9d<\/p>\n<p>\u2022 biztos\u00edt\u00e1sok (baleset-, betegs\u00e9g-, poggy\u00e1sz \u00e9s sztorn\u00f3)<\/p>\n","protected":false},"excerpt":{"rendered":"<p>\u201eKonganak a harangok. 12 \u00f3ra 12 perckor m\u00e9g mindig \u00fcti a kem\u00e9nyvas a t\u00f6lcs\u00e9r bels\u0151 fal\u00e1t. Meg\u00e9rkeztem. Minden a hely\u00e9n, a tenger halkan sz\u00fcrcs\u00f6li a partot. Az \u00e9g borogat\u00e1st tett a v\u00e1rosra, p\u00e1r\u00e1t g\u0151z\u00f6l\u00f6gtetve az emberekre. N\u00e9melyik p\u00e1racsepp \u00f6sszesz\u00f6vetkezik a legk\u00f6zelebb \u00e1ll\u00f3kkal, \u00e9s es\u0151csepp\u00e9 n\u0151nek. Vagy bev\u00e1rja t\u00e1rsait az ereszek, pergol\u00e1k sz\u00e9l\u00e9n, \u00e9s tandemugr\u00e1sban vetik [&hellip;]<\/p>\n","protected":false},"author":11,"featured_media":4132,"comment_status":"closed","ping_status":"closed","sticky":false,"template":"","format":"standard","meta":{"footnotes":""},"categories":[58],"tags":[72,70],"class_list":["post-4131","post","type-post","status-publish","format-standard","has-post-thumbnail","hentry","category-esemenyek","tag-irotabor","tag-esemeny"],"_links":{"self":[{"href":"https:\/\/phoenix-ngo.sk\/magazin\/wp-json\/wp\/v2\/posts\/4131","targetHints":{"allow":["GET"]}}],"collection":[{"href":"https:\/\/phoenix-ngo.sk\/magazin\/wp-json\/wp\/v2\/posts"}],"about":[{"href":"https:\/\/phoenix-ngo.sk\/magazin\/wp-json\/wp\/v2\/types\/post"}],"author":[{"embeddable":true,"href":"https:\/\/phoenix-ngo.sk\/magazin\/wp-json\/wp\/v2\/users\/11"}],"replies":[{"embeddable":true,"href":"https:\/\/phoenix-ngo.sk\/magazin\/wp-json\/wp\/v2\/comments?post=4131"}],"version-history":[{"count":22,"href":"https:\/\/phoenix-ngo.sk\/magazin\/wp-json\/wp\/v2\/posts\/4131\/revisions"}],"predecessor-version":[{"id":4163,"href":"https:\/\/phoenix-ngo.sk\/magazin\/wp-json\/wp\/v2\/posts\/4131\/revisions\/4163"}],"wp:featuredmedia":[{"embeddable":true,"href":"https:\/\/phoenix-ngo.sk\/magazin\/wp-json\/wp\/v2\/media\/4132"}],"wp:attachment":[{"href":"https:\/\/phoenix-ngo.sk\/magazin\/wp-json\/wp\/v2\/media?parent=4131"}],"wp:term":[{"taxonomy":"category","embeddable":true,"href":"https:\/\/phoenix-ngo.sk\/magazin\/wp-json\/wp\/v2\/categories?post=4131"},{"taxonomy":"post_tag","embeddable":true,"href":"https:\/\/phoenix-ngo.sk\/magazin\/wp-json\/wp\/v2\/tags?post=4131"}],"curies":[{"name":"wp","href":"https:\/\/api.w.org\/{rel}","templated":true}]}}