{"id":4216,"date":"2024-02-24T18:00:45","date_gmt":"2024-02-24T17:00:45","guid":{"rendered":"https:\/\/phoenix-ngo.sk\/?p=4216"},"modified":"2024-04-20T20:47:25","modified_gmt":"2024-04-20T19:47:25","slug":"nem-csak-egy-olyan-foto-interju-hodossy-rekaval","status":"publish","type":"post","link":"https:\/\/phoenix-ngo.sk\/magazin\/blog\/2024\/02\/24\/nem-csak-egy-olyan-foto-interju-hodossy-rekaval\/","title":{"rendered":"Nem csak egy \u201eolyan\u201d fot\u00f3\u2026 &#8211; interj\u00fa Hodossy R\u00e9k\u00e1val"},"content":{"rendered":"<p><em>Hodossy R\u00e9ka jelenleg a pozsonyi Comenius Egyetem kiadv\u00e1nyszerkeszt\u0151 szakos hallgat\u00f3ja, aki emellett folyamatosan \u00e9p\u00edtgeti fot\u00f3s karrierj\u00e9t. Reperto\u00e1rj\u00e1ba beletartozik egy olyan f\u00e9nyk\u00e9pez\u00e9si st\u00edlus, mely \u2013 meglep\u0151 vagy \u00e9pp nem meglep\u0151 m\u00f3don \u2013 manaps\u00e1g is megoszt\u00f3nak sz\u00e1m\u00edt a mi kis vil\u00e1gunkban. R\u00e9k\u00e1val a boudoir fot\u00f3z\u00e1sr\u00f3l, annak k\u00fcl\u00f6nlegess\u00e9g\u00e9r\u0151l \u00e9s \u00f6nbizalom-fejleszt\u0151 hat\u00e1s\u00e1r\u00f3l besz\u00e9lgett\u00fcnk.<\/em><\/p>\n<p>&nbsp;<\/p>\n<p><strong>Mikor kezdett el \u00e9rdekelni a fot\u00f3z\u00e1s, s milyen elhat\u00e1roz\u00e1ssal alap\u00edtott\u00e1l saj\u00e1t v\u00e1llalkoz\u00e1st?<\/strong><\/p>\n<p>M\u00e1r kiskoromt\u00f3l vonzott a fot\u00f3z\u00e1s, de \u00fagy igaz\u00e1n 2019-ben kezdtem komolyabban \u00e9rdekl\u0151dni a technikai oldala ir\u00e1nt. Fizet\u0151s klienseket 2020 m\u00e1sodik fel\u00e9t\u0151l kezdtem fogadni, a ny\u00e1ron pedig az els\u0151 esk\u00fcv\u0151met is lefot\u00f3ztam, akkor m\u00e9g a p\u00e1rom seg\u00edts\u00e9g\u00e9vel. Az elej\u00e9n csak az\u00e9rt csin\u00e1ltam, hogy di\u00e1kk\u00e9nt legyen mib\u0151l elmennem nyaralni, de \u00fatk\u00f6zben annyira megtetszett az \u00e1gazat, hogy ma m\u00e1r nem igaz\u00e1n tudom elk\u00e9pzelni, m\u00e9gis mivel t\u00f6lten\u00e9m az iskol\u00e1n k\u00edv\u00fcli id\u0151met. Beleszerettem a mosolyokba, a kedves szavakba, na meg a kih\u00edv\u00e1sokba, hogy \u0151szinte legyek. Minden felk\u00e9r\u00e9s egy \u00faj es\u00e9ly valamit tanulni, fejl\u0151dni. Ez az egyik legizgalmasabb r\u00e9sze a munk\u00e1mnak. Mint mindent, ezt is meg kellett tanulni. A be\u00e1ll\u00edt\u00e1sok, f\u00e9nyek, a kommunik\u00e1ci\u00f3 az \u00fcgyfelekkel, a social media marketing, gal\u00e9ria, weboldal\u2026 sorolhatn\u00e1m eg\u00e9sz nap. M\u00e9g mindig tanulok, minden egyes fot\u00f3z\u00e1ssal okosabb leszek, \u00e9s ez tart igaz\u00e1b\u00f3l mozg\u00e1sban, hogy fejl\u0151djek.<\/p>\n<p>&nbsp;<\/p>\n<p><strong>A szolg\u00e1ltat\u00e1said k\u00f6z\u00e9 mindig is beletartozott a boudoir fot\u00f3z\u00e1s?<\/strong><\/p>\n<p>M\u00e1r a legelej\u00e9t\u0151l \u00e9rdekelt ez a vonal, de id\u0151be tellett, mire el\u00e9g b\u00e1tor lettem, hogy kipr\u00f3b\u00e1ljam magam benne. Mondanom sem kell, hogy az els\u0151 p\u00e1r fot\u00f3z\u00e1s \u00e9s a v\u00e9gterm\u00e9kek is amat\u0151r\u00f6k voltak.<\/p>\n<p>&nbsp;<\/p>\n<p><strong>Mit jelent tulajdonk\u00e9ppen ez a t\u00edpus\u00fa f\u00e9nyk\u00e9pez\u00e9s? Honnan ered, mikor vagy minek hat\u00e1s\u00e1ra terjedt el?<\/strong><\/p>\n<p>A boudoir fot\u00f3z\u00e1s intimebb k\u00f6rnyezetben, \u00e1ltal\u00e1ban h\u00e1l\u00f3szob\u00e1ban vagy f\u00fcrd\u0151szob\u00e1ban k\u00e9sz\u00fclt st\u00edlusos \u00e9s erotikus hangulat\u00fa k\u00e9peket jelent. \u00dagy az 1920-as \u00e9s 1930-as \u00e9vekben kezdett elterjedni, az elegancia \u00e9s az erotikus m\u0171v\u00e9szet ir\u00e1nti \u00e9rdekl\u0151d\u00e9s n\u00f6veked\u00e9s\u00e9vel. A boudoir fot\u00f3z\u00e1s c\u00e9lja \u00e1ltal\u00e1ban az egy\u00e9n sz\u00e9ps\u00e9g\u00e9nek \u00e9s \u00f6nbizalm\u00e1nak kiemel\u00e9se, term\u00e9szetesen nem csak h\u00f6lgyek sz\u00e1m\u00e1ra, hab\u00e1r K\u00f6z\u00e9p-Eur\u00f3p\u00e1ban ez m\u00e9g enyh\u00e9n sz\u00f3lva is tabu t\u00e9ma.<\/p>\n<p>&nbsp;<\/p>\n<p><img fetchpriority=\"high\" decoding=\"async\" class=\"wp-image-4217 aligncenter\" src=\"https:\/\/phoenix-ngo.sk\/magazin\/wp-content\/uploads\/2024\/03\/MG_3332-200x300.jpg\" alt=\"\" width=\"644\" height=\"966\" srcset=\"https:\/\/phoenix-ngo.sk\/magazin\/wp-content\/uploads\/2024\/03\/MG_3332-200x300.jpg 200w, https:\/\/phoenix-ngo.sk\/magazin\/wp-content\/uploads\/2024\/03\/MG_3332-683x1024.jpg 683w, https:\/\/phoenix-ngo.sk\/magazin\/wp-content\/uploads\/2024\/03\/MG_3332-768x1152.jpg 768w, https:\/\/phoenix-ngo.sk\/magazin\/wp-content\/uploads\/2024\/03\/MG_3332-1024x1536.jpg 1024w, https:\/\/phoenix-ngo.sk\/magazin\/wp-content\/uploads\/2024\/03\/MG_3332-1365x2048.jpg 1365w, https:\/\/phoenix-ngo.sk\/magazin\/wp-content\/uploads\/2024\/03\/MG_3332-220x330.jpg 220w, https:\/\/phoenix-ngo.sk\/magazin\/wp-content\/uploads\/2024\/03\/MG_3332-120x180.jpg 120w, https:\/\/phoenix-ngo.sk\/magazin\/wp-content\/uploads\/2024\/03\/MG_3332-scaled.jpg 1707w\" sizes=\"(max-width: 644px) 100vw, 644px\" \/><\/p>\n<p>&nbsp;<\/p>\n<p><strong>Sz\u00e1modra mit k\u00e9pvisel a boudoir?<\/strong><\/p>\n<p>Egy j\u00f3l megkompon\u00e1lt id\u0151pont alatt a l\u00e1nyok \u00e9s n\u0151k felszabadulnak. Kib\u00fajnak a mami-bl\u00fazb\u00f3l, vagy az oversized p\u00f3l\u00f3b\u00f3l, \u00e9s levetk\u0151zik a t\u00e1rsadalmi elv\u00e1r\u00e1sokat. Elk\u00e9peszt\u0151 \u00e1t\u00e9lni ezt a folyamatot, saj\u00e1t szemmel l\u00e1tni, mi rejlik a t\u00f6bb r\u00e9teg ruha alatt. Az emberek sokr\u00e9t\u0171ek, \u00e9s a n\u0151knek sokkal jobban kord\u00e1ban kell tartaniuk a szexualit\u00e1sukat, mint a f\u00e9rfiaknak, hiszen egy-kett\u0151 ribanc lesz a c\u00edmk\u00e9d egy piros r\u00fazs haszn\u00e1lata miatt. Sz\u00e1momra a boudoir fot\u00f3z\u00e1s egy port\u00e1l, amin kereszt\u00fcl bepillanthatok az \u00fcgyfeleim lelk\u00e9be, v\u00e1gyaiba. Ez megtisztel\u0151 szerep; meg\u00f6r\u00f6k\u00edteni a legeldugottabb oldalukat. Ut\u00e1lom a l\u00e1tszatot. Ut\u00e1lom, ha valami hamis. Ezen a fot\u00f3z\u00e1son semmi sem az.<\/p>\n<p>&nbsp;<\/p>\n<p><strong>Milyen el\u0151k\u00e9sz\u00fcletekre van sz\u00fcks\u00e9g a fot\u00f3s \u00e9s a modell r\u00e9sz\u00e9r\u0151l?<\/strong><\/p>\n<p>Nem akarok technikai dolgokba belemenni, de term\u00e9szetesen a legfontosabb dolog a hangulat. Ha a fot\u00f3s kell\u0151k\u00e9ppen kellemes atmoszf\u00e9r\u00e1t tud l\u00e9trehozni, a modell is hamarabb elengedi mag\u00e1t.<\/p>\n<p>&nbsp;<\/p>\n<p><strong>Hogyan tudod megteremteni ezt a k\u00f6rnyezetet?<\/strong><\/p>\n<p>Mindenekel\u0151tt a helysz\u00edn a legfontosabb, ezut\u00e1n j\u00f6hetnek a tov\u00e1bbi szolg\u00e1ltat\u00f3k, mint a sminkes \u00e9s a fodr\u00e1sz, akik kiss\u00e9 oldj\u00e1k a fesz\u00fclts\u00e9get. Fontosak a f\u00e9nyviszonyok, hogy meghitt legyen a hangulat. Azonban mindenki m\u00e1st ig\u00e9nyel. Van, aki idegess\u00e9g\u00e9ben locsog, m\u00e1skor nekem kell kit\u00f6ltenem a csendet. Vannak olyan t\u00edpusok, akik elviccelik a dolgokat, m\u00edg m\u00e1sok dadognak, vagy t\u00falzott \u00f6nbizalommal kompenz\u00e1lj\u00e1k a komfortz\u00f3n\u00e1jukb\u00f3l val\u00f3 kil\u00e9p\u00e9st. Igyekszem mihamarabb kiismerni az aktu\u00e1lis kliensem sz\u00fcks\u00e9gleteit, \u00e9s egy hull\u00e1mhosszra ker\u00fclni vele, hogy kellemes \u00e9lm\u00e9ny legyen sz\u00e1m\u00e1ra a fot\u00f3z\u00e1s.<\/p>\n<p>&nbsp;<\/p>\n<p><strong>Mit adhat egy ilyen fot\u00f3z\u00e1s? Sz\u00fcks\u00e9ge van a mai n\u0151knek arra az \u00e9rz\u00e9sre, amelyet ez a fot\u00f3z\u00e1s ny\u00fajtani tud?<\/strong><\/p>\n<p>Teljes m\u00e9rt\u00e9kben! A szoci\u00e1lis m\u00e9dia miatt elkorcsosult a saj\u00e1t magunkr\u00f3l alkotott k\u00e9p, \u00edgy az emberek folyamatos visszaigazol\u00e1st ig\u00e9nyelnek, ak\u00e1r a bels\u0151, ak\u00e1r a k\u00fcls\u0151 \u00e9rt\u00e9keikr\u0151l. Az \u00f6nbizalomhi\u00e1ny vesz\u00e9lyes dolog, mivel a boldogs\u00e1gunk f\u00fcgghet t\u0151le. Egy ilyen fot\u00f3z\u00e1s pozit\u00edvan hat egy n\u0151 magabiztoss\u00e1g\u00e1ra, \u00e9s bels\u0151 g\u00e1takat k\u00e9pes led\u00f6nteni, h\u00e1la az \u00e9gnek, ennek m\u00e1r t\u00f6bbsz\u00f6r is tan\u00faja lehettem.<\/p>\n<p>&nbsp;<\/p>\n<p><strong>Mi\u00e9rt olyan el\u0151\u00edt\u00e9letesek az emberek ezekkel a fot\u00f3kkal kapcsolatban?<\/strong><\/p>\n<p>Mint eml\u00edtettem, mindenki visszaigazol\u00e1sra v\u00e1gyik, ez term\u00e9szetes. Ak\u00e1r a p\u00e1rjukt\u00f3l, ak\u00e1r saj\u00e1t magukt\u00f3l. Szerintem az olyan, aki el\u00edt\u00e9li ezt a fajta fot\u00f3z\u00e1st, m\u00e9g soha nem vett r\u00e9szt rajta. Nem a magamutogat\u00e1sr\u00f3l van sz\u00f3, hanem az \u00f6nmagunkkal val\u00f3 szemben\u00e9z\u00e9sr\u0151l. Elfogad\u00e1sr\u00f3l. Mindenki egy bizonyos elv\u00e1r\u00e1snak akar megfelelni, amit saj\u00e1t mag\u00e1nak \u00e1ll\u00edt. Ez a fot\u00f3z\u00e1s kapaszkod\u00f3 vagy l\u00e9pcs\u0151fok lehet az \u00f6nszeretetben. Mindegy, hogy aj\u00e1nd\u00e9knak sz\u00e1njuk, vagy \u00f6nmagunk sz\u00f3rakoz\u00e1s\u00e1ra vesz\u00fcnk r\u00e9szt, hiszen a v\u00e9gkifejlet egy c\u00e9lt szolg\u00e1l: bizonyoss\u00e1got, milyen csod\u00e1latosak is vagyunk; ki-ki a maga m\u00f3dj\u00e1n.<\/p>\n<p>&nbsp;<\/p>\n<p><strong>Mi a legfontosabb egy boudoir k\u00e9pn\u00e9l? Ak\u00e1r \u00e9rzelmi, ak\u00e1r technikai szempontb\u00f3l.<\/strong><\/p>\n<p>Egy\u00e9rtelm\u0171en a k\u00f6nnyeds\u00e9g. Lehet az a p\u00f3z b\u00e1rmilyen j\u00f3, ha a modell fesz\u00fclt vagy ideges, fabatk\u00e1t sem \u00e9r. Van, aki r\u00e1stresszel, pr\u00f3b\u00e1l min\u00e9l jobban cs\u00fccs\u00f6r\u00edteni, pucs\u00edtani, hogy hozza az \u00e1ltala elk\u00e9pzelt im\u00e1zst. Ez teljes m\u00e9rt\u00e9kben rendben van, ha ilyen st\u00edlus\u00fa az illet\u0151, de a legt\u00f6bben azt hiszik, ett\u0151l lesznek d\u00f6g\u00f6sek, pedig nem. Egy csintalan tekintet, egy lehullott hajtincs t\u00f6bbet mond ezer kikent v\u00f6r\u00f6s ajakn\u00e1l. El kell lazulni, \u00e9s magadat adni, ez a legfontosabb. A fot\u00f3s seg\u00edt be\u00e1ll\u00edtani, tudja a j\u00f3 p\u00f3zokat, az el\u0151ny\u00f6s sz\u00f6geket, az \u00fcgyf\u00e9lnek annyi a dolga, hogy szem\u00e9lyis\u00e9ggel ruh\u00e1zza fel a pillanatot. Ett\u0151l lesz k\u00fcl\u00f6nleges. Technikai szempontb\u00f3l a f\u00e9ny a legfontosabb \u00e9s legmeghat\u00e1roz\u00f3bb t\u00e9nyez\u0151. Sokat k\u00fczd\u00f6ttem vele, de v\u00e9gre meg\u00e9rtettem a l\u00e9nyeg\u00e9t; az \u00e1rny\u00e9kok a bar\u00e1taink.<\/p>\n<p>&nbsp;<\/p>\n<p><img decoding=\"async\" class=\"wp-image-4223 aligncenter\" src=\"https:\/\/phoenix-ngo.sk\/magazin\/wp-content\/uploads\/2024\/03\/416047971_1128664458540788_5524742079885815401_n-200x300.jpg\" alt=\"\" width=\"670\" height=\"1005\" srcset=\"https:\/\/phoenix-ngo.sk\/magazin\/wp-content\/uploads\/2024\/03\/416047971_1128664458540788_5524742079885815401_n-200x300.jpg 200w, https:\/\/phoenix-ngo.sk\/magazin\/wp-content\/uploads\/2024\/03\/416047971_1128664458540788_5524742079885815401_n-683x1024.jpg 683w, https:\/\/phoenix-ngo.sk\/magazin\/wp-content\/uploads\/2024\/03\/416047971_1128664458540788_5524742079885815401_n-768x1152.jpg 768w, https:\/\/phoenix-ngo.sk\/magazin\/wp-content\/uploads\/2024\/03\/416047971_1128664458540788_5524742079885815401_n-1024x1536.jpg 1024w, https:\/\/phoenix-ngo.sk\/magazin\/wp-content\/uploads\/2024\/03\/416047971_1128664458540788_5524742079885815401_n-220x330.jpg 220w, https:\/\/phoenix-ngo.sk\/magazin\/wp-content\/uploads\/2024\/03\/416047971_1128664458540788_5524742079885815401_n-120x180.jpg 120w, https:\/\/phoenix-ngo.sk\/magazin\/wp-content\/uploads\/2024\/03\/416047971_1128664458540788_5524742079885815401_n.jpg 1365w\" sizes=\"(max-width: 670px) 100vw, 670px\" \/><\/p>\n<p>&nbsp;<\/p>\n<p><strong>Mi fogja vissza azokat a n\u0151ket, akik t\u00e9nyleg szeretn\u00e9nek r\u00e9szt venni egy ilyen fot\u00f3z\u00e1son, de valami\u00e9rt nem tudj\u00e1k elhat\u00e1rozni magukat mellette?<\/strong><\/p>\n<p>Sokan f\u00e9lnek, mert nem el\u00e9g v\u00e9konyak, vagy sz\u00fcl\u00e9s ut\u00e1n nem a r\u00e9giek, esetleg lelki h\u00e1ttere van a dolognak, mint p\u00e9ld\u00e1ul a sz\u00e9gyenl\u0151ss\u00e9g, a f\u00e9lelem vagy az el\u00edt\u00e9l\u00e9st\u0151l val\u00f3 ijedts\u00e9g. Mondok egy titkot: Sosem lesz el\u00e9g v\u00e9kony, el\u00e9g fitt. Nem lesz el\u00e9g nagy a melle \u00e9s kerek a feneke. Mindig lesz egy teltebb ajk\u00fa, fiatalabb, hosszabb haj\u00fa, form\u00e1sabb v\u00e1dlij\u00fa l\u00e1ny, illetve n\u0151, akihez hasonl\u00edthatja mag\u00e1t. Nem \u00e9rdemes v\u00e1rni, mert elsz\u00e1ll az alkalom \u00e9s a lehet\u0151s\u00e9g. Sajnos a f\u00e9lelem nagy \u00far ebben a vil\u00e1gban, hiszen oly sok csod\u00e1s dolog megakad\u00e1lyoz\u00f3ja!<\/p>\n<p>&nbsp;<\/p>\n<p><strong>Te r\u00e9szt vett\u00e9l m\u00e1r ilyen fot\u00f3z\u00e1son modellk\u00e9nt is?<\/strong><\/p>\n<p>Term\u00e9szetesen! Hab\u00e1r enyh\u00edt\u0151 k\u00f6r\u00fclm\u00e9ny, hogy mivel a p\u00e1rom is fot\u00f3s, \u0151 k\u00e9sz\u00edtette r\u00f3lam a k\u00e9peket, ami m\u00e9giscsak \u201ecsal\u00e1s\u201d, ha \u0151szinte akarok lenni. De n\u00e1lam is tervben van, hogy kipr\u00f3b\u00e1ljak t\u00f6bb fot\u00f3st, s\u0151t m\u00e1r ki is van n\u00e9zve, kin\u00e9l kezdem. Szerintem f\u00e9lretehetj\u00fck a sz\u00e9gyenl\u0151sk\u00f6d\u00e9st, hogy megosszam: k\u00fclt\u00e9ri boudoir fot\u00f3z\u00e1st szeretn\u00e9k, \u00fagyhogy \u00e9n egyel\u0151re v\u00e1rom a nyarat \u00e9s a meleget.<\/p>\n<p>&nbsp;<\/p>\n<p><strong>Mi\u00e9rt aj\u00e1nlan\u00e1d a n\u0151knek a boudoir fot\u00f3z\u00e1st?<\/strong><\/p>\n<p>Az a legjobb az eg\u00e9szben, hogy ha k\u00f6r\u00fcltekint\u0151en v\u00e1lasztasz fot\u00f3st, rosszul nem s\u00fclhet el! \u00c9n mindig azon dolgozom, hogy a lehet\u0151 legjobban \u00e9rezz\u00e9k magukat n\u00e1lam a l\u00e1nyok\/n\u0151k, \u00edgy, ha m\u00e1ssal nem is, egy j\u00f3 \u00e9lm\u00e9nnyel mennek haza, ahol a hat\u00e1raikat feszegett\u00e9k. J\u00f3 dolog ez egy h\u00e1zass\u00e1g felpezsd\u00edt\u00e9s\u00e9re, egy kis kalandra a sz\u00fcrke h\u00e9tk\u00f6znapokban, vagy ak\u00e1r lelki \u201eter\u00e1piak\u00e9nt\u201d is felfoghat\u00f3. \u00c9s ha rajtam m\u00falik, lesz mit n\u00e9zni azokon a k\u00e9peken! J\u00f6tt m\u00e1r hozz\u00e1m k\u00f6zel hatvan\u00e9ves h\u00f6lgy vagy 150 kil\u00f3s is, de b\u00fcszk\u00e9n mondhatom, hogy eddig m\u00e9g nem kaptam panaszt; el\u00e9gedetts\u00e9gi visszajelz\u00e9st azonban \u2013 kopogjam le \u2013 rengeteget. Minden azon m\u00falik, hogy az \u00fcgyf\u00e9l hogy \u00e1ll hozz\u00e1. Ha mosolyg\u00f3san j\u00f6ssz, garant\u00e1lom, hogy \u00fagy is t\u00e1vozol, a k\u00e9sz k\u00e9pek n\u00e9zeget\u00e9se k\u00f6zben pedig j\u00f6het az 1000 wattos vigyor!<\/p>\n<p>&nbsp;<\/p>\n","protected":false},"excerpt":{"rendered":"<p>Hodossy R\u00e9ka jelenleg a pozsonyi Comenius Egyetem kiadv\u00e1nyszerkeszt\u0151 szakos hallgat\u00f3ja, aki emellett folyamatosan \u00e9p\u00edtgeti fot\u00f3s karrierj\u00e9t. Reperto\u00e1rj\u00e1ba beletartozik egy olyan f\u00e9nyk\u00e9pez\u00e9si st\u00edlus, mely \u2013 meglep\u0151 vagy \u00e9pp nem meglep\u0151 m\u00f3don \u2013 manaps\u00e1g is megoszt\u00f3nak sz\u00e1m\u00edt a mi kis vil\u00e1gunkban. R\u00e9k\u00e1val a boudoir fot\u00f3z\u00e1sr\u00f3l, annak k\u00fcl\u00f6nlegess\u00e9g\u00e9r\u0151l \u00e9s \u00f6nbizalom-fejleszt\u0151 hat\u00e1s\u00e1r\u00f3l besz\u00e9lgett\u00fcnk. &nbsp; Mikor kezdett el \u00e9rdekelni a [&hellip;]<\/p>\n","protected":false},"author":5,"featured_media":4221,"comment_status":"closed","ping_status":"closed","sticky":false,"template":"","format":"standard","meta":{"footnotes":""},"categories":[41],"tags":[60,67,71],"class_list":["post-4216","post","type-post","status-publish","format-standard","has-post-thumbnail","hentry","category-komoly","tag-karrier","tag-muveszet","tag-tabu"],"_links":{"self":[{"href":"https:\/\/phoenix-ngo.sk\/magazin\/wp-json\/wp\/v2\/posts\/4216","targetHints":{"allow":["GET"]}}],"collection":[{"href":"https:\/\/phoenix-ngo.sk\/magazin\/wp-json\/wp\/v2\/posts"}],"about":[{"href":"https:\/\/phoenix-ngo.sk\/magazin\/wp-json\/wp\/v2\/types\/post"}],"author":[{"embeddable":true,"href":"https:\/\/phoenix-ngo.sk\/magazin\/wp-json\/wp\/v2\/users\/5"}],"replies":[{"embeddable":true,"href":"https:\/\/phoenix-ngo.sk\/magazin\/wp-json\/wp\/v2\/comments?post=4216"}],"version-history":[{"count":4,"href":"https:\/\/phoenix-ngo.sk\/magazin\/wp-json\/wp\/v2\/posts\/4216\/revisions"}],"predecessor-version":[{"id":4224,"href":"https:\/\/phoenix-ngo.sk\/magazin\/wp-json\/wp\/v2\/posts\/4216\/revisions\/4224"}],"wp:featuredmedia":[{"embeddable":true,"href":"https:\/\/phoenix-ngo.sk\/magazin\/wp-json\/wp\/v2\/media\/4221"}],"wp:attachment":[{"href":"https:\/\/phoenix-ngo.sk\/magazin\/wp-json\/wp\/v2\/media?parent=4216"}],"wp:term":[{"taxonomy":"category","embeddable":true,"href":"https:\/\/phoenix-ngo.sk\/magazin\/wp-json\/wp\/v2\/categories?post=4216"},{"taxonomy":"post_tag","embeddable":true,"href":"https:\/\/phoenix-ngo.sk\/magazin\/wp-json\/wp\/v2\/tags?post=4216"}],"curies":[{"name":"wp","href":"https:\/\/api.w.org\/{rel}","templated":true}]}}