{"id":4226,"date":"2024-02-20T14:00:02","date_gmt":"2024-02-20T13:00:02","guid":{"rendered":"https:\/\/phoenix-ngo.sk\/?p=4226"},"modified":"2024-04-20T21:03:25","modified_gmt":"2024-04-20T20:03:25","slug":"az-idosodo-nok-es-a-bolcsesseg-fogalma","status":"publish","type":"post","link":"https:\/\/phoenix-ngo.sk\/magazin\/blog\/2024\/02\/20\/az-idosodo-nok-es-a-bolcsesseg-fogalma\/","title":{"rendered":"Az id\u0151s\u00f6d\u0151 n\u0151k \u00e9s a \u201eb\u00f6lcsess\u00e9g\u201d fogalma"},"content":{"rendered":"<p>Az emberi l\u00e9t\u00fcnk sor\u00e1n szerzett b\u00f6lcsess\u00e9g betekint\u00e9st \u00e9s m\u00e9ly meg\u00e9rt\u00e9st ny\u00fajt. Mi\u00e9rt vonakodnak annyira a n\u0151k, hogy a maguk\u00e9nak vallj\u00e1k?<\/p>\n<p>A b\u00f6lcsess\u00e9gr\u0151l gyakran azt gondoljuk, hogy olyan jelens\u00e9g, amelyre csak egy hegycs\u00facson bukkanhatunk r\u00e1, egy id\u0151sebb ember mark\u00e1ban, aki elvonult a vil\u00e1g bosszant\u00f3 esem\u00e9nyei el\u0151l, hogy az igazs\u00e1g l\u00e9tez\u00e9s\u00e9r\u0151l elm\u00e9lkedjen, majd k\u00f6nyvturn\u00e9ra indul \u00e9s motiv\u00e1ci\u00f3s el\u0151ad\u00e1sokat tart, hogy megossza felismer\u00e9seit.<\/p>\n<p>Sz\u00e1mos t\u00f6rt\u00e9netet ismer\u00fcnk olyan emberekr\u0151l, akik elvonulnak a vil\u00e1gb\u00f3l \u00e9s barlangokban \u00e9lnek, hogy el\u00e9rj\u00e9k a b\u00f6lcsess\u00e9g \u00e9s a transzcendencia magasabb szintj\u00e9t. Az egyik ilyen t\u00f6rt\u00e9net egy szerzetesr\u0151l sz\u00f3l, aki egy teljes \u00e9vet t\u00f6lt\u00f6tt elszigetelten egy hegyen, b\u00e1rmif\u00e9le kapcsolat n\u00e9lk\u00fcl. Egy \u00e9v csend \u00e9s mereng\u00e9s ut\u00e1n el\u00e9rte a transzcendens \u00e1llapotot, \u00edgy lement a hegyr\u0151l, hogy a falusiak k\u00f6z\u00f6tt \u00e9ljen. Mind\u00f6ssze egy \u00f3ra eltelt\u00e9vel rettent\u0151en inger\u00fclt lett \u2013 bosszantott\u00e1k az emberek, ez\u00e9rt visszat\u00e9rt a hegyre, \u00e9s \u00fagy tartj\u00e1k, t\u00f6bb\u00e9 le sem ment a faluba.<\/p>\n<p>A \u201eb\u00f6lcsess\u00e9g\u201d fogalm\u00e1val nem a k\u00fclv\u00e1rosban megh\u00faz\u00f3d\u00f3, id\u0151s\u00f6d\u0151 n\u0151ket illetik, akik \u00e9let\u00fcket gondoskod\u00e1ssal \u00e9s h\u00e1zimunk\u00e1val t\u00f6ltik, hanem a t\u00f6bb ezer \u00e9vvel ezel\u0151tti, t\u00f3g\u00e1t hord\u00f3 g\u00f6r\u00f6g filoz\u00f3fusokat \u2013 Plat\u00f3nt, Arisztotel\u00e9szt vagy Gandhit. Mindannyian merengve \u00e9s c\u00e9ltudatosan v\u00e1ndoroltak a vil\u00e1gban. Elm\u00e9lked\u00e9seiket nem akad\u00e1lyozt\u00e1k gyerekek, k\u00f6t\u00e9nyek vagy eg\u00e9sz napot kit\u00f6lt\u0151 h\u00e1zimunka. A csal\u00e1di \u00e9let \u00e9s a b\u00f6lcsess\u00e9g ritk\u00e1n j\u00e1rnak k\u00e9z a k\u00e9zben.<\/p>\n<p>Jacinta Parsons <em>A kor b\u00f6lcsess\u00e9ge (A Wisdom of Age)<\/em> c. k\u00f6nyve meg\u00edr\u00e1s\u00e1hoz s\u00e9t\u00e1kra invit\u00e1lt id\u0151sebb h\u00f6lgyeket, \u00e9s feltette nekik azokat a k\u00e9rd\u00e9seket, amelyekre m\u00e1r az els\u0151 k\u00f6nyv\u00e9ben is kereste a v\u00e1laszt: hogyan lehet j\u00f3l id\u0151s\u00f6dni? Parsons: <em>\u201eOlyan \u00e9rz\u00e9s, mintha a saj\u00e1tfajta hegyemet m\u00e1sztam volna meg, hogy mer\u00edthessek az id\u0151sebbek b\u00f6lcsess\u00e9g\u00e9b\u0151l. Ez a hely tele van n\u0151kkel, akik szeretn\u00e9k, ha meghallgatn\u00e1k \u0151ket. A t\u00e1rsadalom nem igaz\u00e1n sz\u00e1n id\u0151t arra, hogy kisz\u00edvja a vel\u0151t b\u00f6lcs csontjaikb\u00f3l.\u201d<\/em><\/p>\n<p>&nbsp;<\/p>\n<p><img fetchpriority=\"high\" decoding=\"async\" class=\"wp-image-4227 aligncenter\" src=\"https:\/\/phoenix-ngo.sk\/magazin\/wp-content\/uploads\/2024\/03\/borito-196x300.jpg\" alt=\"\" width=\"1263\" height=\"1933\" srcset=\"https:\/\/phoenix-ngo.sk\/magazin\/wp-content\/uploads\/2024\/03\/borito-196x300.jpg 196w, https:\/\/phoenix-ngo.sk\/magazin\/wp-content\/uploads\/2024\/03\/borito-669x1024.jpg 669w, https:\/\/phoenix-ngo.sk\/magazin\/wp-content\/uploads\/2024\/03\/borito-768x1176.jpg 768w, https:\/\/phoenix-ngo.sk\/magazin\/wp-content\/uploads\/2024\/03\/borito-1003x1536.jpg 1003w, https:\/\/phoenix-ngo.sk\/magazin\/wp-content\/uploads\/2024\/03\/borito-1338x2048.jpg 1338w, https:\/\/phoenix-ngo.sk\/magazin\/wp-content\/uploads\/2024\/03\/borito-216x330.jpg 216w, https:\/\/phoenix-ngo.sk\/magazin\/wp-content\/uploads\/2024\/03\/borito-118x180.jpg 118w, https:\/\/phoenix-ngo.sk\/magazin\/wp-content\/uploads\/2024\/03\/borito.jpg 1672w\" sizes=\"(max-width: 1263px) 100vw, 1263px\" \/><\/p>\n<p>&nbsp;<\/p>\n<p><em>\u201eA legt\u00f6bb esetben teljesen kisz\u00e1m\u00edthat\u00f3 v\u00e1laszt kaptam, amikor tudattam a n\u0151kkel, hogy a k\u00f6nyv a b\u00f6lcsess\u00e9get j\u00e1rja k\u00f6rbe. V\u00e1laszuk a k\u00f6vetkez\u0151 volt: Sok mindent szeretn\u00e9k mondani, de nem biztos, hogy b\u00f6lcsess\u00e9gnek nevezn\u00e9m. Id\u0151t sz\u00e1ntam arra, hogy meg\u00e9rtessem, mi is val\u00f3j\u00e1ban a b\u00f6lcsess\u00e9g, \u00e9s mi\u00e9rt olyan fogalom, amely olyan m\u00e9lyen kapcsol\u00f3dik az \u00f6reged\u00e9shez, \u00e9s mi\u00e9rt vonakodnak a n\u0151k annyira, hogy maguk\u00e9nak vallj\u00e1k.\u201d<\/em> \u2013 mondja az \u00edr\u00f3n\u0151.<\/p>\n<p>Az 1960-as \u00e9vek v\u00e9g\u00e9nek \u00e9s az 1970-es \u00e9vek elej\u00e9nek feminista forradalma idej\u00e9n a feminista tud\u00f3sok egy ideig nem foglalkoztak a \u201eb\u00f6lcsess\u00e9ggel\u201d. \u00dagy gondolt\u00e1k, ez a fogalom a patriarch\u00e1lis rendszereket szolg\u00e1lta, amelyek nyugati f\u00e9rfiakat helyeztek a k\u00f6z\u00e9ppontba. A korai n\u0151i filoz\u00f3fusokr\u00f3l \u2013 akikb\u0151l mellesleg nem volt kev\u00e9s \u2013 nem sok sz\u00f3 esett. \u00cdgy nem meglep\u0151, hogy nehezen tudjuk magunk\u00e9v\u00e1 ezt a c\u00edmet \u2013 hiszen annyira szokatlan sz\u00e1munkra.<\/p>\n<p>A g\u00f6r\u00f6g\u00f6k a b\u00f6lcsess\u00e9g sz\u00e1mos t\u00edpus\u00e1t hat\u00e1rozz\u00e1k meg: a <em>sophia<\/em> azoknak az ism\u00e9rve, akik \u00e9let\u00fcket az igazs\u00e1g keres\u00e9s\u00e9vel \u00e9s elm\u00e9lked\u00e9ssel t\u00f6ltik; a <em>phronesis<\/em> az \u00e1llamf\u00e9rfiak \u00e9s a t\u00f6rv\u00e9nyhoz\u00f3k gyakorlati b\u00f6lcsess\u00e9ge; az <em>episteme<\/em> pedig azokra az emberekre jellemz\u0151, akik tudom\u00e1nyosan szeml\u00e9lik a k\u00f6r\u00fcl\u00f6tt\u00fck l\u00e9v\u0151 vil\u00e1got.<\/p>\n<p>Ami hi\u00e1nyzik, az egy olyan sz\u00f3, amely tal\u00e1l\u00f3an le\u00edrn\u00e1 az id\u0151sebb n\u0151k b\u00f6lcsess\u00e9g\u00e9t. Kieg\u00e9sz\u00edthetn\u00e9nk a fenti kateg\u00f3ri\u00e1kat a <em>silentium<\/em> (latinul csend) fogalm\u00e1val: ezt a sz\u00f3t azok a \u201etud\u00f3sok\u201d \u00e9rdemlik ki, akik b\u00f6lcsess\u00e9g\u00fcket a teljes emberi tapasztalatb\u00f3l nyerik \u2013 a szeretetb\u0151l, a vesztes\u00e9gb\u0151l, a fojtogat\u00f3 nevet\u00e9sb\u0151l, a bar\u00e1tokt\u00f3l \u00e9s a csal\u00e1dt\u00f3l, a cip\u0151f\u0171z\u0151 megk\u00f6t\u00e9s\u00e9nek megtan\u00edt\u00e1s\u00e1b\u00f3l, a hal\u00e1l megtapasztal\u00e1s\u00e1b\u00f3l, a d\u00f6nt\u00e9sekkel val\u00f3 megb\u00e9k\u00e9l\u00e9sb\u0151l \u00e9s az \u00e9let \u00e9rtelm\u00e9t megvitat\u00f3 konyhaasztal k\u00f6r\u00fcli eszmecser\u00e9kb\u0151l.<\/p>\n<p><em>\u201eA b\u00f6lcsess\u00e9gnek ez az alternat\u00edv v\u00e1ltozata az, amelyt\u0151l a sz\u00edvem sz\u00e1rnyal, amikor a t\u00e1rsas\u00e1g\u00e1ban vagyok. \u00dagy hiszem, ez a b\u00f6lcsess\u00e9g csak a korral saj\u00e1t\u00edthat\u00f3 el. Ezt a b\u00f6lcsess\u00e9get az emberk\u00e9nt elt\u00f6lt\u00f6tt \u00e9vek sor\u00e1n szerezz\u00fck, \u00e9s \u00e1ltala olyan perspekt\u00edv\u00e1t, betekint\u00e9st \u00e9s m\u00e9ly meg\u00e9rt\u00e9st kapunk, amelyhez m\u00e1sk\u00e9pp nem f\u00e9rhet\u00fcnk hozz\u00e1. Vegy\u00fcnk p\u00e9ld\u00e1nak egy r\u00e1di\u00f3s anal\u00f3gi\u00e1t. Sokat sz\u00e1m\u00edt, hogy h\u00e1ny \u00f3r\u00e1t t\u00f6lt\u00f6tt\u00e9l a mikrofon el\u0151tt. Az \u00f3r\u00e1k, amikor a k\u00f6z\u00f6ns\u00e9g el\u0151tt \u00fclsz, \u00e9s megtanulsz \u00f3vatosan felt\u00e1rni egy sebezhet\u0151s\u00e9get, egy nagyon nyilv\u00e1nos folyamat egyik elker\u00fclhetetlen \u00e9s f\u00e1jdalmas k\u00f6vetelm\u00e9nye, \u00e9s ezt nem tudod igaz\u00e1n j\u00f3l csin\u00e1lni, hacsak nem t\u00f6ltesz megfelel\u0151 mennyis\u00e9g\u0171 \u00f3r\u00e1t, azzal, hogy ezt a nagyon k\u00fcl\u00f6nleges folyamatot elsaj\u00e1t\u00edtsd.\u201d<\/em> \u2013 mondja Jacinta Parsons.<\/p>\n<p>&nbsp;<\/p>\n<p><img decoding=\"async\" class=\"wp-image-4228 aligncenter\" src=\"https:\/\/phoenix-ngo.sk\/magazin\/wp-content\/uploads\/2024\/03\/idosodo_2-300x200.jpg\" alt=\"\" width=\"1374\" height=\"916\" srcset=\"https:\/\/phoenix-ngo.sk\/magazin\/wp-content\/uploads\/2024\/03\/idosodo_2-300x200.jpg 300w, https:\/\/phoenix-ngo.sk\/magazin\/wp-content\/uploads\/2024\/03\/idosodo_2-1024x682.jpg 1024w, https:\/\/phoenix-ngo.sk\/magazin\/wp-content\/uploads\/2024\/03\/idosodo_2-768x511.jpg 768w, https:\/\/phoenix-ngo.sk\/magazin\/wp-content\/uploads\/2024\/03\/idosodo_2-496x330.jpg 496w, https:\/\/phoenix-ngo.sk\/magazin\/wp-content\/uploads\/2024\/03\/idosodo_2-270x180.jpg 270w\" sizes=\"(max-width: 1374px) 100vw, 1374px\" \/><\/p>\n<p>&nbsp;<\/p>\n<p>Az \u00edr\u00f3n\u0151 besz\u00e1mol egy eml\u00e9kezetes besz\u00e9lget\u00e9sr\u0151l: <em>\u201eNemr\u00e9g az egyik \u201eb\u00f6lcs asszony\u201d mes\u00e9lt nekem az \u00e9desanyj\u00e1r\u00f3l, aki azt k\u00edv\u00e1nta, b\u00e1rcsak tudta volna, mikor csin\u00e1l bizonyos tev\u00e9kenys\u00e9geket \u201eutolj\u00e1ra\u201d. Azt k\u00edv\u00e1nta, b\u00e1rcsak tudta volna, amikor utolj\u00e1ra vezetett, hogy az lesz az utols\u00f3 alkalma. El\u00e1llt a l\u00e9legzetem ett\u0151l az egyszer\u0171 felismer\u00e9st\u0151l.\u201d<\/em><\/p>\n<p>A csendes l\u00e9tez\u00e9s sor\u00e1n megszerzett b\u00f6lcsess\u00e9get csak akkor ismerhetj\u00fck meg ilyen m\u00f3don, ha a t\u0171zben \u00e9s azon s\u00e9t\u00e1lva eljutunk addig a pontig, ahol szembes\u00fcl\u00fcnk az \u201eutols\u00f3 alkalmainkkal\u201d.<\/p>\n<p>Parsons metaforikus s\u00e9t\u00e1ja a hegyre folytat\u00f3dik, tov\u00e1bbra is mag\u00e1val h\u00edvja az id\u0151sebb h\u00f6lgyeket, akik szinte b\u00e1rmit megtesznek, hogy les\u00f6p\u00f6rj\u00e9k magukr\u00f3l a \u201eb\u00f6lcs\u201d jelz\u0151t, de megl\u00e1t\u00e1saik aranyat \u00e9rnek. Itt az ideje, hogy meghallgassuk \u0151ket.<\/p>\n<p>Jacinta Parsons m\u0171sorvezet\u0151, r\u00e1di\u00f3s, \u00edr\u00f3 \u00e9s nyilv\u00e1nos el\u0151ad\u00f3. Jelenleg Brian Nankervisszel k\u00f6z\u00f6sen vezeti a<em> The Friday Revue<\/em> c\u00edm\u0171 m\u0171sort az ABC Melbourne r\u00e1di\u00f3\u00e1llom\u00e1son. Az <em>Unseen<\/em> (Affirm Press 2020) \u00e9s az <em>A Question of Age<\/em> (HarperCollins\/ABC Books 2022) c\u00edm\u0171 k\u00f6nyvek szerz\u0151je. K\u00f6vetkez\u0151 k\u00f6nyve, <em>A Wisdom of Age<\/em> 2024-ben jelenik meg.<\/p>\n<p>&nbsp;<\/p>\n<p>&nbsp;<\/p>\n<p>Forr\u00e1s: <a href=\"https:\/\/www.theguardian.com\/commentisfree\/2023\/dec\/12\/wisdom-has-not-been-a-concept-used-for-the-ageing-woman-its-time-this-changed\">ITT<\/a><\/p>\n","protected":false},"excerpt":{"rendered":"<p>Az emberi l\u00e9t\u00fcnk sor\u00e1n szerzett b\u00f6lcsess\u00e9g betekint\u00e9st \u00e9s m\u00e9ly meg\u00e9rt\u00e9st ny\u00fajt. Mi\u00e9rt vonakodnak annyira a n\u0151k, hogy a maguk\u00e9nak vallj\u00e1k? A b\u00f6lcsess\u00e9gr\u0151l gyakran azt gondoljuk, hogy olyan jelens\u00e9g, amelyre csak egy hegycs\u00facson bukkanhatunk r\u00e1, egy id\u0151sebb ember mark\u00e1ban, aki elvonult a vil\u00e1g bosszant\u00f3 esem\u00e9nyei el\u0151l, hogy az igazs\u00e1g l\u00e9tez\u00e9s\u00e9r\u0151l elm\u00e9lkedjen, majd k\u00f6nyvturn\u00e9ra indul \u00e9s motiv\u00e1ci\u00f3s [&hellip;]<\/p>\n","protected":false},"author":12,"featured_media":4229,"comment_status":"closed","ping_status":"closed","sticky":false,"template":"","format":"standard","meta":{"footnotes":""},"categories":[40],"tags":[47,65],"class_list":["post-4226","post","type-post","status-publish","format-standard","has-post-thumbnail","hentry","category-nagyvilag","tag-gender","tag-nemi-szerepek"],"_links":{"self":[{"href":"https:\/\/phoenix-ngo.sk\/magazin\/wp-json\/wp\/v2\/posts\/4226","targetHints":{"allow":["GET"]}}],"collection":[{"href":"https:\/\/phoenix-ngo.sk\/magazin\/wp-json\/wp\/v2\/posts"}],"about":[{"href":"https:\/\/phoenix-ngo.sk\/magazin\/wp-json\/wp\/v2\/types\/post"}],"author":[{"embeddable":true,"href":"https:\/\/phoenix-ngo.sk\/magazin\/wp-json\/wp\/v2\/users\/12"}],"replies":[{"embeddable":true,"href":"https:\/\/phoenix-ngo.sk\/magazin\/wp-json\/wp\/v2\/comments?post=4226"}],"version-history":[{"count":1,"href":"https:\/\/phoenix-ngo.sk\/magazin\/wp-json\/wp\/v2\/posts\/4226\/revisions"}],"predecessor-version":[{"id":4230,"href":"https:\/\/phoenix-ngo.sk\/magazin\/wp-json\/wp\/v2\/posts\/4226\/revisions\/4230"}],"wp:featuredmedia":[{"embeddable":true,"href":"https:\/\/phoenix-ngo.sk\/magazin\/wp-json\/wp\/v2\/media\/4229"}],"wp:attachment":[{"href":"https:\/\/phoenix-ngo.sk\/magazin\/wp-json\/wp\/v2\/media?parent=4226"}],"wp:term":[{"taxonomy":"category","embeddable":true,"href":"https:\/\/phoenix-ngo.sk\/magazin\/wp-json\/wp\/v2\/categories?post=4226"},{"taxonomy":"post_tag","embeddable":true,"href":"https:\/\/phoenix-ngo.sk\/magazin\/wp-json\/wp\/v2\/tags?post=4226"}],"curies":[{"name":"wp","href":"https:\/\/api.w.org\/{rel}","templated":true}]}}