{"id":4231,"date":"2024-02-22T18:00:48","date_gmt":"2024-02-22T17:00:48","guid":{"rendered":"https:\/\/phoenix-ngo.sk\/?p=4231"},"modified":"2024-04-20T21:03:37","modified_gmt":"2024-04-20T20:03:37","slug":"idealok-es-testkepzavarok","status":"publish","type":"post","link":"https:\/\/phoenix-ngo.sk\/magazin\/blog\/2024\/02\/22\/idealok-es-testkepzavarok\/","title":{"rendered":"Ide\u00e1lok \u00e9s testk\u00e9pzavarok"},"content":{"rendered":"<p>Annak ellen\u00e9re, hogy minden embernek megvannak az <em>egy\u00e9ni<\/em> preferenci\u00e1i egy potenci\u00e1lis partner eset\u00e9ben, \u00fagy minden korszaknak megvan a <em>kollekt\u00edv<\/em> ide\u00e1lja. Volt, amikor a n\u0151nek musz\u00e1j volt karcs\u00fanak lennie, hogy a k\u00f6z\u00f6ss\u00e9g \u201esz\u00e9pnek tal\u00e1lja\u201d, m\u00e1skor pedig \u00e9ppenhogy az ellenkez\u0151je volt az, ami l\u00e1zba hozta a t\u00e1rsadalom tagjait. A f\u00e9rfiak eset\u00e9ben az ide\u00e1lok \u00e9pp\u00fagy jelen voltak (\u00e9s vannak), mint a n\u0151k eset\u00e9ben, mindez pedig korszakonk\u00e9nt, orsz\u00e1gonk\u00e9nt \u00e9s kult\u00far\u00e1nk\u00e9nt v\u00e1ltoz\u00f3, ami azonban szinte mindenhol egyezik, az az, hogy a t\u00e1rsadalmi ide\u00e1lok a <em>k\u00fcls\u0151<\/em> megjelen\u00e9sen t\u00fal nem igaz\u00e1n terjednek tov\u00e1bb.<\/p>\n<p>A rekl\u00e1mok nagy szerepet j\u00e1tszanak abban, hogy t\u00e1rsadalmunk hogyan hat\u00e1rozza meg a sz\u00e9ps\u00e9gide\u00e1lokat. M\u00edg p\u00e9ld\u00e1ul az 1950-es \u00e9vekben a s\u00falygyarap\u00edt\u00f3 term\u00e9kek h\u00f3d\u00edtottak a n\u0151k k\u00f6r\u00e9ben, mivel a sov\u00e1nys\u00e1g gondolata eg\u00e9szs\u00e9gtelennek sz\u00e1m\u00edtott, addig az ut\u00f3bbi \u00e9vtizedekben f\u0151k\u00e9nt a karcs\u00fas\u00e1g k\u00f6r\u00fcl forog a vil\u00e1g, ez pedig nagyr\u00e9szt a h\u00edres (divat)magazinoknak k\u00f6sz\u00f6nhet\u0151.<\/p>\n<p>1959 \u00e9s 1978 k\u00f6z\u00f6tt figyelemre m\u00e9lt\u00f3 v\u00e1ltoz\u00e1s k\u00f6vetkezett be a divatiparban, amikor is elkezdtek a karcs\u00fas\u00e1g fel\u00e9 hajlani. A legn\u00e9pszer\u0171bb magazinok, mint amilyen a Vogue, a Glamour vagy a Woman&#8217;s Day, nekikezdtek az eddigin\u00e9l v\u00e9konyabb modellek felfuttat\u00e1s\u00e1nak. Az \u201980-as \u00e9s \u201990-es \u00e9vekben a divatm\u00e9retek m\u00e9g jobban lecs\u00f6kkentek, \u00edgy lassan az arcr\u00f3l \u00e9s a term\u00e9kr\u0151l a testre helyezt\u00e9k a hangs\u00falyt, emellett pedig egyre n\u00e9pszer\u0171bb\u00e9 v\u00e1lt az is, hogy a modelleket min\u00e9l kevesebb ruh\u00e1ban mutogass\u00e1k. Ennek k\u00f6sz\u00f6nhet\u0151en a modellek egyre jobban testk\u00f6zpont\u00fav\u00e1 v\u00e1ltak, mint arck\u00f6zpont\u00fav\u00e1. L\u00e9nyeg\u00e9ben \u00edgy az \u00e9vtizedek alatt a modellek \u00e1br\u00e1zol\u00e1sa a \u201eruh\u00e1k elad\u00e1s\u00e1r\u00f3l\u201d az \u201e\u00e1lmok elad\u00e1s\u00e1ra\u201d v\u00e1ltozott: a modelleket a sz\u00e9ps\u00e9g idealiz\u00e1lt form\u00e1j\u00e1ban, v\u00e9konyan \u00e9s fiatalon \u00e1br\u00e1zolj\u00e1k. Ez az\u00e9rt fontos, mivel nagy hat\u00e1ssal van a term\u00e9kek ir\u00e1nti v\u00e1gy \u00e9s kereslet n\u00f6vel\u00e9s\u00e9re, \u00e9s mivel a n\u0151k \u00edgy hajlamosabbak megvenni ezeket a term\u00e9keket abban a rem\u00e9nyben, hogy \u0151k is hasonl\u00f3ak lesznek. Amit azonban nem szabad elfelejteni, az az, hogy amit a magazinokban, a k\u00f6z\u00f6ss\u00e9gi fel\u00fcleteken \u00e9s a rekl\u00e1mokban l\u00e1tunk, az nem a teljes val\u00f3s\u00e1got t\u00fckr\u00f6zi, hanem ink\u00e1bb egy eltorz\u00edtott val\u00f3s\u00e1got t\u00e1r el\u00e9nk, amely olyan, mint a t\u00f6k\u00e9letes f\u00e9nyk\u00e9p \u2013 a vide\u00f3szerkeszt\u00e9s eredm\u00e9nye.<\/p>\n<p>Az ut\u00f3bbi \u00e9vekben egyre gyakrabban tal\u00e1ljuk szembe magunkat olyan n\u00e9zetekkel, amelyek az \u00e1ltal\u00e1nos elfogad\u00e1st, valamint az \u00f6nelfogad\u00e1st \u00e1ll\u00edtj\u00e1k a k\u00f6z\u00e9ppontba.<em> Fogadd el magad olyannak, amilyen vagy. Szeresd magad. \u00cdgy vagy t\u00f6k\u00e9letes.<\/em> Mindennek ellen\u00e9re azonban ma is sokan igyekeznek beleilleni a karcs\u00fa sz\u00e9ps\u00e9gide\u00e1lba, amely esetenk\u00e9nt val\u00f3di vesz\u00e9lyekkel j\u00e1r.<\/p>\n<p>&nbsp;<\/p>\n<p><img fetchpriority=\"high\" decoding=\"async\" class=\"wp-image-4232 aligncenter\" src=\"https:\/\/phoenix-ngo.sk\/magazin\/wp-content\/uploads\/2024\/03\/teskepzavar_2-300x291.jpg\" alt=\"\" width=\"1357\" height=\"1316\" srcset=\"https:\/\/phoenix-ngo.sk\/magazin\/wp-content\/uploads\/2024\/03\/teskepzavar_2-300x291.jpg 300w, https:\/\/phoenix-ngo.sk\/magazin\/wp-content\/uploads\/2024\/03\/teskepzavar_2-1024x992.jpg 1024w, https:\/\/phoenix-ngo.sk\/magazin\/wp-content\/uploads\/2024\/03\/teskepzavar_2-768x744.jpg 768w, https:\/\/phoenix-ngo.sk\/magazin\/wp-content\/uploads\/2024\/03\/teskepzavar_2-1536x1488.jpg 1536w, https:\/\/phoenix-ngo.sk\/magazin\/wp-content\/uploads\/2024\/03\/teskepzavar_2-2048x1984.jpg 2048w, https:\/\/phoenix-ngo.sk\/magazin\/wp-content\/uploads\/2024\/03\/teskepzavar_2-341x330.jpg 341w, https:\/\/phoenix-ngo.sk\/magazin\/wp-content\/uploads\/2024\/03\/teskepzavar_2-186x180.jpg 186w\" sizes=\"(max-width: 1357px) 100vw, 1357px\" \/><\/p>\n<p>&nbsp;<\/p>\n<p>A k\u00fcl\u00f6nb\u00f6z\u0151 kem\u00e9ny di\u00e9t\u00e1k, gy\u00f3gyszerek, m\u0171t\u00e9tek nemcsak az ember testi eg\u00e9szs\u00e9g\u00e9t vesz\u00e9lyeztethetik, hanem a ment\u00e1lis j\u00f3l\u00e9tet is. Egy k\u00f6vetkez\u0151 gyakori probl\u00e9ma, amelyr\u0151l egyre t\u00f6bbet hallani, az \u00e9tkez\u00e9si zavar. Az <em>\u00e9tkez\u00e9si zavar<\/em> olyan ment\u00e1lis betegs\u00e9get jel\u00f6l, amelyet a k\u00f3ros vagy zavart \u00e9tkez\u00e9si szok\u00e1sok hat\u00e1roznak meg \u2013 ezek magukban foglalhatj\u00e1k a hi\u00e1nyos vagy \u00e9ppen a t\u00falzott t\u00e1pl\u00e1l\u00e9kbevitelt, ennek pedig a <em>testk\u00e9pzavar<\/em> a leggyakoribb oka. Egy ilyen probl\u00e9ma pedig csak m\u00e9g t\u00f6bb eg\u00e9szs\u00e9g\u00fcgyi gondhoz vezethet, ha nincs kell\u0151k\u00e9ppen kezelve.<\/p>\n<p>B\u00e1r az \u00e9tkez\u00e9si zavarok, valamint a t\u00e1rsadalomnak val\u00f3 megfelel\u00e9s neh\u00e9zs\u00e9gei nagyobb sz\u00e1mban \u00e9rintik a n\u0151ket, a f\u00e9rfiak ugyan\u00fagy szenvedhetnek miattuk, hiszen a f\u00e9rfiide\u00e1l fogalma is \u00e9pp\u00fagy r\u00e9sze a t\u00e1rsadalom elk\u00e9pzel\u00e9seinek, mint ahogy annak k\u00f6vetkezm\u00e9nyei is, ha esetleg valaki \u201enem illik bele\u201d ebbe az ide\u00e1lba.<\/p>\n<p>Ma egy olyan korszaknak vagyunk a r\u00e9szesei, ahol az elv\u00e1r\u00e1sok teljes\u00edt\u00e9se \u00e9s az elfogad\u00e1s olyannyira keveredik, hogy egyre nehezebben d\u00f6ntj\u00fck el, melyik lenne a \u201ejobb\u201d v\u00e1laszt\u00e1s: elfogadni \u00f6nmagunkat, vagy m\u00e1sok elv\u00e1r\u00e1sainak megfelelni, hogy m\u00e1sok is elfogadhassanak benn\u00fcnket?<\/p>\n<p>\u00cdgy vagy \u00fagy, tov\u00e1bbra sem szabad elfelejteni, hogy mindaz, amit a k\u00e9perny\u0151k\u00f6n l\u00e1tunk, nem a val\u00f3s\u00e1g. A l\u00e1tszatot meg tudjuk k\u00f6zel\u00edteni, de 100%-osan sosem fogjuk tudni el\u00e9rni, ugyanis lehetetlen. Tudatos\u00edtanunk kell, hogy ha m\u00e1sokhoz hasonl\u00edtjuk magunkat, az csak saj\u00e1t \u00f6nbizalmunkt\u00f3l \u00e9s el\u00e9gedetts\u00e9g\u00fcnkt\u0151l fog megfosztani benn\u00fcnket.<\/p>\n<p>&nbsp;<\/p>\n<p>&nbsp;<\/p>\n<p>Forr\u00e1sok: <a href=\"https:\/\/athensoracle.com\/1404\/uncategorized\/advertising-a-skinny-body-deteriorating-a-feminist-future\/\">ITT<\/a>, <a href=\"https:\/\/calgaryconnecteen.com\/eating-disorders\/\">ITT<\/a> \u00e9s <a href=\"https:\/\/etiikka.fi\/essays\/how-thin-became-the-ideal\/\">ITT<\/a><\/p>\n<p>&nbsp;<\/p>\n","protected":false},"excerpt":{"rendered":"<p>Annak ellen\u00e9re, hogy minden embernek megvannak az egy\u00e9ni preferenci\u00e1i egy potenci\u00e1lis partner eset\u00e9ben, \u00fagy minden korszaknak megvan a kollekt\u00edv ide\u00e1lja. Volt, amikor a n\u0151nek musz\u00e1j volt karcs\u00fanak lennie, hogy a k\u00f6z\u00f6ss\u00e9g \u201esz\u00e9pnek tal\u00e1lja\u201d, m\u00e1skor pedig \u00e9ppenhogy az ellenkez\u0151je volt az, ami l\u00e1zba hozta a t\u00e1rsadalom tagjait. A f\u00e9rfiak eset\u00e9ben az ide\u00e1lok \u00e9pp\u00fagy jelen voltak (\u00e9s [&hellip;]<\/p>\n","protected":false},"author":8,"featured_media":4233,"comment_status":"closed","ping_status":"closed","sticky":false,"template":"","format":"standard","meta":{"footnotes":""},"categories":[42],"tags":[52,59,65],"class_list":["post-4231","post","type-post","status-publish","format-standard","has-post-thumbnail","hentry","category-konnyed","tag-onertekeles","tag-onbizalom","tag-nemi-szerepek"],"_links":{"self":[{"href":"https:\/\/phoenix-ngo.sk\/magazin\/wp-json\/wp\/v2\/posts\/4231","targetHints":{"allow":["GET"]}}],"collection":[{"href":"https:\/\/phoenix-ngo.sk\/magazin\/wp-json\/wp\/v2\/posts"}],"about":[{"href":"https:\/\/phoenix-ngo.sk\/magazin\/wp-json\/wp\/v2\/types\/post"}],"author":[{"embeddable":true,"href":"https:\/\/phoenix-ngo.sk\/magazin\/wp-json\/wp\/v2\/users\/8"}],"replies":[{"embeddable":true,"href":"https:\/\/phoenix-ngo.sk\/magazin\/wp-json\/wp\/v2\/comments?post=4231"}],"version-history":[{"count":1,"href":"https:\/\/phoenix-ngo.sk\/magazin\/wp-json\/wp\/v2\/posts\/4231\/revisions"}],"predecessor-version":[{"id":4234,"href":"https:\/\/phoenix-ngo.sk\/magazin\/wp-json\/wp\/v2\/posts\/4231\/revisions\/4234"}],"wp:featuredmedia":[{"embeddable":true,"href":"https:\/\/phoenix-ngo.sk\/magazin\/wp-json\/wp\/v2\/media\/4233"}],"wp:attachment":[{"href":"https:\/\/phoenix-ngo.sk\/magazin\/wp-json\/wp\/v2\/media?parent=4231"}],"wp:term":[{"taxonomy":"category","embeddable":true,"href":"https:\/\/phoenix-ngo.sk\/magazin\/wp-json\/wp\/v2\/categories?post=4231"},{"taxonomy":"post_tag","embeddable":true,"href":"https:\/\/phoenix-ngo.sk\/magazin\/wp-json\/wp\/v2\/tags?post=4231"}],"curies":[{"name":"wp","href":"https:\/\/api.w.org\/{rel}","templated":true}]}}