{"id":4243,"date":"2024-03-27T10:00:05","date_gmt":"2024-03-27T09:00:05","guid":{"rendered":"https:\/\/phoenix-ngo.sk\/?p=4243"},"modified":"2024-04-20T21:04:30","modified_gmt":"2024-04-20T20:04:30","slug":"a-fereg-odabent-van","status":"publish","type":"post","link":"https:\/\/phoenix-ngo.sk\/magazin\/blog\/2024\/03\/27\/a-fereg-odabent-van\/","title":{"rendered":"A f\u00e9reg odabent van"},"content":{"rendered":"<p style=\"text-align: center;\"><em>A Radio X sz\u00e1m\u00e1ra k\u00e9sz\u00fclt bejegyz\u00e9s a rasszizmus elleni nemzetk\u00f6zi vil\u00e1gnap alkalm\u00e1b\u00f3l 2022. m\u00e1rcius 21-\u00e9n.<\/em><\/p>\n<p style=\"text-align: center;\">Irena Bre\u017en\u00e1 egy komoly szat\u00edr\u00e1ja<\/p>\n<p>&nbsp;<\/p>\n<p>Az idegenek ir\u00e1nti ellenszenv \u00e9s elutas\u00edt\u00e1s teljesen norm\u00e1lis dolog, \u00e1ll\u00edtotta egy k\u00f6zismert sv\u00e1jci szerz\u0151 a b\u00e1zeli Literaturhausban tartott vit\u00e1n, utalva az \u00e1llatvil\u00e1gban elterjedt idegengy\u0171l\u00f6letre, amely t\u00fal\u00e9l\u00e9si el\u0151nyt biztos\u00edt az adott idegengy\u0171l\u00f6l\u0151 egyedek sz\u00e1m\u00e1ra. Ezt a leegyszer\u0171s\u00edt\u0151 vil\u00e1gk\u00e9pet a cs\u00f3t\u00e1nykutat\u00e1s \u00faj eredm\u00e9nyeivel igyekeztem megc\u00e1folni. A hatl\u00e1b\u00fa f\u00e9rgek, amelyek hierarchia n\u00e9lk\u00fcli k\u00f6z\u00f6ss\u00e9gekben \u00e9ltek, t\u00e1rsas\u00e1gkedvel\u0151ek voltak, \u00e9s sz\u00edvesen beengedt\u00e9k az idegen cs\u00f3t\u00e1nyokat a s\u00f6t\u00e9t \u00fcregeikbe, ahol sz\u00f3rakoztatt\u00e1k a l\u00e1togat\u00f3ikat. A b\u00e1zeli k\u00f6z\u00f6ns\u00e9g hangos nevet\u00e9sben t\u00f6rt ki. A p\u00f3diumon mellettem \u00fcl\u0151 \u00edr\u00f3sz\u00f6vets\u00e9gi koll\u00e9ga azonban komoly maradt, \u00e9s nem hatotta meg e sci-fi filmekben n\u00e9pszer\u0171 robusztus rovarok vend\u00e9gszeret\u0151 kult\u00far\u00e1j\u00e1nak a bemutat\u00e1sa.<\/p>\n<p>V\u00e9g\u00fcl is az, hogy k\u00e9ptelenek k\u00fcl\u00f6nbs\u00e9get tenni az \u00e9n kl\u00e1nom \u00e9s a ti\u00e9d k\u00f6z\u00f6tt, alacsony fejletts\u00e9gi szintre utal. \u00c9s milyen t\u00fal\u00e9l\u00e9si el\u0151ny\u00fck sz\u00e1rmazik abb\u00f3l, hogy idegen bogarakkal t\u00e1pl\u00e1lkoznak? Miut\u00e1n k\u00f6teless\u00e9gtud\u00f3an teljes\u00edtett\u00e9k a vend\u00e9gszeretet k\u00f6vetelm\u00e9ny\u00e9t, a kifosztott \u00e9lelmiszer-tartal\u00e9kaikban fetrengenek. De azt\u00e1n felteszem magamnak a k\u00e9rd\u00e9st: a szocializ\u00e1ci\u00f3 nem egyben t\u00e1pl\u00e1l\u00e9k is, nevezetesen kal\u00f3riad\u00fas t\u00e1pl\u00e1l\u00e9k az elme sz\u00e1m\u00e1ra, ha a sv\u00e1bbogaraknak egy\u00e1ltal\u00e1n van ilyen\u00fck? \u00c9s tal\u00e1n a bar\u00e1ts\u00e1gos kis l\u00e9nyek megtanulnak egy idegen cs\u00f3t\u00e1nyt\u00f3l egy hasznos k\u00e9pess\u00e9get a bar\u00e1tok elfogyaszt\u00e1sakor, \u00e9s \u00edgy t\u00fal\u00e9l\u00e9si el\u0151nyre tesznek szert&#8230; K\u00e9t k\u00fcl\u00f6nb\u00f6z\u0151 sz\u00edn\u0171 \u00e9s h\u00e9jform\u00e1j\u00fa cs\u00f3t\u00e1ny, amint finom cs\u00e1pjaikkal meg\u00e9rintik egym\u00e1st: vajon nem lenne ez megfelel\u0151 log\u00f3ja egy fajgy\u0171l\u00f6let-elleness\u00e9get hirdet\u0151 civil szervezetnek?<\/p>\n<p>Nem rovarokr\u00f3l besz\u00e9lek, hanem f\u0151eml\u0151s\u00f6kr\u0151l \u2013 kontr\u00e1zott kiss\u00e9 bossz\u00fasan a fajs\u00falyos szerz\u0151, \u00e9s val\u00f3sz\u00edn\u0171leg a legk\u00f6zelebbi rokonainkra, a magas fejletts\u00e9gi szinten l\u00e9v\u0151 agyaf\u00fart csimp\u00e1nzokra gondolt, akik elkergetik a ter\u00fclet\u00fckh\u00f6z k\u00f6zeled\u0151 ostoba majmokat. Ha a betolakod\u00f3 nem t\u00e1vozik a lehet\u0151 leggyorsabban, nem haboznak v\u00e9gezni vele. Az \u00edr\u00f3 hangs\u00falyozta, hogy mi is f\u0151eml\u0151s\u00f6k vagyunk, intelligensek \u00e9s kegyetlenek egyszerre, \u00e9s nem valami agyatlan, szabad szellem\u0171, gusztustalan f\u00e9rgek. \u00c9n viszont a felvil\u00e1gosod\u00e1s szellem\u00e9ben besz\u00e9ltem arr\u00f3l, hogy az ember k\u00e9pes legy\u0151zni a reflexeit, b\u00e1rmikor k\u00e9pes szabadon d\u00f6nteni egy ellens\u00e9g mellett vagy ellen, \u00e9s felel\u0151ss\u00e9get v\u00e1llalni a d\u00f6nt\u00e9s\u00e9\u00e9rt.<\/p>\n<p>Ezut\u00e1n r\u00e1kerestem az \u00e1llatvil\u00e1gban egy olyan f\u0151eml\u0151sfajra, amelyik cs\u00f3t\u00e1nyszer\u0171 bar\u00e1ts\u00e1goss\u00e1got tan\u00fas\u00edt az idegenekkel szemben, \u00e9s meg is tal\u00e1ltam: a t\u00f6rpecsimp\u00e1nzokn\u00e1l, amelyek csal\u00e1di hagyom\u00e1nyaikhoz h\u00edven nagyobb val\u00f3sz\u00edn\u0171s\u00e9ggel osztj\u00e1k meg az \u00e9telt ismeretlen fajt\u00e1rsaikkal, mint a saj\u00e1t csoportjuk tagjaival. Ez egy \u00faj tanulm\u00e1ny eredm\u00e9nye.<br \/>\nAz \u00e1llatvil\u00e1g jobban beh\u00e1l\u00f3z benn\u00fcnket, mint ahogyan azt szeretn\u00e9nk. Azok az emberek, akik sok parazit\u00e1t hordoznak magukban, legyeng\u00fclt immunrendszerrel rendelkeznek, \u00e9s f\u00e9lnek minden \u00fajdons\u00e1gt\u00f3l. Nem szabad teh\u00e1t al\u00e1becs\u00fclni a parazit\u00e1k hat\u00e1s\u00e1t a nyitott t\u00e1rsadalmakra. Egy tanulm\u00e1ny k\u00f6zvetlen \u00f6sszef\u00fcgg\u00e9st tal\u00e1lt az idegengy\u0171l\u00f6let \u00e9s a v\u00e9konyb\u00e9lben vagy a m\u00e1jban l\u00e9v\u0151 f\u00e9rgek k\u00f6z\u00f6tt. Egy kukacok vagy giliszt\u00e1k \u00e1ltal stresszelt n\u00e9pess\u00e9g nem val\u00f3sz\u00edn\u0171, hogy megosztja a liszttel s\u0171r\u00edtett leves\u00e9t a m\u00e1sk\u00e9pp kin\u00e9z\u0151 emberekkel.<\/p>\n<p>Van egy egyszer\u0171 orvosi megold\u00e1s erre a sajn\u00e1latos helyzetre, amely messzemen\u0151 politikai k\u00f6vetkezm\u00e9nyekkel j\u00e1r: f\u00e9regtelen\u00edts\u00fck a beteg polg\u00e1rokat, \u00e9s vir\u00e1gozz\u00e9k az idegengy\u0171l\u00f6let. Azonban nem minden f\u00e9reg egyforma. A b\u00e9lf\u00e9rgeket, amelyek naponta harmincezer pet\u00e9t raknak a beleinkbe, nem szabad elt\u00e1vol\u00edtani, er\u0151s\u00edtik az immunrendszert, \u00e9s \u00edgy garant\u00e1lj\u00e1k a lelki nyitotts\u00e1gunkat.<\/p>\n<p>Az \u00e1llatvil\u00e1g hemzseg a legk\u00fcl\u00f6nb\u00f6z\u0151bb viselked\u00e9si mint\u00e1kt\u00f3l. A kuty\u00e1k genetik\u00e1ja befoly\u00e1solhatja a bev\u00e1ndorl\u00e1si vit\u00e1t. A leg\u00fajabb kutat\u00e1sok szerint bizonyos kutyafajt\u00e1kn\u00e1l idegenek l\u00e1tt\u00e1n aktiv\u00e1l\u00f3dik a harap\u00e1sra k\u00e9sztet\u0151 reflex, \u00e9s ez\u00e9rt tizen\u00f6t sz\u00e1zal\u00e9kban a genetikai vari\u00e1ci\u00f3k felel\u0151sek. Nem kellene-e a v\u00e1dlottakat, akik \u00e1ll\u00edt\u00f3lag idegengy\u0171l\u00f6l\u0151 t\u00falkap\u00e1sokat k\u00f6vettek el, szint\u00e9n genetikai vizsg\u00e1latnak al\u00e1vetni? De pont itt kezdenek a dolgok kock\u00e1zatoss\u00e1 v\u00e1lni. Ha kider\u00fcl, hogy a neon\u00e1cik genetikai kever\u00e9ke robban\u00e1svesz\u00e9lyes, akkor \u2013 az \u00f6r\u00f6kletes k\u00e1rosod\u00e1sukra hivatkozva \u2013 tizen\u00f6t sz\u00e1zal\u00e9kos b\u00fcntet\u00e9scs\u00f6kkent\u00e9sre tarthatnak ig\u00e9nyt. Kem\u00e9ny di\u00f3 ez a b\u0171n\u00fcgyi igazs\u00e1gszolg\u00e1ltat\u00e1si rendszer sz\u00e1m\u00e1ra.<\/p>\n<p>Az \u00e1llat- \u00e9s emberi vil\u00e1gba tett kit\u00e9r\u0151m tanuls\u00e1ga: vajon mennyi az \u00e9rt\u00e9k\u00edt\u00e9let\u00fcnkben a tiszta tud\u00e1s, \u00e9s mennyi a szabad akarat a cselekedeteinkben, amikor minden sarkon mindenf\u00e9le elm\u00e9t megt\u00e9veszt\u0151 csal\u00e1sok leselkednek r\u00e1nk? \u2013 Mint az ostor\u00e1llatk\u00e1k vagy m\u00e1s gonosztev\u0151k.<\/p>\n<p>De f\u00fcggetlen\u00fcl att\u00f3l, hogy zavarja-e \u00d6nt vagy sem, egyszer\u0171en d\u00f6nts\u00f6n \u00fagy, hogy bar\u00e1ts\u00e1gos lesz az idegenekkel.<\/p>\n<p>&nbsp;<\/p>\n<p style=\"text-align: right;\">\n<em>V\u00e1lyi Horv\u00e1th Erika ford\u00edt\u00e1sa<\/em><\/p>\n","protected":false},"excerpt":{"rendered":"<p>A Radio X sz\u00e1m\u00e1ra k\u00e9sz\u00fclt bejegyz\u00e9s a rasszizmus elleni nemzetk\u00f6zi vil\u00e1gnap alkalm\u00e1b\u00f3l 2022. m\u00e1rcius 21-\u00e9n. Irena Bre\u017en\u00e1 egy komoly szat\u00edr\u00e1ja &nbsp; Az idegenek ir\u00e1nti ellenszenv \u00e9s elutas\u00edt\u00e1s teljesen norm\u00e1lis dolog, \u00e1ll\u00edtotta egy k\u00f6zismert sv\u00e1jci szerz\u0151 a b\u00e1zeli Literaturhausban tartott vit\u00e1n, utalva az \u00e1llatvil\u00e1gban elterjedt idegengy\u0171l\u00f6letre, amely t\u00fal\u00e9l\u00e9si el\u0151nyt biztos\u00edt az adott idegengy\u0171l\u00f6l\u0151 egyedek sz\u00e1m\u00e1ra. Ezt [&hellip;]<\/p>\n","protected":false},"author":31,"featured_media":4244,"comment_status":"closed","ping_status":"closed","sticky":false,"template":"","format":"standard","meta":{"footnotes":""},"categories":[43],"tags":[78,55],"class_list":["post-4243","post","type-post","status-publish","format-standard","has-post-thumbnail","hentry","category-irodalom","tag-elfogadas","tag-viselkedes"],"_links":{"self":[{"href":"https:\/\/phoenix-ngo.sk\/magazin\/wp-json\/wp\/v2\/posts\/4243","targetHints":{"allow":["GET"]}}],"collection":[{"href":"https:\/\/phoenix-ngo.sk\/magazin\/wp-json\/wp\/v2\/posts"}],"about":[{"href":"https:\/\/phoenix-ngo.sk\/magazin\/wp-json\/wp\/v2\/types\/post"}],"author":[{"embeddable":true,"href":"https:\/\/phoenix-ngo.sk\/magazin\/wp-json\/wp\/v2\/users\/31"}],"replies":[{"embeddable":true,"href":"https:\/\/phoenix-ngo.sk\/magazin\/wp-json\/wp\/v2\/comments?post=4243"}],"version-history":[{"count":1,"href":"https:\/\/phoenix-ngo.sk\/magazin\/wp-json\/wp\/v2\/posts\/4243\/revisions"}],"predecessor-version":[{"id":4245,"href":"https:\/\/phoenix-ngo.sk\/magazin\/wp-json\/wp\/v2\/posts\/4243\/revisions\/4245"}],"wp:featuredmedia":[{"embeddable":true,"href":"https:\/\/phoenix-ngo.sk\/magazin\/wp-json\/wp\/v2\/media\/4244"}],"wp:attachment":[{"href":"https:\/\/phoenix-ngo.sk\/magazin\/wp-json\/wp\/v2\/media?parent=4243"}],"wp:term":[{"taxonomy":"category","embeddable":true,"href":"https:\/\/phoenix-ngo.sk\/magazin\/wp-json\/wp\/v2\/categories?post=4243"},{"taxonomy":"post_tag","embeddable":true,"href":"https:\/\/phoenix-ngo.sk\/magazin\/wp-json\/wp\/v2\/tags?post=4243"}],"curies":[{"name":"wp","href":"https:\/\/api.w.org\/{rel}","templated":true}]}}