{"id":4287,"date":"2024-03-02T15:00:21","date_gmt":"2024-03-02T14:00:21","guid":{"rendered":"https:\/\/phoenix-ngo.sk\/?p=4287"},"modified":"2024-04-20T21:07:10","modified_gmt":"2024-04-20T20:07:10","slug":"az-ukranok-nyernek-de-velunk-mi-lesz","status":"publish","type":"post","link":"https:\/\/phoenix-ngo.sk\/magazin\/blog\/2024\/03\/02\/az-ukranok-nyernek-de-velunk-mi-lesz\/","title":{"rendered":"Az ukr\u00e1nok nyernek. De vel\u00fcnk mi lesz?"},"content":{"rendered":"<p style=\"text-align: center;\"><em>Jana Jur\u00e1\u0148ov\u00e1 az ukr\u00e1n\u2013orosz h\u00e1bor\u00fa kezdete \u00f3ta eltelt egy \u00e9vre reflekt\u00e1l\u00f3 sz\u00f6veg\u00e9t szeml\u00e9zz\u00fck.<\/em><\/p>\n<p style=\"text-align: center;\"><em>***<\/em><\/p>\n<p>&nbsp;<\/p>\n<p>Az orosz inv\u00e1zi\u00f3 h\u00edr\u00e9r\u0151l tavaly febru\u00e1r 24-\u00e9n m\u00e1r reggel az \u00e1gyban \u00e9rtes\u00fcltem a telefonomb\u00f3l, majd bekapcsoltam a t\u00e9v\u00e9t, elmondtam a csal\u00e1domnak, \u00e9s s\u00edrva fakadtam. Sz\u00e1mtalanszor s\u00edrtam emiatt, legk\u00f6zelebb n\u00e9h\u00e1ny nappal k\u00e9s\u0151bb a Pozsonyi Zenem\u0171v\u00e9szeti F\u0151iskola di\u00e1kjainak koncertj\u00e9n, amikor a zenekar az ukr\u00e1n himnuszt j\u00e1tszotta, de s\u00edrtam akkor is, amikor h\u00edreket vagy cikkeket olvastam, \u00e9s amikor f\u00e9nyk\u00e9peket n\u00e9ztem. Az\u00f3ta m\u00e1r ritk\u00e1bban s\u00edrok, de m\u00e9g mindig megesik, \u00e9s ennek \u00f6r\u00fcl\u00f6k.<\/p>\n<p>M\u00e9gis mit tehet az ember? Eleinte k\u00e9k-s\u00e1rga szalagot viseltem, r\u00e9szt vettem a LIC \u00e9s a pozsonyi Sz\u00ednh\u00e1zi Int\u00e9zet \u00e1ltal szervezett felolvas\u00e1sokon, de kicsit \u00fagy \u00e9reztem magam, mint aki alibit keres. Amikor egy vas\u00e1rnap d\u00e9lut\u00e1n \u00faszni k\u00e9sz\u00fcltem, hogy enyh\u00edtsem a stresszt, \u201epercr\u0151l percre\u201d j\u00f6ttek a h\u00edrek, hogy ukr\u00e1nok \u00e1llnak az Auparkban, mert nincs \u00e9lelmiszer\u00fck. Sz\u00f3val odamentem, bev\u00e1s\u00e1roltam, nekik adtam. Azt\u00e1n \u00fajra \u00e9s \u00fajra. Fiatal n\u0151k v\u00e1rtak ennival\u00f3ra, nagyon sz\u00e9pen fel\u00f6lt\u00f6zve, n\u00e9h\u00e1nyuknak babakocsira volt sz\u00fcks\u00e9ge. Elk\u00e9pzeltem magam az \u0151 korukba, ahogy k\u00fclf\u00f6ld\u00f6n sorban \u00e1llok az \u00e9lelmiszer\u00e9rt, \u00e9s nem tudom, kib\u00edrom-e. B\u00e1rmit is tettem azokban a korai napokban, minden kev\u00e9snek \u00e9s haszontalannak t\u0171nt. Minden p\u00e9nzbeli adom\u00e1ny vagy t\u00e1mogat\u00e1s \u2013 mint egy v\u00edzcsepp, amelyet azonnal felsz\u00e1r\u00edt a ragyog\u00f3 nap. V\u00e9g\u00fcl kis \u00f6sszegeket jel\u00f6ltem ki a r\u00e1szorul\u00f3knak, hogy jobban gy\u0151zzem, \u00e9s hogy \u00e9rtelme is legyen, ha majd t\u00f6bben adom\u00e1nyozunk. Nem utas\u00edtok senkit arra, hogy m\u00e1sk\u00e9pp gondolkozzon a dologr\u00f3l. Egy bar\u00e1tom fegyverekre k\u00fcld p\u00e9nzt, tal\u00e1n annak t\u00f6bb \u00e9rtelme lenne, nem tudom.<\/p>\n<p>Ha valaki egy \u00e9vvel ezel\u0151tt azt mondta volna nekem, hogy ez \u00edgy el fog h\u00faz\u00f3dni, \u00e9s nem l\u00e1tjuk majd a v\u00e9g\u00e9t \u2013 tal\u00e1n jobb volt, m\u00edg nem tudtam.<\/p>\n<p>Eml\u00e9kszem, hogy febru\u00e1r elej\u00e9n, amikor \u00fagy t\u0171nt, Putyin t\u00e9nyleg megt\u00e1madja Ukrajn\u00e1t, milyen idegesen mondtam a fiamnak az aut\u00f3ban, hogy ha valaki az ismer\u0151seink vagy a t\u00e1gabb csal\u00e1d k\u00f6z\u00fcl t\u00e1mogatja Putyint, akkor v\u00e9geztem vel\u00fck. \u0150 pedig egyet\u00e9rtett velem, \u00e9s azt morogta, hogy \u2013 de akkor n\u00e1lunk is kit\u00f6r a h\u00e1bor\u00fa. V\u00e9g\u00fcl is val\u00f3ban voltak olyanok, akik Putyint t\u00e1mogatt\u00e1k, ezekkel pedig neh\u00e9z lenne nem tal\u00e1lkozni, elv\u00e9gre Szlov\u00e1kia fele ilyenekkel van tele. Szerencs\u00e9re nem l\u00e1tom \u0151ket rendszeresen, nem szak\u00edtottam meg a kapcsolatokat, b\u00e1r ink\u00e1bb nem besz\u00e9lek vel\u00fck err\u0151l a t\u00e9m\u00e1r\u00f3l. Megfogadtam Alexandra Alvarov\u00e1, a cseh dezinform\u00e1ci\u00f3s szak\u00e9rt\u0151 tan\u00e1cs\u00e1t, aki szerint nem szabad a csal\u00e1dunkkal \u00e9s a szomsz\u00e9dainkkal vitatkoznunk Putyinr\u00f3l, mert a dezinform\u00e1toroknak \u00e9ppen ez a c\u00e9lja \u2013 hogy ne t\u00e1maszkodhassunk egym\u00e1sra. Minden t\u0151lem telhet\u0151t megteszek, hogy elker\u00fcljem azokat, akik Putyin gy\u0151zelm\u00e9t akarj\u00e1k, azokat, akik sosem mentek nyaralni a Kr\u00edmbe, vagy v\u00e1s\u00e1rolni Szentp\u00e9terv\u00e1rra, hanem ink\u00e1bb mentek Dubajba vagy a lengyel piacokra, ban\u00e1lis okokb\u00f3l kifoly\u00f3lag m\u00e9gis az orosz t\u00f6meggyilkoss\u00e1g oldal\u00e1n \u00e1llnak, csak hogy meg ne fagyjunk.<\/p>\n<p>&nbsp;<\/p>\n<p><img fetchpriority=\"high\" decoding=\"async\" class=\"wp-image-4288 aligncenter\" src=\"https:\/\/phoenix-ngo.sk\/magazin\/wp-content\/uploads\/2024\/04\/ukran2-300x200.jpg\" alt=\"\" width=\"1334\" height=\"889\" srcset=\"https:\/\/phoenix-ngo.sk\/magazin\/wp-content\/uploads\/2024\/04\/ukran2-300x200.jpg 300w, https:\/\/phoenix-ngo.sk\/magazin\/wp-content\/uploads\/2024\/04\/ukran2-1024x683.jpg 1024w, https:\/\/phoenix-ngo.sk\/magazin\/wp-content\/uploads\/2024\/04\/ukran2-768x512.jpg 768w, https:\/\/phoenix-ngo.sk\/magazin\/wp-content\/uploads\/2024\/04\/ukran2-1536x1024.jpg 1536w, https:\/\/phoenix-ngo.sk\/magazin\/wp-content\/uploads\/2024\/04\/ukran2-2048x1365.jpg 2048w, https:\/\/phoenix-ngo.sk\/magazin\/wp-content\/uploads\/2024\/04\/ukran2-495x330.jpg 495w, https:\/\/phoenix-ngo.sk\/magazin\/wp-content\/uploads\/2024\/04\/ukran2-270x180.jpg 270w\" sizes=\"(max-width: 1334px) 100vw, 1334px\" \/><\/p>\n<p>&nbsp;<\/p>\n<p>Nem sz\u00e1m\u00edtottam arra, hogy nem lesz \u00e9szrevehet\u0151bb \u00e9s jelent\u0151sebb mozg\u00e1s az orosz civil t\u00e1rsadalomban, \u00e9s hogy lesznek olyanok, akik csup\u00e1n v\u00e9lem\u00e9ny\u00fck miatt b\u00f6rt\u00f6nben v\u00e9gzik, vagy m\u00e9g rosszabb, erre pedig nyilv\u00e1nval\u00f3an a korl\u00e1tlan lehet\u0151s\u00e9gekkel rendelkez\u0151 orsz\u00e1g sokkal nagyobb szak\u00e9rt\u0151i sem sz\u00e1m\u00edtottak. Egy\u00e9rtelm\u0171, hogy Eur\u00f3pa, s\u0151t a vil\u00e1g t\u00f6bbi r\u00e9sze fele annyira sem \u00e9rti ezt az eg\u00e9szet, mint azt gondoln\u00e1nk.<\/p>\n<p>Utolj\u00e1ra 1995-ben j\u00e1rtam Moszkv\u00e1ban \u2013 egy \u201efekete ruh\u00e1s n\u0151kr\u0151l\u201d sz\u00f3l\u00f3 csecsen konferenci\u00e1n. Tal\u00e1lkoztunk ott csecsen \u00f6zvegyekkel, bukott fiak any\u00e1ival&#8230; Azt\u00e1n a V\u00f6r\u00f6s t\u00e9ren figyeltem, amint a moszkvaiak \u00e9lvezik a tavaszt, k\u00e9zen fogva, el\u00e9gedetten mosolyognak \u00e9s \u00f6r\u00fclnek a fogyaszt\u00e1s nyomor\u00fas\u00e1gos bambas\u00e1g\u00e1nak. Akkor azt mondtam, hogy soha t\u00f6bb\u00e9 nem teszem be a l\u00e1bam a vil\u00e1g ezen r\u00e9sz\u00e9be. Legrosszabb r\u00e9m\u00e1lmomban sem gondoltam volna, hogy huszonnyolc \u00e9vvel k\u00e9s\u0151bb ugyanolyan k\u00f6z\u00f6mb\u00f6sen, \u00e9rdektelen\u00fcl \u00e9s szadist\u00e1k m\u00f3dj\u00e1ra tekintenek majd az Ukrajn\u00e1ban zajl\u00f3 gyilkoss\u00e1gokra, er\u0151szakra \u00e9s k\u00ednz\u00e1sra. Persze vannak norm\u00e1lis emberek is Oroszorsz\u00e1gban, csak m\u00e9g nem mutatt\u00e1k meg magukat jelent\u0151sebben, nem mozgatt\u00e1k meg alapvet\u0151en a t\u00e1rsadalmat egy \u00e9v alatt, \u00edgy teh\u00e1t olyan, mintha nem lenn\u00e9nek. Sajnos. Nincsenek ill\u00fazi\u00f3im Szlov\u00e1ki\u00e1val kapcsolatban, de mi legal\u00e1bb kivonulunk az utc\u00e1ra, amikor neh\u00e9z helyzetben vagyunk. Az ir\u00e1ni tiltakoz\u00e1sok f\u00e9ny\u00e9ben t\u00f6bb mint megd\u00f6bbent\u0151 az, ami Oroszorsz\u00e1gban t\u00f6rt\u00e9nik.<\/p>\n<p>Soha ezel\u0151tt nem \u00e9reztem magam olyan tehetetlennek \u00e9s k\u00e9ts\u00e9gbeesettnek, mint az elm\u00falt \u00e9vben. Naponta rem\u00e9lem, hogy Putyin hal\u00e1l\u00e1nak bombasztikus h\u00edre meg\u00e9rkezik, de id\u0151k\u00f6zben csak \u00e9rt\u00e9kes emberek sokas\u00e1ga t\u00e1vozott el az \u00f6r\u00f6kk\u00e9val\u00f3s\u00e1gba. A t\u00f6meggyilkos pedig tov\u00e1bb \u00e9l. Biztons\u00e1gos elszigetelts\u00e9gben \u00e9s elk\u00fcl\u00f6n\u00fcl\u00e9sben, emberi kapcsolat n\u00e9lk\u00fcl, az \u00e1ltala okozott borzalmakkal. Nekem szem\u00e9ly szerint nem okoz gondot, hogy im\u00e1dkozzak a hal\u00e1l\u00e1\u00e9rt. Ebben az \u00e9vben a k\u00e9ts\u00e9gbees\u00e9s teljesen eluralkodott rajtam, \u00e9s m\u00e1r nincsenek rem\u00e9nyeim. Vannak id\u0151k, egyre t\u00f6bbsz\u00f6r \u00e9s egyre hosszabban, amikor m\u00e1r el sem tudom k\u00e9pzelni.<\/p>\n<p>&nbsp;<\/p>\n<p>Forr\u00e1s: <a href=\"http:\/\/www.aspekt.sk\/content\/aspektin\/ukrajinci-vyhraju-ale-co-my\">ITT\u00a0<\/a><\/p>\n<p>&nbsp;<\/p>\n<p style=\"text-align: right;\"><em>Ford\u00edtotta: Gyepes Bogl\u00e1rka<\/em><\/p>\n","protected":false},"excerpt":{"rendered":"<p>Jana Jur\u00e1\u0148ov\u00e1 az ukr\u00e1n\u2013orosz h\u00e1bor\u00fa kezdete \u00f3ta eltelt egy \u00e9vre reflekt\u00e1l\u00f3 sz\u00f6veg\u00e9t szeml\u00e9zz\u00fck. *** &nbsp; Az orosz inv\u00e1zi\u00f3 h\u00edr\u00e9r\u0151l tavaly febru\u00e1r 24-\u00e9n m\u00e1r reggel az \u00e1gyban \u00e9rtes\u00fcltem a telefonomb\u00f3l, majd bekapcsoltam a t\u00e9v\u00e9t, elmondtam a csal\u00e1domnak, \u00e9s s\u00edrva fakadtam. Sz\u00e1mtalanszor s\u00edrtam emiatt, legk\u00f6zelebb n\u00e9h\u00e1ny nappal k\u00e9s\u0151bb a Pozsonyi Zenem\u0171v\u00e9szeti F\u0151iskola di\u00e1kjainak koncertj\u00e9n, amikor a zenekar [&hellip;]<\/p>\n","protected":false},"author":30,"featured_media":4289,"comment_status":"closed","ping_status":"closed","sticky":false,"template":"","format":"standard","meta":{"footnotes":""},"categories":[40],"tags":[81,51],"class_list":["post-4287","post","type-post","status-publish","format-standard","has-post-thumbnail","hentry","category-nagyvilag","tag-haboru","tag-politika"],"_links":{"self":[{"href":"https:\/\/phoenix-ngo.sk\/magazin\/wp-json\/wp\/v2\/posts\/4287","targetHints":{"allow":["GET"]}}],"collection":[{"href":"https:\/\/phoenix-ngo.sk\/magazin\/wp-json\/wp\/v2\/posts"}],"about":[{"href":"https:\/\/phoenix-ngo.sk\/magazin\/wp-json\/wp\/v2\/types\/post"}],"author":[{"embeddable":true,"href":"https:\/\/phoenix-ngo.sk\/magazin\/wp-json\/wp\/v2\/users\/30"}],"replies":[{"embeddable":true,"href":"https:\/\/phoenix-ngo.sk\/magazin\/wp-json\/wp\/v2\/comments?post=4287"}],"version-history":[{"count":1,"href":"https:\/\/phoenix-ngo.sk\/magazin\/wp-json\/wp\/v2\/posts\/4287\/revisions"}],"predecessor-version":[{"id":4290,"href":"https:\/\/phoenix-ngo.sk\/magazin\/wp-json\/wp\/v2\/posts\/4287\/revisions\/4290"}],"wp:featuredmedia":[{"embeddable":true,"href":"https:\/\/phoenix-ngo.sk\/magazin\/wp-json\/wp\/v2\/media\/4289"}],"wp:attachment":[{"href":"https:\/\/phoenix-ngo.sk\/magazin\/wp-json\/wp\/v2\/media?parent=4287"}],"wp:term":[{"taxonomy":"category","embeddable":true,"href":"https:\/\/phoenix-ngo.sk\/magazin\/wp-json\/wp\/v2\/categories?post=4287"},{"taxonomy":"post_tag","embeddable":true,"href":"https:\/\/phoenix-ngo.sk\/magazin\/wp-json\/wp\/v2\/tags?post=4287"}],"curies":[{"name":"wp","href":"https:\/\/api.w.org\/{rel}","templated":true}]}}