{"id":4291,"date":"2024-03-01T18:00:28","date_gmt":"2024-03-01T17:00:28","guid":{"rendered":"https:\/\/phoenix-ngo.sk\/?p=4291"},"modified":"2024-04-20T21:07:21","modified_gmt":"2024-04-20T20:07:21","slug":"halsey-versek","status":"publish","type":"post","link":"https:\/\/phoenix-ngo.sk\/magazin\/blog\/2024\/03\/01\/halsey-versek\/","title":{"rendered":"HALSEY: Versek"},"content":{"rendered":"<h2>A FEST\u0150<\/h2>\n<p>A nagyn\u00e9nimnek volt egy b\u00e9rl\u0151je,<br \/>\naki egy emelettel lakott felette.<br \/>\nK\u00f6v\u00e9r v\u00f6r\u00f6s arca, vastag szem\u00f6ld\u00f6ke<br \/>\n\u00e9s olyan \u00e9les akcentusa volt, mint a sz\u00e1lka.<br \/>\nPointillista fest\u0151 volt,<br \/>\naki Fuji alma piros orc\u00e1j\u00fa, g\u00f6dr\u00f6csk\u00e9s kerubfi\u00fakat<br \/>\nfestett borosty\u00e1nlev\u00e9llel<br \/>\na l\u00e1buk k\u00f6z\u00f6tt.<br \/>\n\u00d3r\u00e1kat \u00f6lt a babab\u0151r\u00fck \u00e9s a babav\u00e9gtagjaik minden egyes<br \/>\napr\u00f3 r\u00e9szlet\u00e9be, t\u00f6k\u00e9letess\u00e9gre t\u00f6rekedett.<br \/>\nA nagyn\u00e9nimn\u00e9l is ki volt akasztva egy festm\u00e9nye. Gyakran<br \/>\nb\u00e1multam.<br \/>\nN\u00e9ha a fest\u0151 tehets\u00e9g\u00e9t\u0151l leny\u0171g\u00f6zve \u00fcltem a festm\u00e9ny el\u0151tt,<br \/>\nn\u00e9ha meg a mellkasomban kavarg\u00f3 mozdulatlans\u00e1gt\u00f3l,<br \/>\nmintha valami tiltott dolgot k\u00e9mleln\u00e9k.<br \/>\nGyakran \u00e1br\u00e1ndoztam a m\u0171term\u00e9r\u0151l.<br \/>\nAmikor az ajtaja t\u00e1rva \u00e1llt, olajfest\u00e9kek,<br \/>\nterpentin \u00e9s dr\u00e1ga tustollak illata k\u00faszott le<br \/>\naz emeletr\u0151l.<br \/>\nA forr\u00f3 ny\u00e1ri napokon ujjatlanban \u00e9s r\u00f6vidnadr\u00e1gban hever\u00e9sztem,<br \/>\nfeszes f\u00fcrtjeim \u00f6sszegubancol\u00f3dtak ak\u00e1r a kirojtosodott sz\u0151nyeg sz\u00e9lei<br \/>\nmos\u00e1s ut\u00e1n.<br \/>\nSz\u00e9tterpeszkedtem a sz\u0151nyegen olcs\u00f3 pasztellkr\u00e9t\u00e1immal meg<br \/>\na f\u00e9nym\u00e1sol\u00f3pap\u00edrommal, \u00e9s l\u00e1nyokat rajzoltam.<br \/>\nF\u0151leg t\u00fcnd\u00e9reket.<br \/>\nMezteleneket \u00e9s szepl\u0151seket, hossz\u00fa egyenes lebeg\u0151 hajjal.<br \/>\nAzt rajzoltam le, ami lenni akartam, \u00e9s ami tiltott volt sz\u00e1momra.<br \/>\nVajon minden m\u0171v\u00e9sz ugyanezt teszi?<br \/>\nOtt fek\u00fcdtem, \u00e9s a m\u0171terme illata<br \/>\nkisz\u00f6k\u00f6tt az ajt\u00f3 alatti r\u00e9sen kereszt\u00fcl, ahol t\u00e9len<br \/>\nbej\u00e1r a huzat.<br \/>\nNem mehettem a fest\u0151 m\u0171term\u00e9be.<br \/>\nAz \u00e1lmomt\u00f3l egy s\u00f6t\u00e9t l\u00e9pcs\u0151h\u00e1z v\u00e1lasztott el, amely<br \/>\nfeled\u00e9sbe veszett ak\u00e1rcsak egy r\u00e9m\u00e1lom, amelyben nem tudsz moccanni.<br \/>\nA legid\u0151sebb unokatestv\u00e9rem szigor\u00faan megtiltotta, hogy bel\u00e9pjek a s\u00f6t\u00e9t \u0171rbe.<br \/>\nSoha nem l\u00e1ttam \u0151t a fest\u0151 szem\u00e9be n\u00e9zni.<br \/>\nA m\u0171terembe vezet\u0151 l\u00e9pcs\u0151h\u00e1z \u00fagy derengett, mint egy idegen a<br \/>\nmetr\u00f3\u00e1llom\u00e1son.<br \/>\nAzt hittem, ha egyszer\u0171en \u00e1tl\u00e9pem a t\u00e1tong\u00f3 hasad\u00e9kot,<br \/>\nbel\u0151lem is igazi m\u0171v\u00e9sz v\u00e1lik.<br \/>\nA csal\u00e1dom veszekedett a fest\u0151 miatt.<br \/>\nA vend\u00e9gszob\u00e1ban az asztal al\u00e1 b\u00fajtam, mik\u00f6zben d\u00fch\u00f6s hangok<br \/>\n\u00e1rny\u00e9kalakot \u00f6lt\u00f6ttek, \u00e9s visszaver\u0151dtek a konyha<br \/>\ncsemp\u00e9j\u00e9r\u0151l. Elhangzott n\u00e9h\u00e1ny idegen neve.<br \/>\nA fest\u0151r\u0151l nem tudtunk sokat.<br \/>\nDe tudtuk, hogy van 3 gyermeke.<br \/>\nEgy id\u0151sebb l\u00e1nya, Rebecca, aki heroinf\u00fcgg\u0151k\u00e9nt<br \/>\nsz\u00fcletett, \u00e9s akinek s\u00f3v\u00e1rg\u00e1s j\u00e1rta \u00e1t az ereit,<br \/>\ns emiatt k\u00e9ptelen volt felismerni, mit\u0151l van megfosztva. T\u00fal fiatal volt<br \/>\nahhoz, hogy meg\u00e9rtse, mi\u00e9rt van szab\u00e1lytalanul f\u00e1j\u00f3 seb a sz\u00edv\u00e9ben.<br \/>\nTudtuk, hogy a m\u00e1sik k\u00e9t gyereke nagyj\u00e1b\u00f3l velem egyid\u0151s.<br \/>\nDe \u0151k sosem l\u00e1togatt\u00e1k meg.<br \/>\nEgy nap egyed\u00fcl j\u00e1tszottam az udvaron.<br \/>\nKavicsokat rugdostam, fel-al\u00e1 j\u00e1rk\u00e1ltam a t\u00f6r\u00f6tt kos\u00e1rpal\u00e1nk<br \/>\n\u00e9s a ker\u00edt\u00e9s k\u00f6z\u00f6tt, ami elv\u00e1lasztotta a nagyn\u00e9nim zs\u00e1kutc\u00e1j\u00e1t<br \/>\negy haszn\u00e1ltaut\u00f3-keresked\u00e9st\u0151l, amikor odaki\u00e1ltott nekem a tet\u0151r\u0151l.<br \/>\nVan\u00edliafagylalt-sz\u00edn\u0171 nadr\u00e1got viselt, amit tal\u00e1lomra<br \/>\nsz\u00ednfoltok bor\u00edtottak, kez\u00e9ben 2 koszos poh\u00e1r<br \/>\njegeste\u00e1t tartott, \u00e9s felh\u00edvott mag\u00e1hoz.<br \/>\n\u00cdgy h\u00e1t gyerek gyan\u00e1nt, aki sz\u00e1m\u00e1ra addig ismeretlen<br \/>\nterepet fedezhet fel,<br \/>\nelfogadtam a megh\u00edv\u00e1st, \u00e9s elindultam felfel\u00e9 a l\u00e9pcs\u0151n.<br \/>\nMajd most, gondoltam.<br \/>\nBerontok az ajt\u00f3n, v\u00e9gig h\u00fazom az ujjam hegy\u00e9t a f\u00e9nyes<br \/>\nolajfest\u00e9k tubusokon, az ecset sz\u00e1lai sz\u00e9tv\u00e1lnak \u00e9s legyez\u0151szer\u0171en<br \/>\nsz\u00e9tt\u00e1rulnak a tenyeremben, majd most megfejtem hogyan<br \/>\nv\u00e1lhat bel\u0151lem is olyan igazi m\u0171v\u00e9sz. Mint a fest\u0151b\u0151l.<br \/>\nDe a m\u0171v\u00e9szek szeretik a sz\u00e1mukra tiltott dolgokat, a t\u00e9ny, mit<br \/>\nt\u00fal fiatalon, t\u00fal kor\u00e1n tanultam meg.<br \/>\nNem eml\u00e9kszek arra, hogy a m\u0171term\u00e9ben j\u00e1rtam.<br \/>\n\u00dcres kazetta az eml\u00e9kezetemben. Csak az r\u00e9mlik, hogy \u00fagy j\u00f6ttem<br \/>\nle a l\u00e9pcs\u0151n, mintha v\u00e1lt\u00f3fut\u00e1s k\u00f6zben k\u00e9t l\u00e1bam k\u00f6z\u00f6tt<br \/>\nkos\u00e1rlabd\u00e1t tartan\u00e9k \u00e9s \u00fagy k\u00fasztam vissza a nagyn\u00e9nim sz\u0151nyeg\u00e9re<br \/>\na sarokba, mint egy haldokl\u00f3 kutya, aki nem akarja, hogy b\u00e1rki megl\u00e1ssa.<br \/>\n\u00c9vekkel k\u00e9s\u0151bb, amikor 15 \u00e9ves voltam a kar\u00e1csonyi sz\u00fcnetben l\u00e1ttam \u00fajra,<br \/>\nlej\u00f6tt a nagyn\u00e9nimhez, hogy sonk\u00e1t \u00e9s hideg<br \/>\nkrumplip\u00fcr\u00e9t k\u00e9sz\u00edtsen.<br \/>\nA nagyn\u00e9nim kedves asszony volt, mindig felaj\u00e1nlotta neki az \u00e9telmarad\u00e9kait.<br \/>\nA legid\u0151sebb unokab\u00e1ty\u00e1m a szoba t\u00faloldal\u00e1n \u00fclt egy karossz\u00e9kben. Figyeltem,<br \/>\nahogy a szem\u00e9vel k\u00f6veti a fest\u0151t a mikr\u00f3hoz.<br \/>\nL\u00e1ttam a szem\u00e9ben a l\u00e9pcs\u0151h\u00e1z s\u00f6t\u00e9ts\u00e9g\u00e9t \u00e9s egy kit\u00f6r\u00f6lt<br \/>\neml\u00e9k \u00fcress\u00e9g\u00e9t. Ugyanaz a keresztbe tett k\u00e9z, fagyos tekintet,<br \/>\namit a fest\u0151re vetettem, amikor h\u00e1ttal \u00e1llt nekem.<br \/>\nSok k\u00f6z\u00f6s volt az unokab\u00e1ty\u00e1mban \u00e9s bennem.<br \/>\nUgyanaz a r\u00e1ncolt szem\u00f6ld\u00f6k, lobban\u00e9kony temperamentum, b\u00e1jos \u00ednyes<br \/>\nmosoly \u00e9s viszolyg\u00e1s az \u00e9rint\u00e9st\u0151l.<br \/>\nMindezekb\u0151l v\u00e9gre l\u00e1ttam a k\u00fcl\u00f6nbs\u00e9get<br \/>\naz \u00f6r\u00f6k\u00f6lt \u00e9s az elsaj\u00e1t\u00edtott hasonl\u00f3s\u00e1gok k\u00f6z\u00f6tt.<br \/>\nTudtam, hogy az unokab\u00e1ty\u00e1m felment ugyanazokon a l\u00e9pcs\u0151k\u00f6n, \u00e9rezte<br \/>\naz olajok illat\u00e1t, meg\u00e9rintette az ecseteket, \u00e9s most mindketten egy r\u00e9gi<br \/>\nsz\u0151nyegen \u00fcl\u00fcnk, \u00e9s \u00e1tkozzuk ugyanazt a dolgot, amit\u0151l a fest\u0151 megfosztott minket.<br \/>\nFeln\u00e9ztem a falra, a nagyn\u00e9nim fal\u00e1n m\u00e9g mindig \u00fcvegkeret m\u00f6g\u00f6tt fogva tartott, apr\u00f3<br \/>\np\u00f6tty\u00f6kb\u0151l festett meztelen p\u00f6tt\u00f6m kisfi\u00fara,<br \/>\n\u00e9s azon t\u0171n\u0151dtem, vajon a fest\u0151 \u0151t is ugyanatt\u00f3l a dologt\u00f3l fosztotta-e meg, mint minket.<\/p>\n<p>&nbsp;<\/p>\n<p><img fetchpriority=\"high\" decoding=\"async\" class=\"wp-image-4292 aligncenter\" src=\"https:\/\/phoenix-ngo.sk\/magazin\/wp-content\/uploads\/2024\/04\/halsey-201x300.jpg\" alt=\"\" width=\"986\" height=\"1472\" srcset=\"https:\/\/phoenix-ngo.sk\/magazin\/wp-content\/uploads\/2024\/04\/halsey-201x300.jpg 201w, https:\/\/phoenix-ngo.sk\/magazin\/wp-content\/uploads\/2024\/04\/halsey-685x1024.jpg 685w, https:\/\/phoenix-ngo.sk\/magazin\/wp-content\/uploads\/2024\/04\/halsey-768x1148.jpg 768w, https:\/\/phoenix-ngo.sk\/magazin\/wp-content\/uploads\/2024\/04\/halsey-221x330.jpg 221w, https:\/\/phoenix-ngo.sk\/magazin\/wp-content\/uploads\/2024\/04\/halsey-120x180.jpg 120w\" sizes=\"(max-width: 986px) 100vw, 986px\" \/><\/p>\n<h2><\/h2>\n<h2>NY\u00c1RI GY\u00dcM\u00d6LCS<\/h2>\n<p>Tavaszokat \u00e9s nyarakat t\u00f6lt\u00f6ttem<br \/>\ngyerekk\u00e9nt<br \/>\ng\u00f6r\u00f6gdinnye-ev\u00e9ssel.<\/p>\n<p>Chelsea mosoly k\u00faszott az arcomra,<br \/>\nmik\u00f6zben a maggal teli \u00e9des<br \/>\ngy\u00fcm\u00f6lcs\u00f6t majszoltam.<\/p>\n<p>\u00c9desany\u00e1m figyelmeztetett<br \/>\nha lenyelem a magot<br \/>\na pocakomban ragad<br \/>\n\u00e9s g\u00f6r\u00f6gdinnye n\u0151 bel\u0151le.<br \/>\nA hasam kit\u00e1gul,<br \/>\nm\u00edgnem l\u00e1ngra kapok.<br \/>\nElsz\u00f6rnyedve<br \/>\nk\u00f6ptem \u0151ket ki.<\/p>\n<p>Egy tavaszon \u00e9s egy ny\u00e1ron kereszt\u00fcl<br \/>\nettem a gy\u00fcm\u00f6lcs\u00f6t<br \/>\naz ajkad h\u00fas\u00e1r\u00f3l.<br \/>\nM\u00e9z\u00e9des kerek halmok,<br \/>\nkem\u00e9nyek, ak\u00e1r a r\u00f3zsasz\u00edn cukor.<br \/>\nHat\u00e1rozott k\u00e9zzel<br \/>\nmarkoltad az arcomat,<br \/>\nnyitva tartva a sz\u00e1mat.<\/p>\n<p>Hogy magokat dobj a pocakomba.<br \/>\nHogy v\u00edrust k\u00f6pj a torkomba<br \/>\namib\u0151l egy hatalmas \u201ete\u201d n\u00f6v\u00e9ny n\u0151tt.<br \/>\nAz \u00e1gai<br \/>\nfelk\u00fasztak a bels\u0151m falain<br \/>\n\u00e9s k\u00f6ny\u00f6r\u00f6gtek<br \/>\nhogy sz\u00e9tfesz\u00edthess\u00e9k a sz\u00e1mat.<br \/>\nOlyakat mondattak velem, amiket nem is akartam.<\/p>\n<p>Az elhal\u00f3 levelek<br \/>\nk\u00e9pzelt szell\u0151ben imbolyognak,<br \/>\nmajd lassan a hasam m\u00e9ly\u00e9re<br \/>\nhullanak,<br \/>\nv\u00e9g\u00fcl f\u00fcls\u00fcket\u00edt\u0151 puffan\u00e1ssal landolnak.<\/p>\n<p>A visszhangok visszaver\u0151dnek a fogaim k\u00f6z\u00f6tt.<\/p>\n<p>\u00c9s eml\u00e9keztetik a nyelvemet, hogy m\u00e1r nincs t\u00f6bb g\u00f6r\u00f6gdinnye.<\/p>\n<p>Csak \u00fcress\u00e9g.<\/p>\n<p>&nbsp;<\/p>\n<p>&nbsp;<\/p>\n<p>&nbsp;<\/p>\n<p style=\"text-align: right;\"><em>A versek forr\u00e1sa: <\/em><br \/>\n<em>I Would Leave Me If I Could: A collection of poetry by Halsey (2020)<\/em><\/p>\n","protected":false},"excerpt":{"rendered":"<p>A FEST\u0150 A nagyn\u00e9nimnek volt egy b\u00e9rl\u0151je, aki egy emelettel lakott felette. K\u00f6v\u00e9r v\u00f6r\u00f6s arca, vastag szem\u00f6ld\u00f6ke \u00e9s olyan \u00e9les akcentusa volt, mint a sz\u00e1lka. Pointillista fest\u0151 volt, aki Fuji alma piros orc\u00e1j\u00fa, g\u00f6dr\u00f6csk\u00e9s kerubfi\u00fakat festett borosty\u00e1nlev\u00e9llel a l\u00e1buk k\u00f6z\u00f6tt. \u00d3r\u00e1kat \u00f6lt a babab\u0151r\u00fck \u00e9s a babav\u00e9gtagjaik minden egyes apr\u00f3 r\u00e9szlet\u00e9be, t\u00f6k\u00e9letess\u00e9gre t\u00f6rekedett. A nagyn\u00e9nimn\u00e9l [&hellip;]<\/p>\n","protected":false},"author":12,"featured_media":4293,"comment_status":"closed","ping_status":"closed","sticky":false,"template":"","format":"standard","meta":{"footnotes":""},"categories":[43],"tags":[46],"class_list":["post-4291","post","type-post","status-publish","format-standard","has-post-thumbnail","hentry","category-irodalom","tag-irodalom"],"_links":{"self":[{"href":"https:\/\/phoenix-ngo.sk\/magazin\/wp-json\/wp\/v2\/posts\/4291","targetHints":{"allow":["GET"]}}],"collection":[{"href":"https:\/\/phoenix-ngo.sk\/magazin\/wp-json\/wp\/v2\/posts"}],"about":[{"href":"https:\/\/phoenix-ngo.sk\/magazin\/wp-json\/wp\/v2\/types\/post"}],"author":[{"embeddable":true,"href":"https:\/\/phoenix-ngo.sk\/magazin\/wp-json\/wp\/v2\/users\/12"}],"replies":[{"embeddable":true,"href":"https:\/\/phoenix-ngo.sk\/magazin\/wp-json\/wp\/v2\/comments?post=4291"}],"version-history":[{"count":1,"href":"https:\/\/phoenix-ngo.sk\/magazin\/wp-json\/wp\/v2\/posts\/4291\/revisions"}],"predecessor-version":[{"id":4294,"href":"https:\/\/phoenix-ngo.sk\/magazin\/wp-json\/wp\/v2\/posts\/4291\/revisions\/4294"}],"wp:featuredmedia":[{"embeddable":true,"href":"https:\/\/phoenix-ngo.sk\/magazin\/wp-json\/wp\/v2\/media\/4293"}],"wp:attachment":[{"href":"https:\/\/phoenix-ngo.sk\/magazin\/wp-json\/wp\/v2\/media?parent=4291"}],"wp:term":[{"taxonomy":"category","embeddable":true,"href":"https:\/\/phoenix-ngo.sk\/magazin\/wp-json\/wp\/v2\/categories?post=4291"},{"taxonomy":"post_tag","embeddable":true,"href":"https:\/\/phoenix-ngo.sk\/magazin\/wp-json\/wp\/v2\/tags?post=4291"}],"curies":[{"name":"wp","href":"https:\/\/api.w.org\/{rel}","templated":true}]}}