{"id":4296,"date":"2024-03-12T10:15:32","date_gmt":"2024-03-12T09:15:32","guid":{"rendered":"https:\/\/phoenix-ngo.sk\/?p=4296"},"modified":"2024-04-20T21:07:52","modified_gmt":"2024-04-20T20:07:52","slug":"a-kitartott-allur","status":"publish","type":"post","link":"https:\/\/phoenix-ngo.sk\/magazin\/blog\/2024\/03\/12\/a-kitartott-allur\/","title":{"rendered":"A kitartott all\u0171r"},"content":{"rendered":"<p style=\"text-align: center;\"><em>Boy Capel: \u201eMindig eml\u00e9kezz arra, hogy te egy n\u0151 vagy!\u201d<\/em><br \/>\n<em>Coco Chanel: \u201eT\u00fal gyakran elfelejtem!\u201d<\/em><\/p>\n<p>&nbsp;<\/p>\n<p><img fetchpriority=\"high\" decoding=\"async\" class=\"wp-image-4299 aligncenter\" src=\"https:\/\/phoenix-ngo.sk\/magazin\/wp-content\/uploads\/2024\/04\/allur2-215x300.png\" alt=\"\" width=\"824\" height=\"1150\" srcset=\"https:\/\/phoenix-ngo.sk\/magazin\/wp-content\/uploads\/2024\/04\/allur2-215x300.png 215w, https:\/\/phoenix-ngo.sk\/magazin\/wp-content\/uploads\/2024\/04\/allur2-237x330.png 237w, https:\/\/phoenix-ngo.sk\/magazin\/wp-content\/uploads\/2024\/04\/allur2-129x180.png 129w, https:\/\/phoenix-ngo.sk\/magazin\/wp-content\/uploads\/2024\/04\/allur2.png 467w\" sizes=\"(max-width: 824px) 100vw, 824px\" \/><\/p>\n<p>&nbsp;<\/p>\n<p>Coco Chanel a v\u00e9gletek asszonya, a fekete-feh\u00e9r, igen-nem j\u00e1t\u00e9kos komolys\u00e1ga. A n\u0151, aki sosem s\u00edrt, \u00e9lte kre\u00e1lt vil\u00e1g\u00e1t \u00e9s megalkudott a sorssal. A vag\u00e1ny flapper l\u00e1ny, a laza vonal\u00fa modern ruh\u00e1ival, aki mindv\u00e9gig f\u00fcggetlen maradt. A \u201eles gar\u00e7onnes\u201d megteremt\u0151je, a kismell\u0171 n\u0151k \u00e1ldott ruhatervez\u0151je, aki felv\u00e1llalta alkataink egyedis\u00e9g\u00e9t, szembe mert menni a kor divatdikt\u00e1toraival, Paul Poiret-vel, akivel tal\u00e1n az egyetlen, amiben megegyeztek, az Paul Iribe zsenialit\u00e1sa volt (Paul Iribe illusztr\u00e1tor \u00e9s diz\u00e1jner, Chanel szerelme volt 1931 \u00e9s 1935 k\u00f6z\u00f6tt, m\u00edgnem sz\u00edvroham k\u00f6vetezt\u00e9ben meghalt a La Pausa kertj\u00e9ben, teniszj\u00e1tszma k\u00f6zben).<\/p>\n<p>Amikor Chanel szembement a kor eszm\u00e9ivel, amiket f\u00e9rfiak alkottak \u00e9s \u00edrtak el\u0151, \u00e9s kif\u0171zte szoros kapcsaib\u00f3l a n\u0151ket, vajon s\u00edrt-e est\u00e9nk\u00e9nt a f\u00fcrd\u0151szob\u00e1ban mag\u00e1nyosan, f\u00e9lelmeit\u0151l korl\u00e1tozva, vagy egy szerencs\u00e9s korban sz\u00fcletett bels\u0151 kisug\u00e1rz\u00e1s vitte a flow-ban?<\/p>\n<p>Chanel egy \u00f6nt\u00f6rv\u00e9ny\u0171 n\u0151, akinek egyetlen bar\u00e1tja saj\u00e1t maga, akihez \u0151szint\u00e9n sz\u00f3lt, \u00e1larc n\u00e9lk\u00fcl. Feltett sz\u00e1nd\u00e9ka, hogy a gyerekkor n\u00e9lk\u00fcl\u00f6z\u00e9seit b\u00e1rmi \u00e1ron luxusra, b\u0151s\u00e9gre \u00e9s j\u00f3l\u00e9tre cser\u00e9lje. Kifejezetten sz\u00e1m\u00edt\u00f3, pocs\u00e9k \u00fczletasszony, viszont tanult diplomata \u00e9s v\u00e1laszt\u00e9kos t\u00e1rsas\u00e1gbeli n\u0151. \u00d6nmag\u00e1t kereste a f\u00e9rfiakban, azt a fel\u00e9t, ami gyerekkor\u00e1ban elveszett. Szigor\u00fa \u00f6nmag\u00e1hoz, k\u00f6rnyezet\u00e9hez.<\/p>\n<p>1932-ben a Gy\u00e9m\u00e1ntkeresked\u0151k Sz\u00f6vets\u00e9g\u00e9nek felk\u00e9r\u00e9s\u00e9re elk\u00e9sz\u00edtette a \u201eBijoux de Diamants\u201d kollekci\u00f3t, az egyetlen, saj\u00e1t tervez\u00e9s\u0171, val\u00f3di gy\u00e9m\u00e1ntb\u00f3l k\u00e9sz\u00fclt szettet. Az \u00e9kszerek neve nem a min\u0151s\u00e9get jelzi, mert franci\u00e1ul a <em>bijoux<\/em> sz\u00f3 \u00e9kszert jelent. \u00c9s mivel a franci\u00e1nak nincs szava a <em>bizsura,<\/em> a bizsu \u00e9rt\u00e9k\u00e9ben b\u00e1rmi lehet. Ha egy n\u0151 viseli, \u00e9s st\u00edlusosan tudja viselni, akkor a bizsu is \u00e9kszer. Vallja Chanel, a brand, a szem\u00e9lyes m\u00e1rka megteremt\u0151je. \u00c9s mik\u00f6zben havonta levonatozott P\u00e1rizsb\u00f3l a Cote d\u2019Azur-ra, ahol t\u00e1rsas\u00e1gi \u00e9let\u00e9t olyan inspir\u00e1l\u00f3 alkot\u00f3k\u00f6z\u00f6ss\u00e9ggel sz\u00ednes\u00edtette, mint Dal\u00ed, Cocteau, Churchill, Stravinsky, Picasso \u00e9s m\u00e9g sokan m\u00e1sok, a maga \u00e1ltal teremtett k\u00f6zegben \u0151 dikt\u00e1lhatott.<\/p>\n<p>&nbsp;<\/p>\n<p><img decoding=\"async\" class=\" wp-image-4298 aligncenter\" src=\"https:\/\/phoenix-ngo.sk\/magazin\/wp-content\/uploads\/2024\/04\/allur_3-268x300.jpg\" alt=\"\" width=\"817\" height=\"915\" srcset=\"https:\/\/phoenix-ngo.sk\/magazin\/wp-content\/uploads\/2024\/04\/allur_3-268x300.jpg 268w, https:\/\/phoenix-ngo.sk\/magazin\/wp-content\/uploads\/2024\/04\/allur_3-295x330.jpg 295w, https:\/\/phoenix-ngo.sk\/magazin\/wp-content\/uploads\/2024\/04\/allur_3-161x180.jpg 161w, https:\/\/phoenix-ngo.sk\/magazin\/wp-content\/uploads\/2024\/04\/allur_3.jpg 766w\" sizes=\"(max-width: 817px) 100vw, 817px\" \/><\/p>\n<p>&nbsp;<\/p>\n<p>Gabrielle nem az\u00e9rt \u00e9bredt minden nap kora reggel, hogy lenyomja a napi hat-h\u00e9t-t\u00edz kilom\u00e9ter\u00e9t a tengerparton, \u00e9s eddzen az Az\u00far tengerbe ny\u00fal\u00f3, valamelyik szomsz\u00e9d m\u00f3l\u00f3j\u00e1n. Nem az\u00e9rt kelt hajnalban, hogy elolvassa az aktu\u00e1lis h\u00edreket, v\u00e9gigp\u00f6rgesse a kor t\u00e1rsadalmi esem\u00e9nyeinek aznapi t\u00f6rt\u00e9n\u00e9seit. Mert Coco Chanel maga volt a t\u00e1rsadalmi esem\u00e9ny. Coco Chanel az\u00e9rt \u00e9bredt minden reggel kora hajnalban, hogy kifejezze \u00f6nmag\u00e1t \u2013 ruh\u00e1iban, kieg\u00e9sz\u00edt\u0151iben, parf\u00fcmjeiben, sz\u00ednpadi \u00e9s filmes alkot\u00e1saiban. Egy fanatikus, dolgoz\u00f3 n\u0151, a m\u00e9rt\u00e9kletess\u00e9g jegy\u00e9ben, \u00e9ppen csak annyit engedve mag\u00e1b\u00f3l, amivel l\u00e9tre tudott hozni a kor m\u0171v\u00e9szi k\u00f6z\u00f6ss\u00e9geinek k\u00f6z\u00f6s szellemi term\u00e9keib\u0151l egy \u201ebrandet\u201d.<\/p>\n<p>Coco Chanel \u2013 a legenda, az ikon, a d\u00edva. A megk\u00f6zel\u00edthetetlen femme fatale. Vajon sz\u00e1m\u00edt\u00f3 n\u0151 vagy csak egy c\u00e9ltudatos, k\u0151kem\u00e9ny \u00fczletasszony, vagy k\u00e9m, esetleg egy szerelm\u00e9ben megrend\u00fclt kitartott akkord a \u201eszerzetesek l\u00e9pcs\u0151j\u00e9n\u201d?<\/p>\n<p>Reggel a spalett\u00e1s ablakokat kinyitj\u00e1k, Mademoiselle k\u00e9zen fogja Reverdyt, a k\u00f6lt\u0151t, a bar\u00e1tot, p\u00e1r \u00e9vvel k\u00e9s\u0151bb Iribit, kis\u00e9t\u00e1lnak a kertbe, valamelyik citrusfa alatt ny\u00fazz\u00e1k egym\u00e1st, lopj\u00e1k egym\u00e1s \u00f6tleteit, ki az er\u0151sebb (\u00e1ltal\u00e1ban Chanel), az \u00e9p\u00edti bele saj\u00e1t m\u00e1rk\u00e1j\u00e1ba az ihletet. Este sz\u00f3l a dzsessz, Dal\u00ed a sarokban figyeli a k\u00f6z\u00f6ns\u00e9get, folyik az \u00e1nizsp\u00e1linka, v\u00e1gni lehet a f\u00fcst\u00f6t, \u00e9s ebben a k\u00f6dfelh\u0151ben Gabrielle Chanel \u00e1ll a l\u00e9pcs\u0151 tetej\u00e9n, figyel, \u00e9s mint aki j\u00f3l v\u00e9gezte dolg\u00e1t, nyugov\u00f3ra t\u00e9r, hogy m\u00e1snap kora reggel frissen, energikusan belev\u00e1gjon egy \u00faj lehet\u0151s\u00e9gbe. Vagy tov\u00e1bb utazzon P\u00e1rizsba, ahol egy teljesen m\u00e1s mili\u0151 v\u00e1rja a 21 rue Cambon-on. A la Pausa a Cote d\u2019Azur-on az egyszer\u0171s\u00e9g, a minimalizmus, a modern. P\u00e1rizs a csillog\u00e1s, az antik, a pazar. Coco Chanel pedig, aki az\u00f3ta ism\u00e9t ink\u00e1bb Gabrielle \u2013 a Chanel-h\u00e1z \u00faj kommunik\u00e1ci\u00f3ja alapj\u00e1n \u2013, az \u00f6nmegval\u00f3s\u00edt\u00e1s nagyasszonya, b\u00e1rmi \u00e1ron.<\/p>\n<p>&nbsp;<\/p>\n","protected":false},"excerpt":{"rendered":"<p>Boy Capel: \u201eMindig eml\u00e9kezz arra, hogy te egy n\u0151 vagy!\u201d Coco Chanel: \u201eT\u00fal gyakran elfelejtem!\u201d &nbsp; &nbsp; Coco Chanel a v\u00e9gletek asszonya, a fekete-feh\u00e9r, igen-nem j\u00e1t\u00e9kos komolys\u00e1ga. A n\u0151, aki sosem s\u00edrt, \u00e9lte kre\u00e1lt vil\u00e1g\u00e1t \u00e9s megalkudott a sorssal. A vag\u00e1ny flapper l\u00e1ny, a laza vonal\u00fa modern ruh\u00e1ival, aki mindv\u00e9gig f\u00fcggetlen maradt. A \u201eles gar\u00e7onnes\u201d [&hellip;]<\/p>\n","protected":false},"author":11,"featured_media":4297,"comment_status":"closed","ping_status":"closed","sticky":false,"template":"","format":"standard","meta":{"footnotes":""},"categories":[42],"tags":[60,67,50],"class_list":["post-4296","post","type-post","status-publish","format-standard","has-post-thumbnail","hentry","category-konnyed","tag-karrier","tag-muveszet","tag-szerepvallalas"],"_links":{"self":[{"href":"https:\/\/phoenix-ngo.sk\/magazin\/wp-json\/wp\/v2\/posts\/4296","targetHints":{"allow":["GET"]}}],"collection":[{"href":"https:\/\/phoenix-ngo.sk\/magazin\/wp-json\/wp\/v2\/posts"}],"about":[{"href":"https:\/\/phoenix-ngo.sk\/magazin\/wp-json\/wp\/v2\/types\/post"}],"author":[{"embeddable":true,"href":"https:\/\/phoenix-ngo.sk\/magazin\/wp-json\/wp\/v2\/users\/11"}],"replies":[{"embeddable":true,"href":"https:\/\/phoenix-ngo.sk\/magazin\/wp-json\/wp\/v2\/comments?post=4296"}],"version-history":[{"count":1,"href":"https:\/\/phoenix-ngo.sk\/magazin\/wp-json\/wp\/v2\/posts\/4296\/revisions"}],"predecessor-version":[{"id":4300,"href":"https:\/\/phoenix-ngo.sk\/magazin\/wp-json\/wp\/v2\/posts\/4296\/revisions\/4300"}],"wp:featuredmedia":[{"embeddable":true,"href":"https:\/\/phoenix-ngo.sk\/magazin\/wp-json\/wp\/v2\/media\/4297"}],"wp:attachment":[{"href":"https:\/\/phoenix-ngo.sk\/magazin\/wp-json\/wp\/v2\/media?parent=4296"}],"wp:term":[{"taxonomy":"category","embeddable":true,"href":"https:\/\/phoenix-ngo.sk\/magazin\/wp-json\/wp\/v2\/categories?post=4296"},{"taxonomy":"post_tag","embeddable":true,"href":"https:\/\/phoenix-ngo.sk\/magazin\/wp-json\/wp\/v2\/tags?post=4296"}],"curies":[{"name":"wp","href":"https:\/\/api.w.org\/{rel}","templated":true}]}}