{"id":4342,"date":"2024-04-23T20:00:02","date_gmt":"2024-04-23T19:00:02","guid":{"rendered":"https:\/\/phoenix-ngo.sk\/?p=4342"},"modified":"2024-04-23T22:17:58","modified_gmt":"2024-04-23T21:17:58","slug":"rajczi-adriana-a-konyv","status":"publish","type":"post","link":"https:\/\/phoenix-ngo.sk\/magazin\/blog\/2024\/04\/23\/rajczi-adriana-a-konyv\/","title":{"rendered":"Rajczi Adriana: A k\u00f6nyv"},"content":{"rendered":"<p><em>Kicsi, nagy, vastag, kem\u00e9ny bor\u00edt\u00e1s\u00fa, puha, olcs\u00f3, k\u00e9pes, reg\u00e9ny, sz\u00e9pirodalom, ponyva, \u00fatik\u00f6nyv.<\/em> Most \u00edgy hirtelen ennyi. <em>Szakk\u00f6nyv,<\/em> majdnem elfelejtettem. Mert ezt a fajt\u00e1t minden nap haszn\u00e1lom. Nekem ez az inspir\u00e1l\u00f3, k\u00e9pzeletet megmozgat\u00f3 k\u00f6nyv. Egyszerre hat-h\u00e9t olvasm\u00e1ny van az \u00e1gyam mellett, a f\u00fcrd\u0151szob\u00e1ban, a napoz\u00f3teraszon, a konyh\u00e1ban (ez az! <em>Szak\u00e1csk\u00f6nyv!<\/em> Ezt is elfelejtettem), a t\u00e1sk\u00e1mban, az \u00edr\u00f3asztalomon. \u00c9s mire a reggeli rutint\u00f3l az esti napnyugt\u00e1ig folyamatosan olvasok, dinamikus \u00e9letem folyamatos \u00e9rzelmi frekvenci\u00e1kon mozog a k\u00f6nyv hangulat\u00e1nak megfelel\u0151en (ezt majd egyszer meg\u00edrom az <em>\u00f6n\u00e9letrajzomban,<\/em> hogy mennyire meghat\u00e1rozza \u00e9letemet, amit olvasok). \u00c9vente egyszer programk\u00e9nt szagolom \u00e9s az illat\u00e1r\u00f3l felismerem, k\u00e9tszer megn\u00e9zem a felvonultatott k\u00edn\u00e1latot a fesztiv\u00e1lokon, \u00e9vente legal\u00e1bb k\u00e9t \u00e9p\u00fcletben el\u0151fizetem tags\u00e1gomat a vil\u00e1g k\u00fcl\u00f6nb\u00f6z\u0151 pontjain \u00e9s <em>katal\u00f3gusb\u00f3l<\/em> v\u00e1logatom a legfrissebb kiadv\u00e1nyokat, hogy kik\u00f6lcs\u00f6n\u00f6zhessem \u0151ket. Van k\u00e1rty\u00e1m \u00e1ruh\u00e1zakban, hogy h\u0171s\u00e9gpontokat \u00e9rdemeljek ki <em>versesk\u00f6tetekre<\/em>. Ny\u00e1lazom, sark\u00e1t behajtom, al\u00e1h\u00fazom tollal \u00e9s ceruz\u00e1val, belefirk\u00e1lok, belehelyezek cetliket, k\u00f6nyvjelz\u0151ket, k\u00e9peslapokat, csokipap\u00edr eml\u00e9keket, rep\u00fcl\u0151jegyeket, besz\u00e1ll\u00f3k\u00e1rty\u00e1kat, fogv\u00e1j\u00f3t, sz\u00e1r\u00edtott vir\u00e1got, tollat, ceruz\u00e1t, t\u00f6megk\u00f6zleked\u00e9si jegyet.<\/p>\n<p>Szeretem a nagyobb bet\u0171s oldalakat, a k\u00f6rnyezetbar\u00e1t pap\u00edrokat, a j\u00f3l tagolt fejezeteket, \u00e9s amikor \u00e9pp \u00fagy z\u00e1rja le az \u00edr\u00f3 a r\u00e9szt, hogy k\u00e9nyszert \u00e9rezzek a tov\u00e1bb olvas\u00e1sra. \u00cdgy v\u00e1lik a k\u00f6nyv letehetetlenn\u00e9. Kedvenc form\u00e1tumom az A5, \u00e9s cipeltem m\u00e1r nagy k\u00e9pes albumokat is, de m\u00e1r egy ideje itthon hagyom \u0151ket. A k\u00e9pesk\u00f6nyvek felvid\u00edtanak, f\u0151leg, ha sz\u00ednesek. A fekete-feh\u00e9r <em>albumnak<\/em> tisztelete van.<\/p>\n<p>Van egy<em> bibli\u00e1m,<\/em> de olyan v\u00e9kony a lapja, hogy f\u00e9lek lapozni.<\/p>\n<p>N\u00e9ha elkap a telhetetlens\u00e9g. Olyankor fogalmam sincs melyik k\u00f6nyvet tegyem magam\u00e9v\u00e1. \u00c9s ebbe a v\u00e1laszt\u00e1si miz\u00e9ri\u00e1ba bele szoktam mer\u00fclni. \u00c1llok a k\u00f6nyvt\u00e1ram f\u00f6l\u00f6tt, keresem a hangulatomhoz legmegfelel\u0151bbet. Olyan sok\u00e1ig \u00e1llok a polcok el\u0151tt, hogy este lesz. Ezek szerint nincs hangulatom. N\u00e9ha napokig nincs, azt\u00e1n hat\u00e1rozok, megragadom az els\u0151 f\u00e9lbehagyott<em> krimit,<\/em> \u00e9s megfogadom magamban, hogy addig nem \u00e1llok f\u00f6l, am\u00edg be nem fejeztem. Ilyenkor szinte felfalom a k\u00f6nyvet, \u00e9s a v\u00e9g\u00e9n csal\u00f3dott vagyok, hogy v\u00e9ge. Tal\u00e1n ez\u00e9rt nem szeretek befejezni semmit. Mert a v\u00e9g\u00e9n ottmaradok a t\u00f6rt\u00e9netben egyed\u00fcl. Szerepl\u0151im ki\u00edr\u00f3dnak, a t\u00f6rt\u00e9net megold\u00f3ik vagy nem, \u00e9n meg feldolgoz\u00e1sra v\u00e1rva nyitva hagyom a lapokat.<\/p>\n<p>A reggel az m\u00e1s. A reggelekhez megvannak az \u00e9breszt\u0151 k\u00f6nyveim. Amikben ak\u00e1r egy mondat is kiugraszt az \u00e1gyb\u00f3l. A reggeli olvas\u00e1s gyerekkorom \u00f3ta megszok\u00e1somm\u00e1 v\u00e1lt, azzal a k\u00fcl\u00f6nbs\u00e9ggel, hogy r\u00e9gen <em>mesek\u00f6nyveket<\/em> olvastam, mostan\u00e1ban amerikai szerz\u0151k <em>motiv\u00e1ci\u00f3s k\u00f6nyveit<\/em> olvasom, hogy kell\u0151k\u00e9ppen ki tudjak pattanni az \u00e1gyb\u00f3l, \u00e9s siethessek dolgomra. Este nem tudok teljes k\u00e9jjel belemer\u00fclni m\u00e1s gondolataiba. Mert elalszom. \u00c9s este nem j\u00f3 kiugraszt\u00f3 k\u00f6nyvet olvasni, mert akkor aludni kell. Az\u00e9rt olvasok reggel. Hogy kiugorhassak az \u00e1gyb\u00f3l, \u00e9s mehessek a dolgomra.<\/p>\n<p>Este odak\u00e9sz\u00edtem a<em> romantikus k\u00f6nyvet<\/em> a fejem mell\u00e9, kinyitom, majd p\u00e1r perc m\u00falva f\u00e9l\u00e1lomban \u00f3vatosan a p\u00e1rn\u00e1m al\u00e1 cs\u00fasztatom. \u00cdgy aludtam vizsg\u00e1k el\u0151tt is, mert valaki kital\u00e1lta, hogy \u00e9jszaka bemegy a fej\u00fcnkbe a tud\u00e1s a <em>tank\u00f6nyvekb\u0151l<\/em>. Ebben most m\u00e1r nem hiszek, a rutin viszont megmaradt.<\/p>\n<p>Valamelyik nap a kezemben tartottam egy ezerhatsz\u00e1zas kiad\u00e1s\u00fa <em>k\u00f3dexet<\/em>. Pici volt \u00e9s nagyon vastag, latinul \u00edr\u00f3dott. A gazd\u00e1ja egy lomtalan\u00edt\u00e1s alatt tal\u00e1lta. M\u00e1zlista.<\/p>\n<p>Az egyik k\u00f6nyv vonzza a m\u00e1sikat. Ha van egy latin k\u00f6nyv\u00fcnk, kell hozz\u00e1 egy latin<em> nyelvk\u00f6nyv<\/em>. Ha van egy tank\u00f6nyvem, kell hozz\u00e1 egy <em>munkaf\u00fczet<\/em> is. Ha van egy els\u0151 r\u00e9szem, kell hozz\u00e1 a m\u00e1sodik. N\u00e1lam egym\u00e1s mellett sorakozik egy<em> horgol\u00e1si k\u00e9zik\u00f6nyv,<\/em> h\u00e1rom <em>sz\u00f3t\u00e1r<\/em> \u00e9s a Romanovokr\u00f3l egy vastag k\u00f6nyv, majd az Orsz\u00e1gh L\u00e1szl\u00f3, egy Larousse \u00e9s egy oxfordi sz\u00f3t\u00e1r. Ez a vastag sorom. Legalul. Enn\u00e9l lejjebb lenn\u00e9nek az albumok, de elf\u00e9rnek egym\u00e1s mellett a t\u00f6bbivel.<\/p>\n<p>\u00c9s legfel\u00fcl vannak a legk\u00f6nnyebbek, a Pillang\u00f3 zsebk\u00f6nyvek.<\/p>\n<p>&nbsp;<\/p>\n","protected":false},"excerpt":{"rendered":"<p>Kicsi, nagy, vastag, kem\u00e9ny bor\u00edt\u00e1s\u00fa, puha, olcs\u00f3, k\u00e9pes, reg\u00e9ny, sz\u00e9pirodalom, ponyva, \u00fatik\u00f6nyv. Most \u00edgy hirtelen ennyi. Szakk\u00f6nyv, majdnem elfelejtettem. Mert ezt a fajt\u00e1t minden nap haszn\u00e1lom. Nekem ez az inspir\u00e1l\u00f3, k\u00e9pzeletet megmozgat\u00f3 k\u00f6nyv. Egyszerre hat-h\u00e9t olvasm\u00e1ny van az \u00e1gyam mellett, a f\u00fcrd\u0151szob\u00e1ban, a napoz\u00f3teraszon, a konyh\u00e1ban (ez az! Szak\u00e1csk\u00f6nyv! Ezt is elfelejtettem), a t\u00e1sk\u00e1mban, az [&hellip;]<\/p>\n","protected":false},"author":11,"featured_media":4343,"comment_status":"closed","ping_status":"closed","sticky":false,"template":"","format":"standard","meta":{"footnotes":""},"categories":[43],"tags":[46],"class_list":["post-4342","post","type-post","status-publish","format-standard","has-post-thumbnail","hentry","category-irodalom","tag-irodalom"],"_links":{"self":[{"href":"https:\/\/phoenix-ngo.sk\/magazin\/wp-json\/wp\/v2\/posts\/4342","targetHints":{"allow":["GET"]}}],"collection":[{"href":"https:\/\/phoenix-ngo.sk\/magazin\/wp-json\/wp\/v2\/posts"}],"about":[{"href":"https:\/\/phoenix-ngo.sk\/magazin\/wp-json\/wp\/v2\/types\/post"}],"author":[{"embeddable":true,"href":"https:\/\/phoenix-ngo.sk\/magazin\/wp-json\/wp\/v2\/users\/11"}],"replies":[{"embeddable":true,"href":"https:\/\/phoenix-ngo.sk\/magazin\/wp-json\/wp\/v2\/comments?post=4342"}],"version-history":[{"count":1,"href":"https:\/\/phoenix-ngo.sk\/magazin\/wp-json\/wp\/v2\/posts\/4342\/revisions"}],"predecessor-version":[{"id":4344,"href":"https:\/\/phoenix-ngo.sk\/magazin\/wp-json\/wp\/v2\/posts\/4342\/revisions\/4344"}],"wp:featuredmedia":[{"embeddable":true,"href":"https:\/\/phoenix-ngo.sk\/magazin\/wp-json\/wp\/v2\/media\/4343"}],"wp:attachment":[{"href":"https:\/\/phoenix-ngo.sk\/magazin\/wp-json\/wp\/v2\/media?parent=4342"}],"wp:term":[{"taxonomy":"category","embeddable":true,"href":"https:\/\/phoenix-ngo.sk\/magazin\/wp-json\/wp\/v2\/categories?post=4342"},{"taxonomy":"post_tag","embeddable":true,"href":"https:\/\/phoenix-ngo.sk\/magazin\/wp-json\/wp\/v2\/tags?post=4342"}],"curies":[{"name":"wp","href":"https:\/\/api.w.org\/{rel}","templated":true}]}}