{"id":4349,"date":"2024-05-07T10:00:07","date_gmt":"2024-05-07T09:00:07","guid":{"rendered":"https:\/\/phoenix-ngo.sk\/?p=4349"},"modified":"2024-05-06T21:53:06","modified_gmt":"2024-05-06T20:53:06","slug":"rajczi-adrienn-az-vagy-amit-olvasol-inspiracio-anne-es-serge-golon-angelique-cimu-tortenelmi-konyvsorozatabol","status":"publish","type":"post","link":"https:\/\/phoenix-ngo.sk\/magazin\/blog\/2024\/05\/07\/rajczi-adrienn-az-vagy-amit-olvasol-inspiracio-anne-es-serge-golon-angelique-cimu-tortenelmi-konyvsorozatabol\/","title":{"rendered":"Rajczi Adrienn: Az vagy, amit olvasol \u2013 Inspir\u00e1ci\u00f3 Anne \u00e9s Serge Golon: Ang\u00e8lique c\u00edm\u0171 t\u00f6rt\u00e9nelmi k\u00f6nyvsorozat\u00e1b\u00f3l"},"content":{"rendered":"<p>Kicsit fesz\u00fcl, kicsit neh\u00e9z, kicsit sok. Lehetne ez egy pszichol\u00f3giai l\u00e1tlelet is r\u00f3lam, de nem az. Reggel felkeltem, \u00e9s furcsa \u00e9rz\u00e9s ker\u00edtett hatalm\u00e1ba. Menni. Mindegy hova, csak elindulni vil\u00e1gg\u00e1, el innen, el, messzire, \u00e9s keresni a valamit.<\/p>\n<p>Amikor hossz\u00fa id\u0151 eltelt\u00e9vel sem tudok kimozdulni, \u00e9s m\u00e1r t\u00edz h\u00f3napja egy helyben lap\u00edtok, v\u00e1llalva ennek minden k\u00f6vetkezm\u00e9ny\u00e9t, n\u00e9ha f\u00e9lve Isten fel\u00e9 kacsintok. Term\u00e9szetesen nem a nagyszak\u00e1ll\u00fa, Mikul\u00e1sra hasonl\u00edt\u00f3 \u00f6regemberre, akit siker\u00fclt el\u00e9gg\u00e9 megut\u00e1ltatni velem gyerekkoromban a k\u00f6telez\u0151 templomba j\u00e1r\u00e1sokkal, a fejkend\u0151s n\u0151k libab\u0151r\u00f6s k\u00e1nt\u00e1l\u00e1sainak \u00e9s a pap agressz\u00edv kit\u00f6r\u00e9seinek k\u00f6sz\u00f6nhet\u0151en. Hanem a mindent \u00f6sszefoglal\u00f3 egys\u00e9g energi\u00e1ja fel\u00e9, hogy mindent \u00f6sszevetve adjon valamif\u00e9le magyar\u00e1zatot erre a kusza vil\u00e1gra, \u00e9s ebben a kusza vil\u00e1gban az \u00e9n szerepemre.<\/p>\n<p>Mi ez a mehetn\u00e9k? Mi ez a v\u00e9gtelen utaz\u00e1si v\u00e1gy? Mi lobogtatja bennem k\u00f6z\u00e9pkori, Lajos korabeli \u00e9letfiloz\u00f3fi\u00e1mat a szembej\u00f6v\u0151 \u00e9lethelyzetekben? Lobogni, sz\u00e1rnyalni, olvasni, zen\u00e9lni, t\u00e1ncolni kellene, a kast\u00e9ly parkj\u00e1ban kiter\u00edtett pokr\u00f3con \u00fclve lovagl\u00f3\u00fcl\u00e9sben, hallgatva a leg\u00fajabb pletyk\u00e1kat, v\u00e1rva a szerelmet, f\u00fajva a szelet. Valahol a francia kast\u00e9lyd\u00f6mping kell\u0151s k\u00f6zep\u00e9n, a Loire ment\u00e9n vagy Montpellier k\u00f6rnyez\u0151 vid\u00e9ki t\u00e1jain.<\/p>\n<p>Egy p\u00e1va fut el el\u0151ttem risz\u00e1lva usz\u00e1j\u00e1t maga m\u00f6g\u00f6tt. Azt\u00e1n hallom a haj\u00f3k\u00fcrt\u00f6t valahol messze, t\u00e1volban. Fesz\u00edt, neh\u00e9z \u00e9s sok. A ruha, ami minden \u00e9lethelyzetemben a kifejez\u0151d\u00e9sem eszk\u00f6ze, most t\u00faltolta mag\u00e1t. Nem a gardr\u00f3bom ruhat\u00e1r\u00e1b\u00f3l lettem hirtelen 17. sz\u00e1zadi n\u0151, nem a fodr\u00e1szom kre\u00e1lt loknis tincseket a fejemre, \u00e9s any\u00e1m udvar\u00e1n nincs ilyen t\u00f6k\u00e9letes z\u00f6ld p\u00e1zsit.<\/p>\n<p>\u2212 Angelique! Angelique! Megj\u00f6tt Peyrac \u00far! Asszonyom a szalonban k\u00edv\u00e1nja fogadni?<\/p>\n<p>A szart a szalonban! A h\u00e1l\u00f3szob\u00e1mban! Ennyi \u00e9v szextelens\u00e9g ut\u00e1n egy falatot se hagyok ki.<\/p>\n<p>Rohanok v\u00e9gig a kerten, az udvaron, a parkon, be a kast\u00e9lyba, \u00e1t a fogad\u00f3n, fel a l\u00e9pcs\u0151n. Ajt\u00f3 kinyit, kiv\u00e1g\u00f3dik, bereped, ablak kit\u00e1r, lelkem felsikolt, gyors \u00e1t\u00f6lt\u00f6z\u00e9s, visszavetk\u0151z\u00e9s, ajt\u00f3 becsap, l\u00e9pcs\u0151 szalad a l\u00e1bam alatt, \u00e1t a fogad\u00f3n, ki a kast\u00e9lyb\u00f3l, a f\u0151bej\u00e1raton, istenem, rem\u00e9lem j\u00f3 pasit kaptam el\u2026<\/p>\n<p>\u2212 Joffrey! \u00c9des Istenem! H\u00e1t \u00e9lsz? H\u00e1t l\u00e9tezel? H\u00e1nyszor elk\u00e9pzeltem ezt a pillanatot! H\u00e1nyszor \u00e1lmodtam magam a karjaidba! H\u00e1nyszor v\u00e1gytam az \u00e9rint\u00e9sedet! T\u00e9nyleg te vagy? T\u00e9nyleg itt vagy?<\/p>\n<p>\u00c9s szor\u00edtom, \u00e9s nem eresztem, \u00e9s kapaszkodok bel\u00e9, \u00e9s m\u00e1r nem \u00e9rdekel hogy \u0151-e az, hogy val\u00f3s\u00e1gos-e, vagy \u00e9ber \u00e1lom.<\/p>\n<p>Amikor a maszk leker\u00fcl, felker\u00fcl a v\u00e1gyott \u00e9let \u00e1lma. F\u00e9lek a szavakt\u00f3l. A beteljesed\u00e9s minden le\u00edrt mondat m\u00f6g\u00f6tt ott van. A v\u00e1gyott \u00e9letet a f\u00e9lelem kisaj\u00e1t\u00edtja, \u00e9s feltup\u00edrozva marja lelk\u00fcnkben a meghasonult \u00e9letet.<\/p>\n<p>De ez most valami m\u00e1s. Angelique lettem a val\u00f3s\u00e1gban. Tagad\u00e1som a val\u00f3s\u00e1gom. Nem, nem vagyok \u0151r\u00fclt. Ennek fizikai magyar\u00e1zata van. A barokk ruha fesz\u00edti fels\u0151testem, szabadon hagyva azt, ami ki akar buggyanni. F\u00f6ldig \u00e9r\u0151 szokny\u00e1val letakart l\u00e1baim visznek a vil\u00e1gba. A 21. sz\u00e1zadban keresem Joffreymat. Akib\u0151l persze csak egy van \u00e9s egyetlen.<\/p>\n<p>A 21. sz\u00e1zadomban k\u00f6tetenk\u00e9nt faltam fel egy-egy Joffreyt. \u00c9s a tizenn\u00e9gy k\u00f6tetb\u0151l amikor ezt \u00edrom, m\u00e9g csak a hetedik k\u00f6nyvn\u00e9l tartok!<\/p>\n","protected":false},"excerpt":{"rendered":"<p>Kicsit fesz\u00fcl, kicsit neh\u00e9z, kicsit sok. Lehetne ez egy pszichol\u00f3giai l\u00e1tlelet is r\u00f3lam, de nem az. Reggel felkeltem, \u00e9s furcsa \u00e9rz\u00e9s ker\u00edtett hatalm\u00e1ba. Menni. Mindegy hova, csak elindulni vil\u00e1gg\u00e1, el innen, el, messzire, \u00e9s keresni a valamit. Amikor hossz\u00fa id\u0151 eltelt\u00e9vel sem tudok kimozdulni, \u00e9s m\u00e1r t\u00edz h\u00f3napja egy helyben lap\u00edtok, v\u00e1llalva ennek minden k\u00f6vetkezm\u00e9ny\u00e9t, [&hellip;]<\/p>\n","protected":false},"author":11,"featured_media":4350,"comment_status":"closed","ping_status":"closed","sticky":false,"template":"","format":"standard","meta":{"footnotes":""},"categories":[43],"tags":[46,85],"class_list":["post-4349","post","type-post","status-publish","format-standard","has-post-thumbnail","hentry","category-irodalom","tag-irodalom","tag-olvasas"],"_links":{"self":[{"href":"https:\/\/phoenix-ngo.sk\/magazin\/wp-json\/wp\/v2\/posts\/4349","targetHints":{"allow":["GET"]}}],"collection":[{"href":"https:\/\/phoenix-ngo.sk\/magazin\/wp-json\/wp\/v2\/posts"}],"about":[{"href":"https:\/\/phoenix-ngo.sk\/magazin\/wp-json\/wp\/v2\/types\/post"}],"author":[{"embeddable":true,"href":"https:\/\/phoenix-ngo.sk\/magazin\/wp-json\/wp\/v2\/users\/11"}],"replies":[{"embeddable":true,"href":"https:\/\/phoenix-ngo.sk\/magazin\/wp-json\/wp\/v2\/comments?post=4349"}],"version-history":[{"count":1,"href":"https:\/\/phoenix-ngo.sk\/magazin\/wp-json\/wp\/v2\/posts\/4349\/revisions"}],"predecessor-version":[{"id":4351,"href":"https:\/\/phoenix-ngo.sk\/magazin\/wp-json\/wp\/v2\/posts\/4349\/revisions\/4351"}],"wp:featuredmedia":[{"embeddable":true,"href":"https:\/\/phoenix-ngo.sk\/magazin\/wp-json\/wp\/v2\/media\/4350"}],"wp:attachment":[{"href":"https:\/\/phoenix-ngo.sk\/magazin\/wp-json\/wp\/v2\/media?parent=4349"}],"wp:term":[{"taxonomy":"category","embeddable":true,"href":"https:\/\/phoenix-ngo.sk\/magazin\/wp-json\/wp\/v2\/categories?post=4349"},{"taxonomy":"post_tag","embeddable":true,"href":"https:\/\/phoenix-ngo.sk\/magazin\/wp-json\/wp\/v2\/tags?post=4349"}],"curies":[{"name":"wp","href":"https:\/\/api.w.org\/{rel}","templated":true}]}}