{"id":4354,"date":"2024-05-25T20:00:51","date_gmt":"2024-05-25T19:00:51","guid":{"rendered":"https:\/\/phoenix-ngo.sk\/?p=4354"},"modified":"2024-05-25T21:56:36","modified_gmt":"2024-05-25T20:56:36","slug":"jottem-lattam-visszamegyek-interju-toth-rekaval","status":"publish","type":"post","link":"https:\/\/phoenix-ngo.sk\/magazin\/blog\/2024\/05\/25\/jottem-lattam-visszamegyek-interju-toth-rekaval\/","title":{"rendered":"J\u00f6ttem, l\u00e1ttam, visszamegyek! \u2013 interj\u00fa T\u00f3th R\u00e9k\u00e1val"},"content":{"rendered":"<p><em>A kultur\u00e1lis fejl\u0151d\u00e9s \u00e9s soksz\u00edn\u0171s\u00e9g napja alkalm\u00e1b\u00f3l T\u00f3th R\u00e9k\u00e1t kerestem fel, aki utaz\u00e1sszervez\u00e9ssel, k\u00f6zvet\u00edt\u00e9ssel \u00e9s idegenvezet\u00e9ssel foglalkozik. A huszonhat \u00e9ves, ambici\u00f3zus \u00e9s inspir\u00e1l\u00f3 kalandorral a v\u00e1llalkoz\u00e1salap\u00edt\u00e1s kih\u00edv\u00e1sair\u00f3l, az utaz\u00e1s adta p\u00f3tolhatatlan \u00e9lm\u00e9ny- \u00e9s tapasztalatszerz\u00e9sr\u0151l, valamint a kult\u00far\u00e1k k\u00f6zti kapcsolatokr\u00f3l besz\u00e9lgett\u00fcnk.<\/em><\/p>\n<p>&nbsp;<\/p>\n<p><strong>Mikor d\u00f6nt\u00f6tted el, hogy az utaz\u00e1s szerves r\u00e9sze lesz az \u00e9letednek? Minek hat\u00e1s\u00e1ra szerett\u00e9l bele ebbe a tev\u00e9kenys\u00e9gbe?<\/strong><\/p>\n<p>Igaz\u00e1b\u00f3l m\u00e1r nagyon r\u00e9gen vil\u00e1goss\u00e1 v\u00e1lt sz\u00e1momra, hogy valamilyen m\u00f3don a turizmussal szeretn\u00e9k foglalkozni. Ehhez val\u00f3sz\u00edn\u0171 hozz\u00e1j\u00e1rult az is, hogy a csal\u00e1dom nagy r\u00e9sze ebben az \u00e1gazatban tev\u00e9kenykedett \u00e9s tev\u00e9kenykedik a mai napig. Ezenfel\u00fcl mindig is vonzott \u00e9s \u00e9rdekelt m\u00e1s orsz\u00e1gok \u00e9s kult\u00far\u00e1k megismer\u00e9se. Ebb\u0151l kifoly\u00f3lag k\u00f6z\u00e9piskolai \u00e9s f\u0151iskolai tanulm\u00e1nyaimat is az idegenforgalmi \u00e1gazatban v\u00e9geztem, teh\u00e1t szerintem kijelenthetj\u00fck, hogy az \u00e9n esetemben ez el\u00e9g kor\u00e1n eld\u0151lt. Nagyon szeretem, amikor egyes kir\u00e1ndul\u00e1sok alkalm\u00e1val \u00faj ismerets\u00e9gekkel, tud\u00e1ssal \u00e9s \u00e9lm\u00e9nyekkel t\u00e9r\u00fcnk haza. Ezekre a k\u00e9s\u0151bbiekben is nagyon j\u00f3 visszaeml\u00e9kezni. Eddig \u00f6sszesen 14 orsz\u00e1gban j\u00e1rtam, nagy r\u00e9sz\u00fck Eur\u00f3p\u00e1ban tal\u00e1lhat\u00f3.<\/p>\n<p>&nbsp;<\/p>\n<p><img fetchpriority=\"high\" decoding=\"async\" class=\" wp-image-4358 aligncenter\" src=\"https:\/\/phoenix-ngo.sk\/magazin\/wp-content\/uploads\/2024\/05\/Reka-1_-scaled-e1716670350720-216x300.jpg\" alt=\"\" width=\"516\" height=\"716\" srcset=\"https:\/\/phoenix-ngo.sk\/magazin\/wp-content\/uploads\/2024\/05\/Reka-1_-scaled-e1716670350720-216x300.jpg 216w, https:\/\/phoenix-ngo.sk\/magazin\/wp-content\/uploads\/2024\/05\/Reka-1_-scaled-e1716670350720-237x330.jpg 237w, https:\/\/phoenix-ngo.sk\/magazin\/wp-content\/uploads\/2024\/05\/Reka-1_-scaled-e1716670350720-129x180.jpg 129w\" sizes=\"(max-width: 516px) 100vw, 516px\" \/><\/p>\n<p>&nbsp;<\/p>\n<p><strong>Milyen c\u00e9llal alap\u00edtott\u00e1l saj\u00e1t v\u00e1llalkoz\u00e1st? Alapvet\u0151en is utaz\u00e1si irod\u00e1t szerett\u00e9l volna, vagy voltak m\u00e1s \u00f6tleteid is?<\/strong><\/p>\n<p>F\u0151 c\u00e9lom az utaz\u00e1si iroda megalap\u00edt\u00e1s\u00e1n\u00e1l az volt, hogy szerettem volna valamit, ami az eny\u00e9m, ahol \u00e9n ir\u00e1ny\u00edtom a dolgokat. Ez tal\u00e1n a szem\u00e9lyis\u00e9gemb\u0151l kifoly\u00f3lag is ad\u00f3dott. Biztos volt, hogy a v\u00e1llalkoz\u00e1som majd egyszer egy utaz\u00e1si iroda lesz azon a k\u00f6rny\u00e9ken, ahol \u00e9n is \u00e9lek. A sok belefektetett munka \u00e9s az \u00e9let szerencs\u00e9re \u00fagy hozta, hogy az \u00e1lmom el\u00e9g hamar val\u00f3s\u00e1gg\u00e1 is v\u00e1lhatott, s ennek k\u00f6sz\u00f6nhet\u0151en 2023 janu\u00e1rj\u00e1ban ny\u00edlt ki az irod\u00e1m ajtaja. \u00d6tleteim az\u00f3ta is vannak, mik\u00e9nt tudn\u00e9k m\u00e9g jobban fejl\u0151dni, hogy a legjobbat tudjam ny\u00fajtani azoknak az embereknek, akik megtisztelnek, b\u00edznak bennem, engem v\u00e1lasztanak az utaz\u00e1suk megszervez\u00e9s\u00e9hez. Ezenfel\u00fcl szerettem volna b\u0151v\u00edteni \u00e9s sz\u00ednes\u00edteni a szolg\u00e1ltat\u00e1saimat, \u00edgy a sikeres idegenvezet\u0151i vizsga let\u00e9tele \u00f3ta idegenvezet\u0151k\u00e9nt is m\u0171k\u00f6d\u00f6k Magyarorsz\u00e1gon \u00e9s Szlov\u00e1ki\u00e1ban is.<\/p>\n<p>&nbsp;<\/p>\n<p><strong>Melyek a legnagyobb pr\u00f3bat\u00e9telek egy utaz\u00e1si iroda megalap\u00edt\u00e1s\u00e1n\u00e1l? F\u0151leg \u00fagy, hogy ezt kezd\u0151k\u00e9nt, k\u00f6zvetlen az egyetemi tanulm\u00e1nyaid befejezt\u00e9vel l\u00e9pted meg.<\/strong><\/p>\n<p>A legnagyobb h\u00e1tr\u00e1ny egy\u00e9rtelm\u0171en a tapasztalathi\u00e1ny volt. \u00dagy gondolom, az elm\u00e9leti ismereteim megfelel\u0151ek voltak, hiszen erre az oktat\u00e1si int\u00e9zm\u00e9nyek felk\u00e9sz\u00edtettek, viszont a gyakorlatban nem minden pontosan \u00fagy m\u0171k\u00f6dik, mint az elm\u00e9letben. Az el\u0151k\u00e9sz\u00fcletek sor\u00e1n t\u00f6bb kih\u00edv\u00e1ssal is szembe kellett n\u00e9znem, mint p\u00e9ld\u00e1ul az enged\u00e9lyek megszerz\u00e9se, a jogi forma kialak\u00edt\u00e1sa, az irodahelyis\u00e9g kiv\u00e1laszt\u00e1sa \u00e9s berendez\u00e9se, vagy az egyes utaz\u00e1si irod\u00e1k felkeres\u00e9se, amelyekkel egy\u00fctt szeretn\u00e9k dolgozni. Viszont a sok pr\u00f3bat\u00e9tel ellen\u00e9re is, szerencs\u00e9snek mondhatom magam, hogy egy olyan csal\u00e1di \u00e9s szakmai h\u00e1tteret, t\u00e1mogat\u00e1st kaptam, amellyel mindig egyszer\u0171bben boldogultam a mindennapi feladatok ell\u00e1t\u00e1s\u00e1n\u00e1l.<\/p>\n<p>&nbsp;<\/p>\n<p><strong>Hogyan tudod az iroda k\u00edn\u00e1lat\u00e1t \u00fajabb \u00e9s \u00fajabb desztin\u00e1ci\u00f3kkal tark\u00edtani, milyen folyamatok el\u0151zik meg a kib\u0151v\u00edt\u00e9st?<\/strong><\/p>\n<p>A k\u00edn\u00e1latkialak\u00edt\u00e1shoz hozz\u00e1tartozik az is, hogy olyan utaz\u00e1si irod\u00e1kkal dolgozzak egy\u00fctt, amelyek munk\u00e1ss\u00e1g\u00e1val tudok azonosulni, teh\u00e1t l\u00e9nyeg\u00e9ben a piackutat\u00e1s az egyik legmeghat\u00e1roz\u00f3bb r\u00e9sze a szervez\u00e9snek. \u00dagy gondolom, hogy az utaz\u00e1s alapvet\u0151en egy individu\u00e1lis sz\u00fcks\u00e9glet, melyet mindenki szeretne a saj\u00e1t \u00edzl\u00e9s\u00e9re \u00e9s ig\u00e9nyeire form\u00e1lni. Igyekszem mindig b\u0151v\u00edteni \u00e9s sz\u00ednes\u00edteni a palett\u00e1t, hogy b\u00e1rkinek tudjak seg\u00edteni abban, hogy val\u00f3ban \u00e1lmai utaz\u00e1s\u00e1t k\u00e9sz\u00edts\u00fck el\u0151. Ezenfel\u00fcl, ami m\u00e9g hozz\u00e1tartozik a k\u00edn\u00e1lat b\u0151v\u00edt\u00e9s\u00e9hez, az az egyes desztin\u00e1ci\u00f3k megl\u00e1togat\u00e1sa \u00e9s felt\u00e9rk\u00e9pez\u00e9se k\u00fcl\u00f6nb\u00f6z\u0151 tanulm\u00e1nyi utak keretein bel\u00fcl. Ezek tapasztalatgy\u0171jt\u00e9s szempontj\u00e1b\u00f3l is l\u00e9nyegesek. Sz\u00e1momra m\u00e9rvad\u00f3, hogy mindig olyat tudjak k\u00edn\u00e1lni, amivel a klienseim el\u00e9gedettek lesznek, ez\u00e9rt arra t\u00f6rekszem, hogy min\u00e9l jobban megismerjem az adott desztin\u00e1ci\u00f3kat. Ebben a szakm\u00e1ban n\u00e9lk\u00fcl\u00f6zhetetlen a kapcsolatok kialak\u00edt\u00e1sa mind az irod\u00e1kkal, amelyek utaz\u00e1si csomagjait k\u00f6zvet\u00edtem, mind a kliensekkel. Viszont ez nem el\u00e9g, hiszen ezeket a kapcsolatokat meg is kell tartani. Erre nagyon odafigyelek, ak\u00e1rcsak valami apr\u00f3s\u00e1ggal is, hogy az utasaim fontosnak \u00e9rezz\u00e9k magukat.<\/p>\n<p>&nbsp;<\/p>\n<p><strong>Melyik volt az a hely, ahol igaz\u00e1n megtapasztaltad a kultur\u00e1lis soksz\u00edn\u0171s\u00e9g pozit\u00edv p\u00e9ld\u00e1j\u00e1t? Ahol t\u00e9nylegesen k\u00e9pesek az emberek tisztelni egym\u00e1s szok\u00e1sait \u00e9s \u00f6r\u00f6ks\u00e9g\u00e9t an\u00e9lk\u00fcl, hogy elvesz\u00edts\u00e9k saj\u00e1tjukat.<\/strong><\/p>\n<p>\u00dagy hiszem, b\u00e1rhov\u00e1 is utazunk a vil\u00e1gban, mindig nek\u00fcnk, utasoknak, akik egy \u00faj helyre \u00e9rkez\u00fcnk, kell alkalmazkodni az \u00faj k\u00f6rnyezethez. R\u00e9szes\u00e9v\u00e9 v\u00e1lni az ottani \u00e9letnek, meg\u00e9lni a lehet\u0151s\u00e9geket \u00e9s elfogadni azt, hogy m\u00e1s helyeken lehet m\u00e1shogy \u00e9lnek, m\u00e1s szok\u00e1sokat tartanak. Sz\u00e1momra Rom\u00e1nia, azon bel\u00fcl Erd\u00e9ly volt az, ahol legink\u00e1bb ezt tapasztalhattam. T\u00f6bb alkalommal is bej\u00e1rhattam ezt a gy\u00f6ny\u00f6r\u0171 vid\u00e9ket, \u00e9s itt teljes m\u00e9rt\u00e9kben \u00e9rezhet\u0151 volt a kultur\u00e1lis soksz\u00edn\u0171s\u00e9g, az elfogad\u00e1s, a vend\u00e9gszeretet, a saj\u00e1t szok\u00e1sok bemutat\u00e1sa \u00e9s egym\u00e1s szok\u00e1sainak tisztelete.<\/p>\n<p>&nbsp;<\/p>\n<p><img decoding=\"async\" class=\"wp-image-4359 aligncenter\" src=\"https:\/\/phoenix-ngo.sk\/magazin\/wp-content\/uploads\/2024\/05\/Reka-3-scaled-e1716670439608-224x300.jpg\" alt=\"\" width=\"592\" height=\"793\" srcset=\"https:\/\/phoenix-ngo.sk\/magazin\/wp-content\/uploads\/2024\/05\/Reka-3-scaled-e1716670439608-224x300.jpg 224w, https:\/\/phoenix-ngo.sk\/magazin\/wp-content\/uploads\/2024\/05\/Reka-3-scaled-e1716670439608-768x1030.jpg 768w, https:\/\/phoenix-ngo.sk\/magazin\/wp-content\/uploads\/2024\/05\/Reka-3-scaled-e1716670439608-1145x1536.jpg 1145w, https:\/\/phoenix-ngo.sk\/magazin\/wp-content\/uploads\/2024\/05\/Reka-3-scaled-e1716670439608-1527x2048.jpg 1527w, https:\/\/phoenix-ngo.sk\/magazin\/wp-content\/uploads\/2024\/05\/Reka-3-scaled-e1716670439608-246x330.jpg 246w, https:\/\/phoenix-ngo.sk\/magazin\/wp-content\/uploads\/2024\/05\/Reka-3-scaled-e1716670439608-134x180.jpg 134w, https:\/\/phoenix-ngo.sk\/magazin\/wp-content\/uploads\/2024\/05\/Reka-3-scaled-e1716670439608.jpg 1851w\" sizes=\"(max-width: 592px) 100vw, 592px\" \/><\/p>\n<p>&nbsp;<\/p>\n<p><strong>Hogyan \u00e9s minek seg\u00edts\u00e9g\u00e9vel tudnak egyes orsz\u00e1gok ebben a tekintetben fejl\u0151dni? Mi sz\u00fcks\u00e9ges ahhoz, hogy a kult\u00far\u00e1k egyedis\u00e9g\u00e9re \u00e9s k\u00fcl\u00f6nlegess\u00e9g\u00e9re ne \u00f6sszef\u00e9rhetetlens\u00e9gk\u00e9nt tekints\u00fcnk?<\/strong><\/p>\n<p>V\u00e9lem\u00e9nyem szerint nagyon fontos az elfogad\u00e1s. A turizmus alapvet\u0151en egy nagyon sz\u00ednes \u00e1gazat, amely folyamatosan fejl\u0151dik, valamint \u00fajabb \u00e9s \u00fajabb \u00e1gazatok alakulnak ki bel\u0151le. Sz\u00e1momra nagyon fontos az, ha valahova elutazok, ak\u00e1r egy napra, ak\u00e1r egy h\u00e9tre, hogy onnan \u00e9lm\u00e9nyekkel, tud\u00e1ssal t\u00e9rjek haza. Ez az utaz\u00e1s egyik f\u0151 c\u00e9lja, a megismer\u00e9s, ebb\u0151l \u00e9rtet\u0151d\u0151en sz\u00e1momra egy\u00e9rtelm\u0171, hogy elfogadjuk \u00e9s tisztelj\u00fck m\u00e1sok kult\u00far\u00e1j\u00e1t.<\/p>\n<p>&nbsp;<\/p>\n<p><strong>A turizmus mennyire j\u00e1rul hozz\u00e1 az \u00e1tj\u00e1rhat\u00f3s\u00e1g, a megismer\u00e9s \u00e9s a tapasztal\u00e1s ut\u00e1ni v\u00e1gy megval\u00f3s\u00edt\u00e1s\u00e1hoz, melyb\u0151l k\u00e9s\u0151bb \u00e9rdekl\u0151d\u00e9s \u00e9s szeretet is kialakulhat?<\/strong><\/p>\n<p>\u00dagy gondolom, hogy a turizmus nagy m\u00e9rt\u00e9kben hozz\u00e1j\u00e1rul ehhez. Volt szerencs\u00e9m tal\u00e1lkozni egy id\u0151sebb b\u00e1csival, aki nagyon sokat utazott \u00e9lete sor\u00e1n, s utazik a mai napig is. \u0150 mindig hatalmas boldogs\u00e1ggal mes\u00e9li a legut\u00f3bbi \u00e9lm\u00e9nyeit. Teh\u00e1t igen, ebb\u0151l a v\u00e1gyb\u00f3l id\u0151vel egy\u00e9rtelm\u0171en kialakulhat az utaz\u00e1s ir\u00e1nti csillap\u00edthatatlan szomj\u00fas\u00e1g.<\/p>\n<p>&nbsp;<\/p>\n<p><strong>Mi hat a legnegat\u00edvabban az utaz\u00e1sra \u00e9s az emberek k\u00edv\u00e1ncsis\u00e1g\u00e1ra? Milyen agg\u00e1lyokkal, illetve el\u0151\u00edt\u00e9letekkel tal\u00e1lkozt\u00e1l m\u00e1r a munk\u00e1d sor\u00e1n? F\u00e9l\u00e9nk a tipikus szlov\u00e1kiai utaz\u00f3?<\/strong><\/p>\n<p>Az \u00e1rak, s azok folyamatos emelked\u00e9se az, ami a legink\u00e1bb negat\u00edvan hat az utaz\u00f3kra. Az el\u0151\u00edt\u00e9letek, illetve az emberek hozz\u00e1\u00e1ll\u00e1sa nagyon szem\u00e9lyf\u00fcgg\u0151. Egyeseknek nagyon gyorsan megy az utaz\u00e1s kiv\u00e1laszt\u00e1sa, viszont volt m\u00e1r r\u00e9szem olyanban is, amikor ez ak\u00e1r h\u00f3napokig is eltartott. R\u00e9szemr\u0151l ez teljesen \u00e9rthet\u0151. Ha valaki \u00fagy \u00e9rkezik, hogy konkr\u00e9t elk\u00e9pzel\u00e9sei vannak, akkor a v\u00e1laszt\u00e1s egyszer\u0171bben \u00e9s gyorsabban megy, viszont, ha valaki t\u00f6bb desztin\u00e1ci\u00f3 k\u00f6z\u00f6tt vacill\u00e1l, vagy m\u00e9g nem rajzol\u00f3dott ki el\u0151tte a t\u00f6k\u00e9letes utaz\u00e1s, akkor ez kicsit t\u00f6bb id\u0151t vesz ig\u00e9nybe. A legnagyobb el\u0151\u00edt\u00e9letek \u00e1ltal\u00e1ban az afrikai orsz\u00e1gokba vagy a balk\u00e1ni orsz\u00e1gokba val\u00f3 utaz\u00e1skor mer\u00fclnek fel.<\/p>\n<p>&nbsp;<\/p>\n<p><strong>Az utaz\u00e1si irod\u00e1val kapcsolatban mire vagy kire vagy a legb\u00fcszk\u00e9bb?<\/strong><\/p>\n<p>Szerencs\u00e9re nagyon sok pozit\u00edv visszajelz\u00e9st kapok, amelyek folyamatosan meger\u0151s\u00edtenek abban, hogy j\u00f3l csin\u00e1lom azt, amit csin\u00e1lok, \u00e9s a befektetett munka meghozza gy\u00fcm\u00f6lcs\u00e9t. Tudom, hogy m\u00e9g hossz\u00fa \u00fat \u00e1ll el\u0151ttem, \u00e9s ez a szakma egy eg\u00e9sz \u00e9leten \u00e1t tart\u00f3 tanul\u00e1s, de ha szabad ezt \u00edgy mondanom, akkor tal\u00e1n a kitart\u00e1somra vagyok a legb\u00fcszk\u00e9bb, \u00e9s nagyon h\u00e1l\u00e1s vagyok azoknak, akik engem v\u00e1lasztanak.<\/p>\n<p>&nbsp;<\/p>\n<p><strong>Utols\u00f3k\u00e9nt pedig egy klasszikus, de mindig izgalmas k\u00e9rd\u00e9s. Melyik az az orsz\u00e1g, ahov\u00e1 ak\u00e1rh\u00e1nyszor k\u00e9pes lenn\u00e9l visszat\u00e9rni, amelyet mindig, minden k\u00f6r\u00fclm\u00e9nyek k\u00f6z\u00f6tt aj\u00e1nlani tudsz?<\/strong><\/p>\n<p>Most tal\u00e1n a legfrissebb tapasztalataimb\u00f3l ad\u00f3d\u00f3an mondan\u00e1m T\u00f6r\u00f6korsz\u00e1got. Nemr\u00e9g itt t\u00f6lthettem el egy hetet egy tanulm\u00e1nyi \u00fat keretein bel\u00fcl. \u00dagy gondolom, nagyon sok inform\u00e1ci\u00f3t kaptam az orsz\u00e1gr\u00f3l, az ott \u00e9l\u0151 lakosokr\u00f3l, a kult\u00far\u00e1r\u00f3l \u00e9s a l\u00e1tnival\u00f3kr\u00f3l. Az itt elt\u00f6lt\u00f6tt vak\u00e1ci\u00f3 sz\u00e1mos el\u0151nnyel rendelkezik. Els\u0151k k\u00f6z\u00f6tt eml\u00edten\u00e9m, hogy nagyon k\u00f6nnyen \u00e9s gyorsan megk\u00f6zel\u00edthet\u0151, ak\u00e1r Pozsonyb\u00f3l, Budapestr\u0151l vagy B\u00e9csb\u0151l szeretn\u00e9nk rep\u00fclni. Ha szlov\u00e1kiai viszonylatban n\u00e9zz\u00fck, akkor az orsz\u00e1g \u00f6sszes repter\u00e9r\u0151l indulnak j\u00e1ratok, ak\u00e1r heti t\u00f6bb alkalommal is. T\u00f6r\u00f6korsz\u00e1g az \u00e1r-\u00e9rt\u00e9k ar\u00e1ny tekintet\u00e9ben m\u00e9g mindig nagyon magas helyen szerepel, ugyanis az ell\u00e1t\u00e1s, a sz\u00e1llod\u00e1k \u00e9s a szolg\u00e1ltat\u00e1sok min\u0151s\u00e9ge rendk\u00edv\u00fcli. Az itt \u00e9l\u0151k nagyon vend\u00e9gszeret\u0151ek, \u00e9s n\u00e1luk mindig, minden k\u00f6r\u00fclm\u00e9nyek k\u00f6z\u00f6tt az utaz\u00f3 az els\u0151. Ak\u00e1r csal\u00e1ddal, p\u00e1rral, bar\u00e1ti t\u00e1rsas\u00e1ggal kir\u00e1ndulunk, biztosan meg tudjuk tal\u00e1lni a sz\u00e1munkra t\u00f6k\u00e9letes helysz\u00ednt. Sz\u00edvb\u0151l aj\u00e1nlom mindenkinek, hogy legal\u00e1bb egyszer pr\u00f3b\u00e1lja ki.<\/p>\n","protected":false},"excerpt":{"rendered":"<p>A kultur\u00e1lis fejl\u0151d\u00e9s \u00e9s soksz\u00edn\u0171s\u00e9g napja alkalm\u00e1b\u00f3l T\u00f3th R\u00e9k\u00e1t kerestem fel, aki utaz\u00e1sszervez\u00e9ssel, k\u00f6zvet\u00edt\u00e9ssel \u00e9s idegenvezet\u00e9ssel foglalkozik. A huszonhat \u00e9ves, ambici\u00f3zus \u00e9s inspir\u00e1l\u00f3 kalandorral a v\u00e1llalkoz\u00e1salap\u00edt\u00e1s kih\u00edv\u00e1sair\u00f3l, az utaz\u00e1s adta p\u00f3tolhatatlan \u00e9lm\u00e9ny- \u00e9s tapasztalatszerz\u00e9sr\u0151l, valamint a kult\u00far\u00e1k k\u00f6zti kapcsolatokr\u00f3l besz\u00e9lgett\u00fcnk. &nbsp; Mikor d\u00f6nt\u00f6tted el, hogy az utaz\u00e1s szerves r\u00e9sze lesz az \u00e9letednek? Minek hat\u00e1s\u00e1ra szerett\u00e9l [&hellip;]<\/p>\n","protected":false},"author":5,"featured_media":4361,"comment_status":"closed","ping_status":"closed","sticky":false,"template":"","format":"standard","meta":{"footnotes":""},"categories":[42],"tags":[61,77,87,86],"class_list":["post-4354","post","type-post","status-publish","format-standard","has-post-thumbnail","hentry","category-konnyed","tag-interju","tag-kultura","tag-sokszinuseg","tag-utazas"],"_links":{"self":[{"href":"https:\/\/phoenix-ngo.sk\/magazin\/wp-json\/wp\/v2\/posts\/4354","targetHints":{"allow":["GET"]}}],"collection":[{"href":"https:\/\/phoenix-ngo.sk\/magazin\/wp-json\/wp\/v2\/posts"}],"about":[{"href":"https:\/\/phoenix-ngo.sk\/magazin\/wp-json\/wp\/v2\/types\/post"}],"author":[{"embeddable":true,"href":"https:\/\/phoenix-ngo.sk\/magazin\/wp-json\/wp\/v2\/users\/5"}],"replies":[{"embeddable":true,"href":"https:\/\/phoenix-ngo.sk\/magazin\/wp-json\/wp\/v2\/comments?post=4354"}],"version-history":[{"count":1,"href":"https:\/\/phoenix-ngo.sk\/magazin\/wp-json\/wp\/v2\/posts\/4354\/revisions"}],"predecessor-version":[{"id":4362,"href":"https:\/\/phoenix-ngo.sk\/magazin\/wp-json\/wp\/v2\/posts\/4354\/revisions\/4362"}],"wp:featuredmedia":[{"embeddable":true,"href":"https:\/\/phoenix-ngo.sk\/magazin\/wp-json\/wp\/v2\/media\/4361"}],"wp:attachment":[{"href":"https:\/\/phoenix-ngo.sk\/magazin\/wp-json\/wp\/v2\/media?parent=4354"}],"wp:term":[{"taxonomy":"category","embeddable":true,"href":"https:\/\/phoenix-ngo.sk\/magazin\/wp-json\/wp\/v2\/categories?post=4354"},{"taxonomy":"post_tag","embeddable":true,"href":"https:\/\/phoenix-ngo.sk\/magazin\/wp-json\/wp\/v2\/tags?post=4354"}],"curies":[{"name":"wp","href":"https:\/\/api.w.org\/{rel}","templated":true}]}}